{"id":2986,"date":"2025-07-08T18:33:22","date_gmt":"2025-07-08T16:33:22","guid":{"rendered":"https:\/\/online-filmkatarzis.com\/kucko\/hirek\/?p=2986"},"modified":"2025-07-08T18:33:22","modified_gmt":"2025-07-08T16:33:22","slug":"stohl-andras-felesege-kiborult-mikor-megtudta-o-lesz-a-nagy-o","status":"publish","type":"post","link":"https:\/\/online-filmkatarzis.com\/kucko\/hirek\/stohl-andras-felesege-kiborult-mikor-megtudta-o-lesz-a-nagy-o\/","title":{"rendered":"Stohl Andr\u00e1s feles\u00e9ge kiborult, mikor megtudta, \u0150 lesz a Nagy \u0150!"},"content":{"rendered":"<h3>Vica l\u00e1tv\u00e1nyosan elkezdte lez\u00e1rni a m\u00faltat: minden k\u00f6z\u00f6s fot\u00f3t elt\u00e1vol\u00edtott k\u00f6z\u00f6ss\u00e9gi fel\u00fcleteir\u0151l, ezzel is jelezve, hogy m\u00e1r nincs k\u00f6ze a h\u00e1zass\u00e1ghoz. Emellett az Instagram-profilj\u00e1n megv\u00e1ltoztatta a nev\u00e9t is: a kor\u00e1bbi \u201eStohl Vica\u201d helyett most a \u201eK_Vica\u201d n\u00e9ven szerepel, ami eredeti, K\u00f3csira utal\u00f3 vezet\u00e9knev\u00e9t id\u00e9zheti. Tal\u00e1n m\u00e1r nem is olyan messze van a v\u00e1l\u00e1s hivatalos v\u00e9gleges\u00edt\u00e9se.<br \/>\nA nyilv\u00e1nos k\u00f6zlem\u00e9ny ut\u00e1n Vica gyorsan reag\u00e1lt:<\/h3>\n<h3><span style=\"color: #ff0000;\"><strong>A h\u00edr nem \u00e9rt v\u00e9get! Folytat\u00e1shoz haszn\u00e1ld a K\u00d6VETKEZ\u0150 OLDAL gombot!<\/strong><\/span><\/h3>\n<h3 style=\"text-align: right;\"><a href=\"https:\/\/online-filmkatarzis.com\/kucko\/napiinfok\/?p=2999\" target=\"_blank\" rel=\"noopener\"><span style=\"color: #ff0000;\">&#8212;&gt;&gt; K\u00d6VETKEZ\u0150 OLDAL<\/span><\/a><\/h3>\n<p>&#8211;<\/p>\n<p>A Kia EV9 eset\u00e9ben a v\u00e1s\u00e1rl\u00f3k k\u00e9t teljesen elektromos hajt\u00e1sl\u00e1nc k\u00f6z\u00fcl v\u00e1laszthatnak, de mindkett\u0151 ugyanazt a 99,8 kWh-s akkumul\u00e1tort haszn\u00e1lja, amely t\u00e1mogatja a 210 kW-os vill\u00e1mt\u00f6lt\u00e9st. A k\u00fcl\u00f6nbs\u00e9g l\u00e9nyeg\u00e9ben abban rejlik, hogy egy vagy k\u00e9t villanymotor hajtja-e az aut\u00f3t \u2013 \u00e9s a teljes\u00edtm\u00e9nyk\u00fcl\u00f6nbs\u00e9g a k\u00e9t verzi\u00f3 k\u00f6z\u00f6tt hatalmas.<br \/>\nAz egymotoros v\u00e1ltozat 200 l\u00f3er\u0151t \u00e9s 350 Nm nyomat\u00e9kot k\u00edn\u00e1l, amivel 0\u2013100 km\/h-s gyorsul\u00e1sa 9,4 m\u00e1sodperc. Ez egyed\u00fcl utazva teljesen elfogadhat\u00f3, de \u00e9rezhet\u0151, hogy egy kis plusz er\u0151 m\u00e9g j\u00f3t tenne neki, hogy igaz\u00e1n k\u00f6nnyednek hasson a k\u00f6zleked\u00e9s. Ezzel szemben a k\u00e9tmotoros v\u00e1ltozat eg\u00e9szen m\u00e1s szintet k\u00e9pvisel: az els\u0151 tengelyre is ker\u00fcl egy motor, \u00edgy a teljes\u00edtm\u00e9ny 378 l\u00f3er\u0151re n\u0151, m\u00edg a nyomat\u00e9k megdupl\u00e1z\u00f3dik 700 Nm-re. Az eredm\u00e9ny: a 0\u2013100 km\/h-s sprint mind\u00f6ssze 5,3 m\u00e1sodperc alatt letudhat\u00f3.<br \/>\nA \u201enagy, k\u00e9nyelmes \u00e9s nyugodt\u201d szavak jutnak el\u0151sz\u00f6r esz\u00e9be az embernek az EV9 vezet\u00e9sekor \u2013 de meglep\u0151 m\u00f3don a fut\u00f3m\u0171 tud\u00e1sa \u00e9s a kifinomults\u00e1g szintje olyan magas, hogy sok pr\u00e9mium m\u00e1rk\u00e1nak is feladja a leck\u00e9t.<\/p>\n<p>Az EV9 \u00f6t fokozatban \u00e1ll\u00edthat\u00f3 f\u00e9kenergia-visszanyer\u0151 rendszerrel rendelkezik, az eg\u00e9szen szabadon gurul\u00f3 m\u00f3dt\u00f3l kezdve eg\u00e9szen az egyped\u00e1los vezet\u00e9sig. Ut\u00f3bbi eset\u00e9ben az aut\u00f3 teljes meg\u00e1ll\u00e1sra is k\u00e9pes an\u00e9lk\u00fcl, hogy a vezet\u0151 a f\u00e9kped\u00e1lhoz ny\u00falna.<br \/>\nM\u00e9g a tesztcsapaton bel\u00fcl is megoszlanak a v\u00e9lem\u00e9nyek, hogy ki melyik regenerat\u00edv fokozatot prefer\u00e1lja, de az t\u00e9ny, hogy a Kia lehet\u0151s\u00e9get ad a v\u00e1laszt\u00e1sra, \u00e9s hogy a korm\u00e1ny m\u00f6g\u00f6tti v\u00e1lt\u00f3f\u00fclekkel mindez egyszer\u0171en \u00e1ll\u00edthat\u00f3 \u2013 ez p\u00e9lda\u00e9rt\u00e9k\u0171, b\u00e1rcsak minden EV-gy\u00e1rt\u00f3 alkalmazn\u00e1 ugyanezt a megold\u00e1st.<br \/>\nA leger\u0151sebb EV9 a 378 l\u00f3er\u0151s k\u00e9tmotoros verzi\u00f3, amely 5,3 m\u00e1sodperc alatt gyorsul 100 km\/h-ra, v\u00e9gsebess\u00e9ge pedig 200 km\/h \u2013 mindezt \u00fagy, hogy t\u00f6mege meghaladja a 2,6 tonn\u00e1t. A 200 l\u00f3er\u0151s, h\u00e1ts\u00f3ker\u00e9k-meghajt\u00e1s\u00fa, egy motoros \u201eAir\u201d modell 9,4 m\u00e1sodperc alatt gyorsul 100 km\/h-ra, v\u00e9gsebess\u00e9ge 183 km\/h.<br \/>\nA k\u00e9tmotoros v\u00e1ltozat teljes\u00edtm\u00e9nye nem ismer kompromisszumot: az elektromos aut\u00f3kra jellemz\u0151 m\u00f3don azonnal rendelkez\u00e9sre \u00e1ll az \u00f6sszes er\u0151 \u00e9s nyomat\u00e9k, \u00edgy ez a h\u00e9tszem\u00e9lyes SUV ak\u00e1r egy forr\u00f3 ferdeh\u00e1t\u00fa sportaut\u00f3 temp\u00f3j\u00e1t is k\u00e9pes hozni, ha a vezet\u0151 \u00e9pp \u00fagy k\u00edv\u00e1nja.<br \/>\nUgyanakkor az EV9 nem igaz\u00e1n az a t\u00edpus, amit sportosan kellene vezetni, ez\u00e9rt a legt\u00f6bb v\u00e1s\u00e1rl\u00f3nak ink\u00e1bb a 200 l\u00f3er\u0151s v\u00e1ltozatot aj\u00e1nlan\u00e1nk. B\u00e1r az \u0151 gyorsul\u00e1si ideje visszafogottabb, val\u00f3j\u00e1ban egy d\u00edzelmotoros h\u00e9t\u00fcl\u00e9ses SUV \u2013 p\u00e9ld\u00e1ul egy Kia Sorento \u2013 szintj\u00e9n teljes\u00edt. M\u00e9g nem tesztelt\u00fck maxim\u00e1lis utasl\u00e9tsz\u00e1mmal, de gyan\u00edthat\u00f3an \u00edgy is t\u00f6bb mint elegend\u0151 lesz a legt\u00f6bb h\u00e9tk\u00f6znapi feladathoz, legyen sz\u00f3 iskol\u00e1ba fuvaroz\u00e1sr\u00f3l vagy bev\u00e1s\u00e1rl\u00e1sr\u00f3l.<\/p>\n","protected":false},"excerpt":{"rendered":"<p>Vica l\u00e1tv\u00e1nyosan elkezdte lez\u00e1rni a m\u00faltat: minden k\u00f6z\u00f6s fot\u00f3t elt\u00e1vol\u00edtott k\u00f6z\u00f6ss\u00e9gi fel\u00fcleteir\u0151l, ezzel is jelezve, hogy m\u00e1r nincs k\u00f6ze a&#8230; <span class=\"gridview-grid-post-read-more\"><a href=\"https:\/\/online-filmkatarzis.com\/kucko\/hirek\/stohl-andras-felesege-kiborult-mikor-megtudta-o-lesz-a-nagy-o\/\">read more<span class=\"gridview-sr-only\"> Stohl Andr\u00e1s feles\u00e9ge kiborult, mikor megtudta, \u0150 lesz a Nagy \u0150!<\/span><\/a><\/span><\/p>\n","protected":false},"author":1,"featured_media":2988,"comment_status":"open","ping_status":"open","sticky":false,"template":"","format":"standard","meta":{"footnotes":""},"categories":[1],"tags":[],"class_list":["post-2986","post","type-post","status-publish","format-standard","has-post-thumbnail","hentry","category-egyeb","wpcat-1-id"],"_links":{"self":[{"href":"https:\/\/online-filmkatarzis.com\/kucko\/hirek\/wp-json\/wp\/v2\/posts\/2986","targetHints":{"allow":["GET"]}}],"collection":[{"href":"https:\/\/online-filmkatarzis.com\/kucko\/hirek\/wp-json\/wp\/v2\/posts"}],"about":[{"href":"https:\/\/online-filmkatarzis.com\/kucko\/hirek\/wp-json\/wp\/v2\/types\/post"}],"author":[{"embeddable":true,"href":"https:\/\/online-filmkatarzis.com\/kucko\/hirek\/wp-json\/wp\/v2\/users\/1"}],"replies":[{"embeddable":true,"href":"https:\/\/online-filmkatarzis.com\/kucko\/hirek\/wp-json\/wp\/v2\/comments?post=2986"}],"version-history":[{"count":1,"href":"https:\/\/online-filmkatarzis.com\/kucko\/hirek\/wp-json\/wp\/v2\/posts\/2986\/revisions"}],"predecessor-version":[{"id":2989,"href":"https:\/\/online-filmkatarzis.com\/kucko\/hirek\/wp-json\/wp\/v2\/posts\/2986\/revisions\/2989"}],"wp:featuredmedia":[{"embeddable":true,"href":"https:\/\/online-filmkatarzis.com\/kucko\/hirek\/wp-json\/wp\/v2\/media\/2988"}],"wp:attachment":[{"href":"https:\/\/online-filmkatarzis.com\/kucko\/hirek\/wp-json\/wp\/v2\/media?parent=2986"}],"wp:term":[{"taxonomy":"category","embeddable":true,"href":"https:\/\/online-filmkatarzis.com\/kucko\/hirek\/wp-json\/wp\/v2\/categories?post=2986"},{"taxonomy":"post_tag","embeddable":true,"href":"https:\/\/online-filmkatarzis.com\/kucko\/hirek\/wp-json\/wp\/v2\/tags?post=2986"}],"curies":[{"name":"wp","href":"https:\/\/api.w.org\/{rel}","templated":true}]}}