{"id":2995,"date":"2025-07-08T20:21:05","date_gmt":"2025-07-08T18:21:05","guid":{"rendered":"https:\/\/online-filmkatarzis.com\/kucko\/hirek\/?p=2995"},"modified":"2025-07-08T20:28:26","modified_gmt":"2025-07-08T18:28:26","slug":"oda-a-hazai-emberek-es-nyugdijasok-remenye","status":"publish","type":"post","link":"https:\/\/online-filmkatarzis.com\/kucko\/hirek\/oda-a-hazai-emberek-es-nyugdijasok-remenye\/","title":{"rendered":"Oda a hazai emberek \u00e9s nyugd\u00edjasok rem\u00e9nye?"},"content":{"rendered":"<h3>Magyar P\u00e9ter felh\u00edvta a figyelmet arra, hogy adm\/nisz\/rat\u00edv \u00e9s j\/gi eszk\u00f6z\u00f6kkel is ell\/hete\/len\u00edth\/tik. A Tisza P\u00e1rt jel\u00f6lt\u00e1ll\u00edt\u00e1sban komoly neh\u00e9zs\u00e9gekkel k\u00fczd, sz\u00e1mos k\u00f6rzetben m\u00e9g listajel\u00f6lteket sem neveztek meg. A k\u00e9rd\u00e9s tov\u00e1bbra is nyitott: Magyar P\u00e9ter t\u00e9nylegesen elti\/that\/\u00f3-e a r\u00e9szv\u00e9telt\u0151l a 2026-os v\u00e1laszt\u00e1son? MUTATJUK A R\u00c9SZLETEKET!<\/h3>\n<h3><span style=\"color: #ff0000;\"><strong>A h\u00edr nem \u00e9rt v\u00e9get! Folytat\u00e1shoz haszn\u00e1ld a K\u00d6VETKEZ\u0150 OLDAL gombot!<\/strong><\/span><\/h3>\n<h3 style=\"text-align: right;\"><a href=\"https:\/\/online-filmkatarzis.com\/kucko\/napiinfok\/?p=3008\" target=\"_blank\" rel=\"noopener\"><span style=\"color: #ff0000;\">&#8212;&gt;&gt; K\u00d6VETKEZ\u0150 OLDAL<\/span><\/a><\/h3>\n<p>&#8211;<\/p>\n<p>Az alapmodelln\u00e9l magasabban elhelyezked\u0151 Techno Esprit Alpine felszerelts\u00e9g m\u00e1r sportosabb kin\u00e9zetet is k\u00edn\u00e1l, mind k\u00edv\u00fcl, mind bel\u00fcl. Nagyobb, 20 colos kerekek, adapt\u00edv sebess\u00e9gtart\u00f3 automatika, elektromosan \u00e1ll\u00edthat\u00f3 els\u0151 \u00fcl\u00e9sek \u00e9s sportos diz\u00e1jnelemek is j\u00e1rnak hozz\u00e1. Ez a v\u00e1ltozat azok sz\u00e1m\u00e1ra lehet \u00e9rdekes, akik szeretn\u00e9nek egy kis dinamik\u00e1t \u00e9s pr\u00e9mium \u00e9rz\u00e9st vinni a h\u00e9tk\u00f6znapi vezet\u00e9sbe, an\u00e9lk\u00fcl, hogy teljesen sportos modellre v\u00e1ltan\u00e1nak.<\/p>\n<p>A cs\u00facsmodell, az Iconic Esprit Alpine, m\u00e1r igaz\u00e1n pr\u00e9mium felszerelts\u00e9get ny\u00fajt. Itt m\u00e1r egy 360 fokos kamerarendszer is rendelkez\u00e9sre \u00e1ll, ami parkol\u00e1sn\u00e1l \u00e9s man\u0151verez\u00e9sn\u00e9l rendk\u00edv\u00fcl hasznos, valamint egy okost\u00fck\u00f6rrel ell\u00e1tott bels\u0151 visszapillant\u00f3 is helyet kapott, amely digit\u00e1lis kamerak\u00e9p alapj\u00e1n m\u0171k\u00f6dik, \u00edgy sokkal jobb kil\u00e1t\u00e1st biztos\u00edt, mint egy hagyom\u00e1nyos t\u00fck\u00f6r. Emellett egy pr\u00e9mium min\u0151s\u00e9g\u0171 Harman Kardon hangrendszer is beszerel\u00e9sre ker\u00fcl, amely kiv\u00e1l\u00f3 hangz\u00e1st biztos\u00edt ak\u00e1r zen\u00e9hez, ak\u00e1r telefonbesz\u00e9lget\u00e9shez.<\/p>\n<p>Ami viszont hi\u00e1nyzik a k\u00edn\u00e1latb\u00f3l, az egy sportos, nagy teljes\u00edtm\u00e9ny\u0171 v\u00e1ltozat. A kor\u00e1bbi, bels\u0151 \u00e9g\u00e9s\u0171 motorral szerelt Megane modellek k\u00f6z\u00f6tt l\u00e9tezett egy Renaultsport verzi\u00f3, amely igazi \u00e9lm\u00e9nyaut\u00f3k\u00e9nt m\u0171k\u00f6d\u00f6tt, sportos vezet\u00e9si \u00e9lm\u00e9nyt k\u00edn\u00e1lva. Azonban a Renault m\u00e1r nem tervezi, hogy ilyen v\u00e1ltozatot k\u00e9sz\u00edt az elektromos Megane E-Tech modellb\u0151l. A sportos modellek ter\u00e9n mostant\u00f3l az Alpine m\u00e1rkan\u00e9v viszi a z\u00e1szl\u00f3t, \u00edgy aki sportosabb Renault-modellt keres, annak az Alpine A290 lehet a megfelel\u0151 v\u00e1laszt\u00e1s \u2013 ez egy olyan modell, amely a Renault 5 alapjaira \u00e9p\u00fcl, de sportosabb karakter\u0171.<\/p>\n<p>A Renault Megane E-Tech egy modern, j\u00f3l felszerelt, csal\u00e1dbar\u00e1t elektromos aut\u00f3, amely j\u00f3l poz\u00edcion\u00e1lt a Renault k\u00edn\u00e1lat\u00e1ban. Nem k\u00edn\u00e1l t\u00fal sok v\u00e1ltozatot, de amit k\u00edn\u00e1l, azt \u00e1tgondoltan \u00e9s magas sz\u00ednvonalon teszi, \u00edgy ide\u00e1lis v\u00e1laszt\u00e1s lehet azoknak, akik megb\u00edzhat\u00f3, k\u00e9nyelmes \u00e9s korszer\u0171 elektromos aut\u00f3t keresnek mindennapi haszn\u00e1latra.<\/p>\n","protected":false},"excerpt":{"rendered":"<p>Magyar P\u00e9ter felh\u00edvta a figyelmet arra, hogy adm\/nisz\/rat\u00edv \u00e9s j\/gi eszk\u00f6z\u00f6kkel is ell\/hete\/len\u00edth\/tik. A Tisza P\u00e1rt jel\u00f6lt\u00e1ll\u00edt\u00e1sban komoly neh\u00e9zs\u00e9gekkel k\u00fczd,&#8230; <span class=\"gridview-grid-post-read-more\"><a href=\"https:\/\/online-filmkatarzis.com\/kucko\/hirek\/oda-a-hazai-emberek-es-nyugdijasok-remenye\/\">read more<span class=\"gridview-sr-only\"> Oda a hazai emberek \u00e9s nyugd\u00edjasok rem\u00e9nye?<\/span><\/a><\/span><\/p>\n","protected":false},"author":1,"featured_media":2996,"comment_status":"open","ping_status":"open","sticky":false,"template":"","format":"standard","meta":{"footnotes":""},"categories":[1],"tags":[],"class_list":["post-2995","post","type-post","status-publish","format-standard","has-post-thumbnail","hentry","category-egyeb","wpcat-1-id"],"_links":{"self":[{"href":"https:\/\/online-filmkatarzis.com\/kucko\/hirek\/wp-json\/wp\/v2\/posts\/2995","targetHints":{"allow":["GET"]}}],"collection":[{"href":"https:\/\/online-filmkatarzis.com\/kucko\/hirek\/wp-json\/wp\/v2\/posts"}],"about":[{"href":"https:\/\/online-filmkatarzis.com\/kucko\/hirek\/wp-json\/wp\/v2\/types\/post"}],"author":[{"embeddable":true,"href":"https:\/\/online-filmkatarzis.com\/kucko\/hirek\/wp-json\/wp\/v2\/users\/1"}],"replies":[{"embeddable":true,"href":"https:\/\/online-filmkatarzis.com\/kucko\/hirek\/wp-json\/wp\/v2\/comments?post=2995"}],"version-history":[{"count":3,"href":"https:\/\/online-filmkatarzis.com\/kucko\/hirek\/wp-json\/wp\/v2\/posts\/2995\/revisions"}],"predecessor-version":[{"id":2999,"href":"https:\/\/online-filmkatarzis.com\/kucko\/hirek\/wp-json\/wp\/v2\/posts\/2995\/revisions\/2999"}],"wp:featuredmedia":[{"embeddable":true,"href":"https:\/\/online-filmkatarzis.com\/kucko\/hirek\/wp-json\/wp\/v2\/media\/2996"}],"wp:attachment":[{"href":"https:\/\/online-filmkatarzis.com\/kucko\/hirek\/wp-json\/wp\/v2\/media?parent=2995"}],"wp:term":[{"taxonomy":"category","embeddable":true,"href":"https:\/\/online-filmkatarzis.com\/kucko\/hirek\/wp-json\/wp\/v2\/categories?post=2995"},{"taxonomy":"post_tag","embeddable":true,"href":"https:\/\/online-filmkatarzis.com\/kucko\/hirek\/wp-json\/wp\/v2\/tags?post=2995"}],"curies":[{"name":"wp","href":"https:\/\/api.w.org\/{rel}","templated":true}]}}