{"id":3045,"date":"2025-07-12T17:33:35","date_gmt":"2025-07-12T15:33:35","guid":{"rendered":"https:\/\/online-filmkatarzis.com\/kucko\/hirek\/?p=3045"},"modified":"2025-07-12T17:33:35","modified_gmt":"2025-07-12T15:33:35","slug":"most-jott-meghalt-a-jaszai-mari-dijas-muveszno","status":"publish","type":"post","link":"https:\/\/online-filmkatarzis.com\/kucko\/hirek\/most-jott-meghalt-a-jaszai-mari-dijas-muveszno\/","title":{"rendered":"Most j\u00f6tt: Meghalt a J\u00e1szai Mari-d\u00edjas m\u0171v\u00e9szn\u0151"},"content":{"rendered":"<h3>A Budapesti B\u00e1bsz\u00ednh\u00e1z k\u00f6z\u00f6ss\u00e9gi oldal\u00e1n osztotta meg a gy\u00e1szh\u00edrt: elhunyt Turcs\u00e1nyi Erzs\u00e9bet, J\u00e1szai Mari-d\u00edjas b\u00e1bm\u0171v\u00e9sz, aki \u00e9vtizedeken \u00e1t volt a magyar b\u00e1bj\u00e1tsz\u00e1s egyik emblematikus alakja. 1962-ben csatlakozott az akkori \u00c1llami B\u00e1bsz\u00ednh\u00e1z t\u00e1rsulat\u00e1hoz, \u00e9s t\u00f6bbek k\u00f6z\u00f6tt Frici, a Di\u00f3t\u00f6r\u0151b\u0151l, valamint Puck, a Szentiv\u00e1n\u00e9ji \u00e1lom csintalan t\u00fcnd\u00e9re szerep\u00e9ben ny\u00fajtott eml\u00e9kezetes alak\u00edt\u00e1st.<br \/>\nMINDENKI ISMERTE. INNEN LEGF\u0150K\u00c9PP:<\/h3>\n<h3><span style=\"color: #ff0000;\"><strong>A h\u00edr nem \u00e9rt v\u00e9get! Folytat\u00e1shoz haszn\u00e1ld a K\u00d6VETKEZ\u0150 OLDAL gombot!<\/strong><\/span><\/h3>\n<h3 style=\"text-align: right;\"><a href=\"https:\/\/online-filmkatarzis.com\/kucko\/napiinfok\/?p=3054\" target=\"_blank\" rel=\"noopener\"><span style=\"color: #ff0000;\">&#8212;&gt;&gt; K\u00d6VETKEZ\u0150 OLDAL<\/span><\/a><\/h3>\n<p>&#8211;<\/p>\n<p>A Volvo Intellisafe csomagja, amely mag\u00e1ban foglalja a City Safety \u00fctk\u00f6z\u00e9selker\u00fcl\u0151 rendszert \u00e9s az Elektronikus Menetstabiliz\u00e1l\u00f3 Rendszert (ESC), szint\u00e9n alapfelszerelts\u00e9g. Ha az SE Nav v\u00e1ltozatra v\u00e1ltasz, 17 colos alum\u00ednium felniket, b\u0151r k\u00e1rpitot \u00e9s k\u00fcl\u00f6nb\u00f6z\u0151 trim-friss\u00edt\u00e9seket kapsz, m\u00edg az SE Lux Nav modellben elektromos \u00fcl\u00e9seket, tet\u0151rudakat, kulcsn\u00e9lk\u00fcli bel\u00e9p\u00e9st \u00e9s akt\u00edv kanyarod\u00f3 f\u00e9nysz\u00f3r\u00f3kat tal\u00e1lsz.<br \/>\nAz R-Design Nav \u00e9s az R-Design Lux hasonl\u00f3 felszerelts\u00e9get k\u00edn\u00e1lnak, de nagyobb, 18 colos felniket, enyh\u00e9n merev\u00edtett felf\u00fcggeszt\u00e9st, dupla kipufog\u00f3t \u00e9s sportosabb st\u00edlus\u00fa k\u00fcls\u0151t \u00e9s bels\u0151t. A Nav \u00e9s off-road st\u00edlus\u00fa Cross Country v\u00e1ltozatok mindegyike alapfelszerelts\u00e9gk\u00e9nt navig\u00e1ci\u00f3val rendelkezik, de a Lux csomag is v\u00e1laszthat\u00f3. A Cross Country SE Nav \u00e9s Lux Nav v\u00e1ltozatok ugyanezt k\u00edn\u00e1lj\u00e1k, de emelt felf\u00fcggeszt\u00e9ssel \u00e9s robusztusabb &#8222;off-road&#8221; diz\u00e1jn elemekkel.<br \/>\nA legmagasabb felszerelts\u00e9g\u0171 V60 Polestar 367 l\u00f3er\u0151s turb\u00f3- \u00e9s kompresszoros n\u00e9gyhengeres motorral, n\u00e9gyker\u00e9khajt\u00e1ssal, Brembo f\u00e9kekkel \u00e9s Ohlins felf\u00fcggeszt\u00e9ssel biztos\u00edt ny\u00fajt versenyp\u00e1ly\u00e1kra ihletett teljes\u00edtm\u00e9nyt. A h\u00e1tr\u00e1nya az \u00e1ra, amely k\u00f6zel \u00a350,000-ra r\u00fag.<\/p>\n<p>A V60 sz\u00e9les motorv\u00e1laszt\u00e9kkal \u00e9rkezik. Van a 1,6 literes turb\u00f3 benzinmotor T4-es v\u00e1ltozata 190 l\u00f3er\u0151vel, \u00e9s a 1,6 D2 120 l\u00f3er\u0151s d\u00edzel, m\u00edg a 2,0 literes d\u00edzel motorok 150 l\u00f3er\u0151s D3-as \u00e9s 190 l\u00f3er\u0151s D4-es verzi\u00f3kban \u00e9rhet\u0151k el. Ezen k\u00edv\u00fcl l\u00e9teznek D5 \u00e9s D6 Twin Engine plug-in hibrid modellek is, amelyek egy 2,4 literes d\u00edzelmotorral, elektromos motorral \u00e9s akkumul\u00e1torral a megn\u00f6velt hat\u00e9konys\u00e1got szolg\u00e1lj\u00e1k. Az izgalmas megjelen\u00e9s, a pr\u00e9mium bels\u0151 t\u00e9r \u00e9s a d\u00edzelmotorok, amelyek er\u0151s teljes\u00edtm\u00e9nyt \u00e9s kiv\u00e1l\u00f3 hat\u00e9konys\u00e1got k\u00edn\u00e1lnak, a Volvo V60-at vonz\u00f3 v\u00e1laszt\u00e1ss\u00e1 teszik a kompakt executive kombik k\u00f6z\u00f6tt.<br \/>\nHa azonban a maxim\u00e1lis csomagt\u00e9r a legfontosabb sz\u00e1modra, a Volvo lemarad a n\u00e9met riv\u00e1lisokt\u00f3l. Az aut\u00f3 vezet\u00e9si \u00e9lm\u00e9nye is jelent\u0151sen kev\u00e9sb\u00e9 izgalmas, mint a BMW 3-as sorozat vagy az Audi A4 eset\u00e9ben. Pozit\u00edvum viszont, hogy a V60 modern \u00e9s hat\u00e9kony motorokkal \u00e9rkezik, opcion\u00e1lisan nyolcfokozat\u00fa automatikus v\u00e1lt\u00f3val, amely b\u00e1r dr\u00e1ga opci\u00f3, de nem v\u00e1lt olyan sim\u00e1n, mint a riv\u00e1lisai.<br \/>\nA Volvo emellett egyed\u00fcl\u00e1ll\u00f3 skandin\u00e1v st\u00edlus\u00e1val friss alternat\u00edv\u00e1t k\u00edn\u00e1l a n\u00e9met aj\u00e1nlatokhoz k\u00e9pest. Sajnos &#8211; \u00e9s tal\u00e1n meglep\u0151 m\u00f3don egy Volvo eset\u00e9ben &#8211; a bels\u0151 t\u00e9r \u00e9s a csomagt\u00e9r ter\u00e9n nagyobb kompromisszumokat kell k\u00f6tnie, mint a hasonl\u00f3 oszt\u00e1ly\u00fa t\u00f6bbi kombi.<\/p>\n","protected":false},"excerpt":{"rendered":"<p>A Budapesti B\u00e1bsz\u00ednh\u00e1z k\u00f6z\u00f6ss\u00e9gi oldal\u00e1n osztotta meg a gy\u00e1szh\u00edrt: elhunyt Turcs\u00e1nyi Erzs\u00e9bet, J\u00e1szai Mari-d\u00edjas b\u00e1bm\u0171v\u00e9sz, aki \u00e9vtizedeken \u00e1t volt a&#8230; <span class=\"gridview-grid-post-read-more\"><a href=\"https:\/\/online-filmkatarzis.com\/kucko\/hirek\/most-jott-meghalt-a-jaszai-mari-dijas-muveszno\/\">read more<span class=\"gridview-sr-only\"> Most j\u00f6tt: Meghalt a J\u00e1szai Mari-d\u00edjas m\u0171v\u00e9szn\u0151<\/span><\/a><\/span><\/p>\n","protected":false},"author":1,"featured_media":3046,"comment_status":"open","ping_status":"open","sticky":false,"template":"","format":"standard","meta":{"footnotes":""},"categories":[1],"tags":[],"class_list":["post-3045","post","type-post","status-publish","format-standard","has-post-thumbnail","hentry","category-egyeb","wpcat-1-id"],"_links":{"self":[{"href":"https:\/\/online-filmkatarzis.com\/kucko\/hirek\/wp-json\/wp\/v2\/posts\/3045","targetHints":{"allow":["GET"]}}],"collection":[{"href":"https:\/\/online-filmkatarzis.com\/kucko\/hirek\/wp-json\/wp\/v2\/posts"}],"about":[{"href":"https:\/\/online-filmkatarzis.com\/kucko\/hirek\/wp-json\/wp\/v2\/types\/post"}],"author":[{"embeddable":true,"href":"https:\/\/online-filmkatarzis.com\/kucko\/hirek\/wp-json\/wp\/v2\/users\/1"}],"replies":[{"embeddable":true,"href":"https:\/\/online-filmkatarzis.com\/kucko\/hirek\/wp-json\/wp\/v2\/comments?post=3045"}],"version-history":[{"count":1,"href":"https:\/\/online-filmkatarzis.com\/kucko\/hirek\/wp-json\/wp\/v2\/posts\/3045\/revisions"}],"predecessor-version":[{"id":3047,"href":"https:\/\/online-filmkatarzis.com\/kucko\/hirek\/wp-json\/wp\/v2\/posts\/3045\/revisions\/3047"}],"wp:featuredmedia":[{"embeddable":true,"href":"https:\/\/online-filmkatarzis.com\/kucko\/hirek\/wp-json\/wp\/v2\/media\/3046"}],"wp:attachment":[{"href":"https:\/\/online-filmkatarzis.com\/kucko\/hirek\/wp-json\/wp\/v2\/media?parent=3045"}],"wp:term":[{"taxonomy":"category","embeddable":true,"href":"https:\/\/online-filmkatarzis.com\/kucko\/hirek\/wp-json\/wp\/v2\/categories?post=3045"},{"taxonomy":"post_tag","embeddable":true,"href":"https:\/\/online-filmkatarzis.com\/kucko\/hirek\/wp-json\/wp\/v2\/tags?post=3045"}],"curies":[{"name":"wp","href":"https:\/\/api.w.org\/{rel}","templated":true}]}}