{"id":3051,"date":"2025-07-12T19:27:27","date_gmt":"2025-07-12T17:27:27","guid":{"rendered":"https:\/\/online-filmkatarzis.com\/kucko\/hirek\/?p=3051"},"modified":"2025-07-12T19:27:27","modified_gmt":"2025-07-12T17:27:27","slug":"vegre-kiderult-ki-a-verszerinti-apja-varkonyi-andrea-lanyanak","status":"publish","type":"post","link":"https:\/\/online-filmkatarzis.com\/kucko\/hirek\/vegre-kiderult-ki-a-verszerinti-apja-varkonyi-andrea-lanyanak\/","title":{"rendered":"V\u00e9gre kider\u00fclt Ki a V\u00c9RSZERINTI apja V\u00e1rkonyi Andrea L\u00e1ny\u00e1nak!"},"content":{"rendered":"<h3>V\u00e1rkonyi Andrea \u00e9s Bochkor G\u00e1bor kisl\u00e1nya, N\u00f3ra, f\u00e9l \u00e9ves volt, amikor 2009 okt\u00f3ber k\u00f6zep\u00e9n jelent\u0151s d\u00f6nt\u00e9s sz\u00fcletett a Szegedi V\u00e1rosi B\u00edr\u00f3s\u00e1gon.<br \/>\nA jogi elj\u00e1r\u00e1sra az\u00e9rt volt sz\u00fcks\u00e9g, mert a t\u00f6rv\u00e9ny szerint a gyermek fogantat\u00e1sakor Andrea m\u00e9g h\u00e1zas volt kor\u00e1bbi f\u00e9rj\u00e9vel, ez\u00e9rt N\u00f3ra hivatalosan az \u0151 vezet\u00e9knev\u00e9t viselte.<br \/>\nAz \u00edt\u00e9let kimondta, hogy Bochkor G\u00e1bor hivatalosan is N\u00f3ra \u00e9desapja, \u00e9s a kisl\u00e1ny innent\u0151l kezdve az \u0151 vezet\u00e9knev\u00e9t viselheti. Ez fontos m\u00e9rf\u00f6ldk\u0151 volt a csal\u00e1d \u00e9let\u00e9ben, hiszen jogilag is rendez\u0151d\u00f6tt a csal\u00e1di st\u00e1tusz.<br \/>\n\u00cdGY REAG\u00c1LT G\u00c1BOR:<\/h3>\n<h3><span style=\"color: #ff0000;\"><strong>A h\u00edr nem \u00e9rt v\u00e9get! Folytat\u00e1shoz haszn\u00e1ld a K\u00d6VETKEZ\u0150 OLDAL gombot!<\/strong><\/span><\/h3>\n<h3 style=\"text-align: right;\"><a href=\"https:\/\/online-filmkatarzis.com\/kucko\/napiinfok\/?p=3060\" target=\"_blank\" rel=\"noopener\"><span style=\"color: #ff0000;\">&#8212;&gt;&gt; K\u00d6VETKEZ\u0150 OLDAL<\/span><\/a><\/h3>\n<p>&#8211;<\/p>\n<p>A Civic formavil\u00e1ga megosztja a k\u00f6z\u00f6ns\u00e9get \u2013 de legal\u00e1bb egyedi megjelen\u00e9st k\u00edn\u00e1l.<br \/>\nA Tourer 235 mm-rel hosszabb, mint az \u00f6tajt\u00f3s kivitel, \u00e9s a hosszabb\u00edt\u00e1s teljes eg\u00e9sz\u00e9ben a h\u00e1tulj\u00e1ra esik. El\u00f6l ugyanaz a r\u00f6vid, emelked\u0151 motorh\u00e1ztet\u0151, nagy ker\u00e9kj\u00e1rati \u00edvek \u00e9s mark\u00e1ns orr r\u00e9sz fogad, mint a hatchback eset\u00e9ben. Az A-oszlopok \u00edvben kapcsol\u00f3dnak a tet\u0151h\u00f6z, amelyet ez\u00fcst tet\u0151s\u00ednek emelnek ki. A tet\u0151 \u00edvesen kapcsol\u00f3dik a csomagt\u00e9rajt\u00f3hoz, m\u00edg az ablakvonal a h\u00e1ts\u00f3 l\u00e1mp\u00e1k fel\u00e9 sz\u0171k\u00fcl. A nagy h\u00e1ts\u00f3 l\u00e1mp\u00e1k a csomagt\u00e9rajt\u00f3n kereszt\u00fcl piros f\u00e9nys\u00e1vval kapcsol\u00f3dnak \u00f6ssze, a kis m\u00e9ret\u0171 h\u00e1ts\u00f3 ablak \u00e9s a spoiler pedig lez\u00e1rja a form\u00e1t.<br \/>\nA modell 2015-ben k\u00f6zepes friss\u00edt\u00e9sen esett \u00e1t, amely \u00e9rintette a f\u00e9nysz\u00f3r\u00f3kat, a h\u0171t\u0151r\u00e1csot \u00e9s a l\u00f6kh\u00e1r\u00edt\u00f3kat. Bel\u00fcl \u00faj \u00fcl\u00e9sk\u00e1rpitokat, ajt\u00f3k\u00e1rpitokat \u00e9s m\u0171szerfalpaneleket kapott \u2013 b\u00e1r egyik v\u00e1ltoz\u00e1s sem forradalmi, \u00f6sszess\u00e9g\u00e9ben friss, korszer\u0171 benyom\u00e1st kelt. Az \u00e1rak kiss\u00e9 a magasabb oldalon mozognak, amit nem seg\u00edt a t\u00e9ny, hogy a Civic Tourer \u00e9rt\u00e9kcs\u00f6kken\u00e9se nem a kateg\u00f3ria legjobbja. Legal\u00e1bb a felszerelts\u00e9gi szintek b\u0151s\u00e9gesek, \u00e9s a megb\u00edzhat\u00f3s\u00e1g kiv\u00e1l\u00f3nak \u00edg\u00e9rkezik.<\/p>\n<p>A Civic Tourer fut\u00f3m\u0171ve \u00e9s kezelhet\u0151s\u00e9ge nem a legjobban hangolt, de a d\u00edzelmotor igaz\u00e1n meggy\u0151z\u0151<br \/>\nB\u00e1r a t\u00e1gas bels\u0151 t\u00e9r remek csal\u00e1di utaz\u00e1sokhoz, sajnos a Civic Tourer fut\u00f3m\u0171hangol\u00e1sa ki\u00e1br\u00e1nd\u00edt\u00f3. Aut\u00f3p\u00e1ly\u00e1n viszonylag k\u00e9nyelmesen halad, \u00e9s a rug\u00f3z\u00e1sa l\u00e1gyabb a riv\u00e1lisok\u00e9n\u00e1l, de az \u00fathib\u00e1k m\u00e9g \u00edgy is k\u00f6nnyen kibillentik nyugalm\u00e1b\u00f3l. A puha felf\u00fcggeszt\u00e9s miatt a kanyarokban \u00e9rezhet\u0151 oldald\u0151l\u00e9s is jelent\u0151s.<br \/>\nA korm\u00e1nyz\u00e1s gyorsan reag\u00e1l, de k\u00f6nny\u0171 \u00e9s alig ny\u00fajt visszajelz\u00e9st. Ha sportosabban vezetsz, a Civic hamar alulkorm\u00e1nyzott\u00e1 v\u00e1lik, \u00e9s a bels\u0151 els\u0151 ker\u00e9k hajlamos kip\u00f6r\u00f6gni m\u00e1r m\u00e9rs\u00e9kelt korm\u00e1nysz\u00f6g mellett is, ha gyors\u00edtasz.<br \/>\nV\u00e1rosban a Civic viszonylag sim\u00e1n halad, de a stop-start rendszer meglep\u0151en durva m\u0171k\u00f6d\u00e9s\u0171 \u2013 minden egyes motorle\u00e1ll\u00e1s \u00e9s \u00fajraind\u00edt\u00e1s \u00e9rezhet\u0151 r\u00e1zk\u00f3d\u00e1st k\u00fcld v\u00e9gig az utast\u00e9rben.<br \/>\nA Civic motorpalett\u00e1j\u00e1nak cs\u00facspontja k\u00e9ts\u00e9gtelen\u00fcl az 1.6 literes i-DTEC d\u00edzelmotor. Ez igazi gy\u00f6ngyszem: sim\u00e1bban \u00e9s er\u0151teljesebben m\u0171k\u00f6dik, mint a SEAT Leon ST-ben vagy a Skoda Octavia Estate-ben tal\u00e1lhat\u00f3 1.6 TDI. A hatfokozat\u00fa k\u00e9zi v\u00e1lt\u00f3 pontos kapcsol\u00e1sa r\u00e9v\u00e9n j\u00f3l kihaszn\u00e1lhat\u00f3 a motor teljes\u00edtm\u00e9nye.<br \/>\nA benzines alternat\u00edva az 1.8 literes i-VTEC, amely ugyan magas fordulatsz\u00e1mon j\u00f3l p\u00f6r\u00f6g, de \u00e9rezhet\u0151en lassabb, mint a d\u00edzel. K\u00e9zi vagy automata v\u00e1lt\u00f3val is el\u00e9rhet\u0151, \u00e1m er\u0151sen dolgoztatni kell, hogy megk\u00f6zel\u00edtse a d\u00edzel k\u00f6nnyed nyomat\u00e9koss\u00e1g\u00e1t \u2013 ez viszont rontja a finom m\u0171k\u00f6d\u00e9s \u00e9rzet\u00e9t. Emelked\u0151k\u00f6n is neh\u00e9zkesen boldogul, \u00e9s teljes terhel\u00e9s mellett k\u00fcl\u00f6n\u00f6sen gyenge benyom\u00e1st kelt. A sz\u00e1mok alapj\u00e1n nem is t\u0171nik rossznak: 0\u2013100 km\/h 9,2 m\u00e1sodperc alatt, v\u00e9gsebess\u00e9g 209 km\/h \u2013 de a p\u00f6rg\u0151s karaktere nem igaz\u00e1n illik egy kombihoz, amit ink\u00e1bb nyugodt, praktikus haszn\u00e1latra terveztek.<br \/>\nEzzel szemben a d\u00edzel \u2013 b\u00e1r pap\u00edron lassabb a 0\u2013100 km\/h-s ideje (10,3 m\u00e1sodperc) \u2013 sokkal rugalmasabb \u00e9s \u00e9lhet\u0151bb motork\u00e9nt viselkedik, k\u00f6sz\u00f6nhet\u0151en a jobb nyomat\u00e9klead\u00e1s\u00e1nak \u00e9s haszn\u00e1lhat\u00f3s\u00e1g\u00e1nak.<\/p>\n","protected":false},"excerpt":{"rendered":"<p>V\u00e1rkonyi Andrea \u00e9s Bochkor G\u00e1bor kisl\u00e1nya, N\u00f3ra, f\u00e9l \u00e9ves volt, amikor 2009 okt\u00f3ber k\u00f6zep\u00e9n jelent\u0151s d\u00f6nt\u00e9s sz\u00fcletett a Szegedi V\u00e1rosi&#8230; <span class=\"gridview-grid-post-read-more\"><a href=\"https:\/\/online-filmkatarzis.com\/kucko\/hirek\/vegre-kiderult-ki-a-verszerinti-apja-varkonyi-andrea-lanyanak\/\">read more<span class=\"gridview-sr-only\"> V\u00e9gre kider\u00fclt Ki a V\u00c9RSZERINTI apja V\u00e1rkonyi Andrea L\u00e1ny\u00e1nak!<\/span><\/a><\/span><\/p>\n","protected":false},"author":1,"featured_media":3053,"comment_status":"open","ping_status":"open","sticky":false,"template":"","format":"standard","meta":{"footnotes":""},"categories":[1],"tags":[],"class_list":["post-3051","post","type-post","status-publish","format-standard","has-post-thumbnail","hentry","category-egyeb","wpcat-1-id"],"_links":{"self":[{"href":"https:\/\/online-filmkatarzis.com\/kucko\/hirek\/wp-json\/wp\/v2\/posts\/3051","targetHints":{"allow":["GET"]}}],"collection":[{"href":"https:\/\/online-filmkatarzis.com\/kucko\/hirek\/wp-json\/wp\/v2\/posts"}],"about":[{"href":"https:\/\/online-filmkatarzis.com\/kucko\/hirek\/wp-json\/wp\/v2\/types\/post"}],"author":[{"embeddable":true,"href":"https:\/\/online-filmkatarzis.com\/kucko\/hirek\/wp-json\/wp\/v2\/users\/1"}],"replies":[{"embeddable":true,"href":"https:\/\/online-filmkatarzis.com\/kucko\/hirek\/wp-json\/wp\/v2\/comments?post=3051"}],"version-history":[{"count":2,"href":"https:\/\/online-filmkatarzis.com\/kucko\/hirek\/wp-json\/wp\/v2\/posts\/3051\/revisions"}],"predecessor-version":[{"id":3054,"href":"https:\/\/online-filmkatarzis.com\/kucko\/hirek\/wp-json\/wp\/v2\/posts\/3051\/revisions\/3054"}],"wp:featuredmedia":[{"embeddable":true,"href":"https:\/\/online-filmkatarzis.com\/kucko\/hirek\/wp-json\/wp\/v2\/media\/3053"}],"wp:attachment":[{"href":"https:\/\/online-filmkatarzis.com\/kucko\/hirek\/wp-json\/wp\/v2\/media?parent=3051"}],"wp:term":[{"taxonomy":"category","embeddable":true,"href":"https:\/\/online-filmkatarzis.com\/kucko\/hirek\/wp-json\/wp\/v2\/categories?post=3051"},{"taxonomy":"post_tag","embeddable":true,"href":"https:\/\/online-filmkatarzis.com\/kucko\/hirek\/wp-json\/wp\/v2\/tags?post=3051"}],"curies":[{"name":"wp","href":"https:\/\/api.w.org\/{rel}","templated":true}]}}