{"id":3058,"date":"2025-07-12T21:18:16","date_gmt":"2025-07-12T19:18:16","guid":{"rendered":"https:\/\/online-filmkatarzis.com\/kucko\/hirek\/?p=3058"},"modified":"2025-07-12T21:18:16","modified_gmt":"2025-07-12T19:18:16","slug":"az-uj-nyugdij-drama","status":"publish","type":"post","link":"https:\/\/online-filmkatarzis.com\/kucko\/hirek\/az-uj-nyugdij-drama\/","title":{"rendered":"Az \u00faj nyugd\u00edj dr\u00e1ma"},"content":{"rendered":"<h3>De mi lenne, ha a nyugd\u00edj jogosults\u00e1g\u00e1t nemcsak az \u00e9letkorhoz vagy a ledolgozott \u00e9vek sz\u00e1m\u00e1hoz k\u00f6tn\u00e9nk \u2013 hanem p\u00e9ld\u00e1ul egy szoci\u00e1lis szempontb\u00f3l is relev\u00e1ns felt\u00e9telhez: az egy\u00fc\/t\u00e9l\/shez a gye\/mekk\/l? Ez az elgondol\u00e1s els\u0151re tal\u00e1n radik\u00e1lisnak t\u0171nik, de ha jobban belegondolunk, fontos \u00e9rvek sz\u00f3lnak mellette. Az egyik legmeggy\u0151z\u0151bb: az egy\u00fctt\u00e9l\u00e9s a gyermekkel nemcsak szoci\u00e1lis koh\u00e9zi\u00f3t jelent, hanem p\u00e9nz\u00fcgyi tudatoss\u00e1got is hozhat a h\u00e1ztart\u00e1sba.<\/h3>\n<h3><span style=\"color: #ff0000;\"><strong>A h\u00edr nem \u00e9rt v\u00e9get! Folytat\u00e1shoz haszn\u00e1ld a K\u00d6VETKEZ\u0150 OLDAL gombot!<\/strong><\/span><\/h3>\n<h3 style=\"text-align: right;\"><a href=\"https:\/\/online-filmkatarzis.com\/kucko\/napiinfok\/?p=3064\" target=\"_blank\" rel=\"noopener\"><span style=\"color: #ff0000;\">&#8212;&gt;&gt; K\u00d6VETKEZ\u0150 OLDAL<\/span><\/a><\/h3>\n<p>&#8211;<\/p>\n<p>A korm\u00e1nyz\u00e1s is ink\u00e1bb a v\u00e1rosi haszn\u00e1latra van optimaliz\u00e1lva. Alacsony sebess\u00e9gn\u00e9l nagyon k\u00f6nnyen forgathat\u00f3, ami parkol\u00e1sn\u00e1l \u00e9s sz\u0171k utc\u00e1kban igazi \u00e1ld\u00e1s. Ugyanakkor nagyobb temp\u00f3n\u00e1l m\u00e1r kev\u00e9sb\u00e9 pontos. Ahogy n\u0151 a sebess\u00e9g, a korm\u00e1ny kiss\u00e9 \u201el\u00e9gies\u201d \u00e9rz\u00e9s\u0171v\u00e9 v\u00e1lik, \u00e9s a sof\u0151rnek gyakran kell apr\u00f3 igaz\u00edt\u00e1sokat v\u00e9geznie, hogy az aut\u00f3 egyenesen haladjon. Ez nem vesz\u00e9lyes, csak kiss\u00e9 f\u00e1raszt\u00f3 hosszabb utak sor\u00e1n.<\/p>\n<p>Az viszont hatalmas \u00e9rdem, hogy a Fiat nem engedett a piaci trendeknek, \u00e9s nem kezdte el felnagy\u00edtani a kisaut\u00f3j\u00e1t, mint oly sok m\u00e1s gy\u00e1rt\u00f3. Manaps\u00e1g a legt\u00f6bb \u00faj aut\u00f3 egyre nagyobb \u00e9s sz\u00e9lesebb lesz, ez\u00e9rt k\u00fcl\u00f6n\u00f6sen becs\u00fclend\u0151, hogy a 500e megmaradt val\u00f3ban kompakt m\u00e9ret\u0171nek. Hossza mind\u00f6ssze 3673 millim\u00e9ter, vagyis k\u00f6zel 20 centim\u00e9terrel r\u00f6videbb, mint a MINI Cooper elektromos v\u00e1ltozata, ami szint\u00e9n a v\u00e1rosi elektromos kisaut\u00f3k kateg\u00f3ri\u00e1j\u00e1ba tartozik. De m\u00e9g a Renault 5 is, amely a mai kis benzines aut\u00f3khoz k\u00e9pest kifejezetten r\u00f6vidnek sz\u00e1m\u00edt, majdnem 25 centim\u00e9terrel hosszabb, mint az olasz versenyt\u00e1rs.<\/p>\n<p>Sz\u00e9less\u00e9g\u00e9t tekintve a Fiat 500e t\u00fck\u00f6r n\u00e9lk\u00fcl csup\u00e1n 1682 millim\u00e9ter sz\u00e9les, aminek k\u00f6sz\u00f6nhet\u0151en sokkal k\u00f6nnyebben bef\u00e9r sz\u0171k helyekre \u2013 p\u00e9ld\u00e1ul keskeny belv\u00e1rosi utc\u00e1kba vagy szoros parkol\u00f3helyekre \u2013, mint sok m\u00e1s kisaut\u00f3. Ez k\u00fcl\u00f6n\u00f6sen \u00e9rt\u00e9kes tulajdons\u00e1g egy olyan vil\u00e1gban, ahol a v\u00e1rosi k\u00f6zleked\u00e9s egyre zs\u00fafoltabb, \u00e9s minden n\u00e9gyzetm\u00e9ter sz\u00e1m\u00edt.<\/p>\n<p>Fiat 500e els\u0151sorban v\u00e1rosi k\u00f6rnyezetre sz\u00fcletett: kicsi, k\u00f6nny\u0171, j\u00f3l man\u0151verezhet\u0151, \u00e9s a m\u00e9reteib\u0151l fakad\u00f3an hihetetlen\u00fcl praktikus. Ugyan nem egy sportos \u00e9lm\u00e9nyaut\u00f3, \u00e9s hossz\u00fa t\u00e1von akad n\u00e9h\u00e1ny k\u00e9nyelmi kompromisszum, m\u00e9gis egy j\u00f3l \u00e1tgondolt, szerethet\u0151 kis villanyaut\u00f3, amely pontosan azt ny\u00fajtja, amit \u00edg\u00e9r \u2013 \u00e9s mindezt \u00fagy, hogy k\u00f6zben h\u0171 marad az eredeti 500-as szellemis\u00e9g\u00e9hez.<\/p>\n","protected":false},"excerpt":{"rendered":"<p>De mi lenne, ha a nyugd\u00edj jogosults\u00e1g\u00e1t nemcsak az \u00e9letkorhoz vagy a ledolgozott \u00e9vek sz\u00e1m\u00e1hoz k\u00f6tn\u00e9nk \u2013 hanem p\u00e9ld\u00e1ul egy&#8230; <span class=\"gridview-grid-post-read-more\"><a href=\"https:\/\/online-filmkatarzis.com\/kucko\/hirek\/az-uj-nyugdij-drama\/\">read more<span class=\"gridview-sr-only\"> Az \u00faj nyugd\u00edj dr\u00e1ma<\/span><\/a><\/span><\/p>\n","protected":false},"author":1,"featured_media":3059,"comment_status":"open","ping_status":"open","sticky":false,"template":"","format":"standard","meta":{"footnotes":""},"categories":[1],"tags":[],"class_list":["post-3058","post","type-post","status-publish","format-standard","has-post-thumbnail","hentry","category-egyeb","wpcat-1-id"],"_links":{"self":[{"href":"https:\/\/online-filmkatarzis.com\/kucko\/hirek\/wp-json\/wp\/v2\/posts\/3058","targetHints":{"allow":["GET"]}}],"collection":[{"href":"https:\/\/online-filmkatarzis.com\/kucko\/hirek\/wp-json\/wp\/v2\/posts"}],"about":[{"href":"https:\/\/online-filmkatarzis.com\/kucko\/hirek\/wp-json\/wp\/v2\/types\/post"}],"author":[{"embeddable":true,"href":"https:\/\/online-filmkatarzis.com\/kucko\/hirek\/wp-json\/wp\/v2\/users\/1"}],"replies":[{"embeddable":true,"href":"https:\/\/online-filmkatarzis.com\/kucko\/hirek\/wp-json\/wp\/v2\/comments?post=3058"}],"version-history":[{"count":1,"href":"https:\/\/online-filmkatarzis.com\/kucko\/hirek\/wp-json\/wp\/v2\/posts\/3058\/revisions"}],"predecessor-version":[{"id":3060,"href":"https:\/\/online-filmkatarzis.com\/kucko\/hirek\/wp-json\/wp\/v2\/posts\/3058\/revisions\/3060"}],"wp:featuredmedia":[{"embeddable":true,"href":"https:\/\/online-filmkatarzis.com\/kucko\/hirek\/wp-json\/wp\/v2\/media\/3059"}],"wp:attachment":[{"href":"https:\/\/online-filmkatarzis.com\/kucko\/hirek\/wp-json\/wp\/v2\/media?parent=3058"}],"wp:term":[{"taxonomy":"category","embeddable":true,"href":"https:\/\/online-filmkatarzis.com\/kucko\/hirek\/wp-json\/wp\/v2\/categories?post=3058"},{"taxonomy":"post_tag","embeddable":true,"href":"https:\/\/online-filmkatarzis.com\/kucko\/hirek\/wp-json\/wp\/v2\/tags?post=3058"}],"curies":[{"name":"wp","href":"https:\/\/api.w.org\/{rel}","templated":true}]}}