{"id":3079,"date":"2025-07-14T15:46:14","date_gmt":"2025-07-14T13:46:14","guid":{"rendered":"https:\/\/online-filmkatarzis.com\/kucko\/hirek\/?p=3079"},"modified":"2025-07-14T15:46:14","modified_gmt":"2025-07-14T13:46:14","slug":"meghalt-schmuck-andor","status":"publish","type":"post","link":"https:\/\/online-filmkatarzis.com\/kucko\/hirek\/meghalt-schmuck-andor\/","title":{"rendered":"Meghalt Schmuck Andor"},"content":{"rendered":"<h3>Schmuck 1970. szeptember 2-\u00e1n sz\u00fcletett Budapesten, \u00e9s fiatalon mer\u00fclt el a politikai vil\u00e1gban. P\u00e1ly\u00e1ja az MSZP-ben indult, ahol \u00f6nkorm\u00e1nyzati k\u00e9pvisel\u0151k\u00e9nt szolg\u00e1lt \u00dajpesten. K\u00e9s\u0151bb \u00f6n\u00e1ll\u00f3 \u00fatra l\u00e9pett, \u00e9s a szoci\u00e1ldemokrata eszmeis\u00e9g k\u00e9pviselet\u00e9t v\u00e1llalta fel a Magyarorsz\u00e1gi Szoci\u00e1ldemokrata P\u00e1rt \u00e9l\u00e9n. 2024-ben m\u00e9g az V. ker\u00fcleti polg\u00e1rmesteri poz\u00edci\u00f3\u00e9rt is megm\u00e9rette mag\u00e1t, de nem j\u00e1rt sikerrel.<br \/>\nEBBEN HALT MEG Schmuck Andor:<\/h3>\n<h3><span style=\"color: #ff0000;\"><strong>A h\u00edr nem \u00e9rt v\u00e9get! Folytat\u00e1shoz haszn\u00e1ld a K\u00d6VETKEZ\u0150 OLDAL gombot!<\/strong><\/span><\/h3>\n<h3 style=\"text-align: right;\"><a href=\"https:\/\/online-filmkatarzis.com\/kucko\/napiinfok\/?p=3085\" target=\"_blank\" rel=\"noopener\"><span style=\"color: #ff0000;\">&#8212;&gt;&gt; K\u00d6VETKEZ\u0150 OLDAL<\/span><\/a><\/h3>\n<p>&#8211;<\/p>\n<p>Minden modell elfogadhat\u00f3 felszerelts\u00e9ggel rendelkezik, k\u00fcl\u00f6n\u00f6sen az Active felszerelts\u00e9gi szintt\u0151l felfel\u00e9. Az Access v\u00e1ltozatokban m\u00e1r alapfelszerelts\u00e9g a l\u00e9gkondicion\u00e1l\u00f3, az egy\u00e9rint\u00e9ses elektromos ablakemel\u0151k, a tempomat, a DAB digit\u00e1lis r\u00e1di\u00f3 \u00e9s a Bluetooth kapcsolat. Az Active szint 16 colos kerekeket, k\u00e9tz\u00f3n\u00e1s kl\u00edmaberendez\u00e9st, tolat\u00f3radart, automata f\u00e9nysz\u00f3r\u00f3kat \u00e9s ablakt\u00f6rl\u0151ket, valamint navig\u00e1ci\u00f3s rendszert is tartalmaz. Az Allure felszerelts\u00e9gi szinten m\u00e1r 17 colos k\u00f6nny\u0171f\u00e9m felnik, tet\u0151s\u00ednek, k\u00f6df\u00e9nysz\u00f3r\u00f3k \u00e9s LED-es f\u00e9nysz\u00f3r\u00f3k is j\u00e1rnak, m\u00edg a GT Line m\u00e9g nagyobb, 18 colos kerekeket, s\u00f6t\u00e9t\u00edtett \u00fcvegeket, dinamikus ir\u00e1nyjelz\u0151ket \u00e9s LED k\u00f6df\u00e9nysz\u00f3r\u00f3kat, tolat\u00f3kamer\u00e1t, valamint sportos k\u00fcls\u0151 \u00e9s bels\u0151 r\u00e9szleteket k\u00edn\u00e1l.<br \/>\nA cs\u00facsmodell GT hasonl\u00f3 sportos kieg\u00e9sz\u00edt\u0151ket kap, mint a GT Line, de ezen fel\u00fcl alacsonyabb hasmagass\u00e1got, piros varr\u00e1st a korm\u00e1nyker\u00e9ken, valamint vezet\u00e9st\u00e1mogat\u00f3 csomagot is \u2013 ebben szerepel a dinamikus tempomat \u00e9s a v\u00e9szf\u00e9krendszer is.<br \/>\nA Peugeot 308 SW nemcsak b\u0151s\u00e9ges felszerelts\u00e9ggel rendelkezik, hanem az \u00e1ra is versenyk\u00e9pes, \u00edgy j\u00f3 v\u00e1laszt\u00e1s a kompakt csal\u00e1di kombik k\u00f6z\u00f6tt. Legnagyobb riv\u00e1lisa a csomagt\u00e9r ter\u00e9n a Skoda Octavia Combi, de \u00e9rdemes m\u00e9g sz\u00e1m\u00edt\u00e1sba venni a SEAT Leon ST-t, a Renault Megane Sport Tourert, a Vauxhall Astra Sports Tourert, valamint a Kia Cee\u2019d Sportswagont, Hyundai i30 Tourert, Toyota Auris Touring Sports-ot, a VW Golf Combit \u00e9s a Ford Focus kombit is.<\/p>\n<p>K\u00e9ts\u00e9g sem f\u00e9r hozz\u00e1, hogy a Peugeot 308 SW jelent\u0151s el\u0151rel\u00e9p\u00e9s az els\u0151 gener\u00e1ci\u00f3s modellhez k\u00e9pest. A kor\u00e1bbi modell tompa, unalmas vezethet\u0151s\u00e9g\u00e9t most sokkal meggy\u0151z\u0151bb motorpaletta v\u00e1ltotta, k\u00fcl\u00f6n\u00f6sen, ha gazdas\u00e1gos d\u00edzelmotort keres\u00fcnk. Ugyanakkor a t\u00falzottan l\u00e1gy fut\u00f3m\u0171 \u00e9s a kev\u00e9sb\u00e9 \u00e9lvezetes vezethet\u0151s\u00e9g miatt nem \u00e9ri el a kateg\u00f3ria legjobbjainak szintj\u00e9t. A felszerelts\u00e9g magas szint\u0171, de az \u00e9rint\u0151k\u00e9perny\u0151s kezel\u0151fel\u00fclet m\u00e9g fejleszt\u00e9sre szorul.<br \/>\nA gy\u00e1rt\u00e1si min\u0151s\u00e9g sokat javult, \u00e9s a tulajdonosok is pozit\u00edvan \u00e9rt\u00e9kelik a megb\u00edzhat\u00f3s\u00e1got a Driver Power felm\u00e9r\u00e9s szerint, \u00edgy a 308 SW vonz\u00f3 lehet azoknak, akik praktikus csal\u00e1di aut\u00f3t keresnek. Mi a d\u00edzelmotoros 1.6 BlueHDi 120 Allure felszerelts\u00e9ggel ell\u00e1tott v\u00e1ltozatot aj\u00e1nlan\u00e1nk, mivel ez k\u00edn\u00e1lja a legjobb ar\u00e1nyt teljes\u00edtm\u00e9ny, felszerelts\u00e9g \u00e9s gazdas\u00e1goss\u00e1g ter\u00e9n.<br \/>\nKiv\u00e1l\u00f3 motorhat\u00e9konys\u00e1g, de a fut\u00f3m\u0171 dinamik\u00e1ja gyenge, \u00edgy a vezet\u00e9si \u00e9lm\u00e9ny lehetne jobb is.<br \/>\nA benzinmotorok k\u00f6z\u00fcl a legjobb v\u00e1laszt\u00e1s az \u00faj 1,2 literes e-THP 130 \u2013 egy h\u00e1romhengeres turb\u00f3s motor, amely 128 l\u00f3er\u0151t produk\u00e1l, \u00e9s kiv\u00e1l\u00f3 p\u00e9ld\u00e1ja a downsizing technol\u00f3gia el\u0151nyeinek.<br \/>\nHidegind\u00edt\u00e1sn\u00e1l viszonylag csendes, b\u00e1r a stop-start rendszer m\u0171k\u00f6d\u00e9se meglehet\u0151sen vibr\u00e1l\u00f3. A motorhoz hatfokozat\u00fa k\u00e9zi v\u00e1lt\u00f3 t\u00e1rsul, de ennek v\u00e1lt\u00e1si \u00e9rzete bizonytalan \u00e9s \u201eszivacsos\u201d, ami kiss\u00e9 k\u00e9nyelmetlenn\u00e9 teszi a sebess\u00e9gv\u00e1lt\u00e1st.<br \/>\nA 308 legjobban d\u00edzelmotorral mutatja meg er\u0151ss\u00e9geit, hiszen a l\u00e1gy hangol\u00e1s\u00fa fut\u00f3m\u0171 \u00e9s a k\u00e9nyelmes hangol\u00e1s j\u00f3l passzol a halk \u00e9s er\u0151teljes 1,6 literes BlueHDi egys\u00e9g karakter\u00e9hez.<\/p>\n","protected":false},"excerpt":{"rendered":"<p>Schmuck 1970. szeptember 2-\u00e1n sz\u00fcletett Budapesten, \u00e9s fiatalon mer\u00fclt el a politikai vil\u00e1gban. P\u00e1ly\u00e1ja az MSZP-ben indult, ahol \u00f6nkorm\u00e1nyzati k\u00e9pvisel\u0151k\u00e9nt&#8230; <span class=\"gridview-grid-post-read-more\"><a href=\"https:\/\/online-filmkatarzis.com\/kucko\/hirek\/meghalt-schmuck-andor\/\">read more<span class=\"gridview-sr-only\"> Meghalt Schmuck Andor<\/span><\/a><\/span><\/p>\n","protected":false},"author":1,"featured_media":3080,"comment_status":"open","ping_status":"open","sticky":false,"template":"","format":"standard","meta":{"footnotes":""},"categories":[1],"tags":[],"class_list":["post-3079","post","type-post","status-publish","format-standard","has-post-thumbnail","hentry","category-egyeb","wpcat-1-id"],"_links":{"self":[{"href":"https:\/\/online-filmkatarzis.com\/kucko\/hirek\/wp-json\/wp\/v2\/posts\/3079","targetHints":{"allow":["GET"]}}],"collection":[{"href":"https:\/\/online-filmkatarzis.com\/kucko\/hirek\/wp-json\/wp\/v2\/posts"}],"about":[{"href":"https:\/\/online-filmkatarzis.com\/kucko\/hirek\/wp-json\/wp\/v2\/types\/post"}],"author":[{"embeddable":true,"href":"https:\/\/online-filmkatarzis.com\/kucko\/hirek\/wp-json\/wp\/v2\/users\/1"}],"replies":[{"embeddable":true,"href":"https:\/\/online-filmkatarzis.com\/kucko\/hirek\/wp-json\/wp\/v2\/comments?post=3079"}],"version-history":[{"count":1,"href":"https:\/\/online-filmkatarzis.com\/kucko\/hirek\/wp-json\/wp\/v2\/posts\/3079\/revisions"}],"predecessor-version":[{"id":3081,"href":"https:\/\/online-filmkatarzis.com\/kucko\/hirek\/wp-json\/wp\/v2\/posts\/3079\/revisions\/3081"}],"wp:featuredmedia":[{"embeddable":true,"href":"https:\/\/online-filmkatarzis.com\/kucko\/hirek\/wp-json\/wp\/v2\/media\/3080"}],"wp:attachment":[{"href":"https:\/\/online-filmkatarzis.com\/kucko\/hirek\/wp-json\/wp\/v2\/media?parent=3079"}],"wp:term":[{"taxonomy":"category","embeddable":true,"href":"https:\/\/online-filmkatarzis.com\/kucko\/hirek\/wp-json\/wp\/v2\/categories?post=3079"},{"taxonomy":"post_tag","embeddable":true,"href":"https:\/\/online-filmkatarzis.com\/kucko\/hirek\/wp-json\/wp\/v2\/tags?post=3079"}],"curies":[{"name":"wp","href":"https:\/\/api.w.org\/{rel}","templated":true}]}}