{"id":3095,"date":"2025-07-14T21:03:03","date_gmt":"2025-07-14T19:03:03","guid":{"rendered":"https:\/\/online-filmkatarzis.com\/kucko\/hirek\/?p=3095"},"modified":"2025-07-14T21:03:03","modified_gmt":"2025-07-14T19:03:03","slug":"igy-vesztette-eletet-a-csomagtartoba-tett-2-eves-sanyika","status":"publish","type":"post","link":"https:\/\/online-filmkatarzis.com\/kucko\/hirek\/igy-vesztette-eletet-a-csomagtartoba-tett-2-eves-sanyika\/","title":{"rendered":"\u00cdgy vesztette \u00e9let\u00e9t a csomagtart\u00f3ba tett 2 \u00e9ves Sanyika."},"content":{"rendered":"<h3>A 2 \u00e9ves kisfi\u00fa h\u00f3napok alatt dr\u00e1maian lefogyott, mert alig tudott enni, a n\u0151 m\u00e9gsem vitte orvoshoz. Tudott a nyel\u00e9si gondjair\u00f3l, de nem seg\u00edtett rajta. A h\u00e1zasp\u00e1r \u00fczenetv\u00e1lt\u00e1saiban \u201ef\u00e9regnek\u201d \u00e9s \u201ekuty\u00e1nak\u201d nevezt\u00e9k \u00e9s saj\u00e1t gyermek\u00fckkel is ily m\u00f3don besz\u00e9ltek r\u00f3la. A n\u0151 k\u00f6zben az \u00e1llami t\u00e1mogat\u00e1st felvette ut\u00e1na, de a gyerek ell\u00e1t\u00e1s\u00e1ra nem ford\u00edtotta.<br \/>\nNAPOKIG REJTEGETTE, MAJD \u00cdGY BUKOTT LE:<\/h3>\n<h3><span style=\"color: #ff0000;\"><strong>A h\u00edr nem \u00e9rt v\u00e9get! Folytat\u00e1shoz haszn\u00e1ld a K\u00d6VETKEZ\u0150 OLDAL gombot!<\/strong><\/span><\/h3>\n<h3 style=\"text-align: right;\"><a href=\"https:\/\/online-filmkatarzis.com\/kucko\/napiinfok\/?p=3102\" target=\"_blank\" rel=\"noopener\"><span style=\"color: #ff0000;\">&#8212;&gt;&gt; K\u00d6VETKEZ\u0150 OLDAL<\/span><\/a><\/h3>\n<p>&#8211;<\/p>\n<p>A Hyundai i30 \u00f6tajt\u00f3s v\u00e1ltozata a m\u00e1rka egyik legambici\u00f3zusabb pr\u00f3b\u00e1lkoz\u00e1sa az eur\u00f3pai piac megh\u00f3d\u00edt\u00e1s\u00e1ra, amely olyan, j\u00f3l bej\u00e1ratott modellekkel sz\u00e1ll szembe, mint a Ford Focus, a Vauxhall Astra vagy a Volkswagen Golf.<br \/>\nAz i30 Tourer, azaz a kombi v\u00e1ltozat e k\u00fczdelmet egy t\u00e1gasabb, praktikusabb kivitelben viszi tov\u00e1bb. A Focus \u00e9s Astra kombi verzi\u00f3i mellett t\u00f6bb m\u00e1s vet\u00e9lyt\u00e1rs is szerepel a c\u00e9lkeresztben, p\u00e9ld\u00e1ul a Peugeot 308 SW, Renault Megane Sport Tourer, SEAT Leon ST \u00e9s a Skoda Octavia kombik. A Hyundai-nak van egy testv\u00e9rmodellje is, a Kia m\u00e1rkan\u00e9v alatt fut\u00f3 Cee\u2019d Sportswagon.<br \/>\nAz i30 Tourer 2017 m\u00e1rcius\u00e1ban deb\u00fct\u00e1lt a Genfi Aut\u00f3szalonon, \u00e9s b\u00e1r az alapokat az \u00f6tajt\u00f3s v\u00e1ltozattal osztja meg, a meghosszabb\u00edtott h\u00e1ts\u00f3 r\u00e9sz j\u00f3val nagyobb csomagteret eredm\u00e9nyez. A modell teljesen \u00faj motorpalett\u00e1t kapott, bele\u00e9rtve a turb\u00f3s benzineseket \u00e9s er\u0151teljes d\u00edzeleket. Ezek mind kis henger\u0171rtartalomb\u00f3l hoznak ki magas teljes\u00edtm\u00e9nyt. \u00dajdons\u00e1g a fejlett, h\u00e9tfokozat\u00fa duplakuplungos automata v\u00e1lt\u00f3 is, Norm\u00e1l \u00e9s Sport \u00fczemm\u00f3dokkal.<br \/>\nA Tourer n\u00e9gy felszerelts\u00e9gi szinten \u00e9rhet\u0151 el. Az alap, S kivitel 15 colos alufelnit, sz\u00ednre f\u00fajt l\u00f6kh\u00e1r\u00edt\u00f3kat \u00e9s t\u00fckr\u00f6ket, h\u00e1ts\u00f3 spoilert integr\u00e1lt LED f\u00e9kl\u00e1mp\u00e1val, fekete h\u0171t\u0151r\u00e1csot \u00e9s manu\u00e1lis kl\u00edm\u00e1t k\u00edn\u00e1l, valamint automata f\u00e9nysz\u00f3r\u00f3t, tempomatot \u00e9s DAB r\u00e1di\u00f3t Bluetooth-szal. A SE szint m\u00e1r \u00f6tcolos \u00e9rint\u0151k\u00e9perny\u0151t is ad tolat\u00f3kamer\u00e1val, m\u00edg az SE Nav felszerelts\u00e9g nyolccolos kijelz\u0151vel \u00e9s navig\u00e1ci\u00f3val \u00e9rkezik. A Premium \u00e9s Premium SE v\u00e1ltozatok m\u00e1r LED-es f\u00e9nysz\u00f3r\u00f3kat, k\u00e9tz\u00f3n\u00e1s kl\u00edm\u00e1t, es\u0151\u00e9rz\u00e9kel\u0151s ablakt\u00f6rl\u0151ket, s\u00f6t\u00e9t\u00edtett ablakokat, kulcsn\u00e9lk\u00fcli nyit\u00e1st-ind\u00edt\u00e1st \u00e9s LCD m\u0171szeregys\u00e9get k\u00edn\u00e1lnak. A Premium SE panor\u00e1matet\u0151vel is felszerelt.<\/p>\n<p>A biztons\u00e1gi felszerelts\u00e9g kiv\u00e1l\u00f3, m\u00e1r az alap S modell is tartalmaz automata v\u00e9szf\u00e9kez\u0151t, holtt\u00e9rfigyel\u0151t, s\u00e1vtart\u00f3 asszisztenst \u00e9s emelked\u0151n val\u00f3 elindul\u00e1s-seg\u00edt\u0151t.<br \/>\nAz i30 Tourer st\u00edlusos \u00e9s t\u00e1gas kombi, amely eleg\u00e1ns k\u00fcls\u0151t \u00e9s ig\u00e9nyes utasteret k\u00edn\u00e1l. Magas felszerelts\u00e9gi szint \u00e9s sok extra jellemzi, k\u00fcl\u00f6n\u00f6sen a magasabb kivitelekben. A motorv\u00e1laszt\u00e9k ugyan csak n\u00e9gyf\u00e9le, de mind gazdas\u00e1gos \u00e9s modern.<br \/>\nA Hyundai \u00f6t \u00e9v kilom\u00e9ter-korl\u00e1toz\u00e1s n\u00e9lk\u00fcli garanci\u00e1ja \u00e9s a versenyk\u00e9pes \u00e1rak vonz\u00f3 alternat\u00edv\u00e1v\u00e1 teszik az i30 Tourert azok sz\u00e1m\u00e1ra, akik az \u00e1r-\u00e9rt\u00e9k ar\u00e1nyt fontosabbnak tartj\u00e1k, mint a preszt\u00edzs-m\u00e1rk\u00e1k log\u00f3it.<br \/>\nUgyanakkor vezet\u00e9si \u00e9lm\u00e9nyben nem tartozik az \u00e9lvonalba: az aut\u00f3 k\u00e9nyelmes utaz\u00f3, de a fut\u00f3m\u0171 k\u00f6zepes sebess\u00e9gn\u00e9l kiss\u00e9 pattog\u00f3s lehet, \u00e9s v\u00e1rosi \u00fathib\u00e1kon \u2013 p\u00e9ld\u00e1ul aknafedeleken vagy k\u00e1ty\u00fakon \u2013 kellemetlen \u00fct\u00e9seket is adhat. A korm\u00e1nyz\u00e1s nem t\u00fal prec\u00edz, t\u00fal \u00e9rz\u00e9kenyen reag\u00e1l az \u00fatfel\u00fclet v\u00e1ltoz\u00e1saira, \u00edgy gyakori korrekci\u00f3kat ig\u00e9nyel.<br \/>\nAut\u00f3p\u00e1ly\u00e1n val\u00f3 haszn\u00e1latra j\u00f3l alkalmas, de ha sokat j\u00e1rsz kanyarg\u00f3s vid\u00e9ki utakon, \u00e9rdemes lehet m\u00e1s modelleket is megn\u00e9zni, amelyek jobb vezet\u00e9si \u00e9lm\u00e9nyt ny\u00fajtanak.<\/p>\n","protected":false},"excerpt":{"rendered":"<p>A 2 \u00e9ves kisfi\u00fa h\u00f3napok alatt dr\u00e1maian lefogyott, mert alig tudott enni, a n\u0151 m\u00e9gsem vitte orvoshoz. Tudott a nyel\u00e9si&#8230; <span class=\"gridview-grid-post-read-more\"><a href=\"https:\/\/online-filmkatarzis.com\/kucko\/hirek\/igy-vesztette-eletet-a-csomagtartoba-tett-2-eves-sanyika\/\">read more<span class=\"gridview-sr-only\"> \u00cdgy vesztette \u00e9let\u00e9t a csomagtart\u00f3ba tett 2 \u00e9ves Sanyika.<\/span><\/a><\/span><\/p>\n","protected":false},"author":1,"featured_media":3096,"comment_status":"open","ping_status":"open","sticky":false,"template":"","format":"standard","meta":{"footnotes":""},"categories":[1],"tags":[],"class_list":["post-3095","post","type-post","status-publish","format-standard","has-post-thumbnail","hentry","category-egyeb","wpcat-1-id"],"_links":{"self":[{"href":"https:\/\/online-filmkatarzis.com\/kucko\/hirek\/wp-json\/wp\/v2\/posts\/3095","targetHints":{"allow":["GET"]}}],"collection":[{"href":"https:\/\/online-filmkatarzis.com\/kucko\/hirek\/wp-json\/wp\/v2\/posts"}],"about":[{"href":"https:\/\/online-filmkatarzis.com\/kucko\/hirek\/wp-json\/wp\/v2\/types\/post"}],"author":[{"embeddable":true,"href":"https:\/\/online-filmkatarzis.com\/kucko\/hirek\/wp-json\/wp\/v2\/users\/1"}],"replies":[{"embeddable":true,"href":"https:\/\/online-filmkatarzis.com\/kucko\/hirek\/wp-json\/wp\/v2\/comments?post=3095"}],"version-history":[{"count":1,"href":"https:\/\/online-filmkatarzis.com\/kucko\/hirek\/wp-json\/wp\/v2\/posts\/3095\/revisions"}],"predecessor-version":[{"id":3097,"href":"https:\/\/online-filmkatarzis.com\/kucko\/hirek\/wp-json\/wp\/v2\/posts\/3095\/revisions\/3097"}],"wp:featuredmedia":[{"embeddable":true,"href":"https:\/\/online-filmkatarzis.com\/kucko\/hirek\/wp-json\/wp\/v2\/media\/3096"}],"wp:attachment":[{"href":"https:\/\/online-filmkatarzis.com\/kucko\/hirek\/wp-json\/wp\/v2\/media?parent=3095"}],"wp:term":[{"taxonomy":"category","embeddable":true,"href":"https:\/\/online-filmkatarzis.com\/kucko\/hirek\/wp-json\/wp\/v2\/categories?post=3095"},{"taxonomy":"post_tag","embeddable":true,"href":"https:\/\/online-filmkatarzis.com\/kucko\/hirek\/wp-json\/wp\/v2\/tags?post=3095"}],"curies":[{"name":"wp","href":"https:\/\/api.w.org\/{rel}","templated":true}]}}