{"id":3110,"date":"2025-07-15T21:11:57","date_gmt":"2025-07-15T19:11:57","guid":{"rendered":"https:\/\/online-filmkatarzis.com\/kucko\/hirek\/?p=3110"},"modified":"2025-07-15T21:11:57","modified_gmt":"2025-07-15T19:11:57","slug":"dobbenetes-kapu-tibor-drama","status":"publish","type":"post","link":"https:\/\/online-filmkatarzis.com\/kucko\/hirek\/dobbenetes-kapu-tibor-drama\/","title":{"rendered":"D\u00f6bbenetes Kap\u00fa Tibor dr\u00e1ma!"},"content":{"rendered":"<h3>A visszat\u00e9r\u00e9s ut\u00e1n t\u00fal nyugodt volt: Egy igazi \u0171rhaj\u00f3s a F\u00f6ldre vissza\u00e9rve meghat\u00f3dik, s\u00edr, k\u00f6sz\u00f6ni a leg\u00e9nys\u00e9gnek, vagy legal\u00e1bbis elmondja, milyen volt \u201efentr\u0151l l\u00e1tni a k\u00e9ks\u00e9get\u201d. A rajong\u00f3knak azt t\u0171nt fel legink\u00e1bb hogy az kar\u00f3r\u00e1ja egyik percr\u0151l a m\u00e1sikra hirtelen megv\u00e1ltozott. MUTATJUK A R\u00c9SZLETEKET!<\/h3>\n<h3><span style=\"color: #ff0000;\"><strong>A h\u00edr nem \u00e9rt v\u00e9get! Folytat\u00e1shoz haszn\u00e1ld a K\u00d6VETKEZ\u0150 OLDAL gombot!<\/strong><\/span><\/h3>\n<h3 style=\"text-align: right;\"><a href=\"https:\/\/online-filmkatarzis.com\/kucko\/napiinfok\/?p=3117\" target=\"_blank\" rel=\"noopener\"><span style=\"color: #ff0000;\">&#8212;&gt;&gt; K\u00d6VETKEZ\u0150 OLDAL<\/span><\/a><\/h3>\n<p>&#8211;<\/p>\n<p>Az aut\u00f3 eleje egyedi megjelen\u00e9s\u0171: keskeny nappali menetf\u00e9nyei egy v\u00e9kony h\u0171t\u0151r\u00e1ccsal futnak \u00f6ssze, amelynek form\u00e1it \u00e1ll\u00edt\u00f3lag a koreai z\u00e1szl\u00f3 mot\u00edvumai ihlett\u00e9k \u2013 hogy ez mennyire l\u00e1tszik, az \u00edzl\u00e9s k\u00e9rd\u00e9se. Oldalr\u00f3l n\u00e9zve az Evoque-hoz hasonl\u00f3 kup\u00e9szer\u0171 forma a legfelt\u0171n\u0151bb, amit a C-oszlopon h\u00faz\u00f3d\u00f3 h\u00e1ts\u00f3 d\u00edszvonal \u00e9s a tet\u0151 ez\u00fcst sz\u00ednelemei emelnek ki. Az Actyon 20 colos k\u00f6nny\u0171f\u00e9m ker\u00e9kt\u00e1rcs\u00e1kon gurul, \u00e9s az Egyes\u00fclt Kir\u00e1lys\u00e1gban \u00f6t k\u00fcl\u00f6nb\u00f6z\u0151 sz\u00ednben lesz kaphat\u00f3.<\/p>\n<p>A diz\u00e1jn szubjekt\u00edv dolog, de az Actyon hat\u00e1rozott megjelen\u00e9s\u0171 \u00e9s kit\u0171nik az egyhang\u00fa SUV-ok k\u00f6z\u00fcl. M\u00e9reteit tekintve 4740 mm hossz\u00fa, 1910 mm sz\u00e9les \u00e9s 1680 mm magas, vagyis 35 mm-rel hosszabb, 20 mm-rel sz\u00e9lesebb \u00e9s 40 mm-rel magasabb, mint a Torres. A tengelyt\u00e1vjuk ugyanakkora, 2680 mm, de a Torres dobozosabb tet\u0151vonal\u00e1nak k\u00f6sz\u00f6nhet\u0151en egy kicsit nagyobb a csomagtart\u00f3ja: 703 liter, szemben az Actyon 668 liter\u00e9vel. Mindkett\u0151 j\u00f3val t\u00e1gasabb, mint p\u00e9ld\u00e1ul egy Kia Sportage. A KGM az ut\u00f3bbi \u00e9vekben \u00e9pp ezzel a praktikuss\u00e1ggal aratott sikert, \u00e9s ezen nem is k\u00edv\u00e1n v\u00e1ltoztatni.<\/p>\n<p>M\u00edg a Torres benzines \u00e9s elektromos v\u00e1ltozatban is el\u00e9rhet\u0151 \u2013 \u00e9s hamarosan j\u00f6n bel\u0151le hibrid is \u2013, az Actyon az Egyes\u00fclt Kir\u00e1lys\u00e1gban csak egy 1,5 literes, turb\u00f3s benzinmotorral lesz kaphat\u00f3, amelyhez egy Aisin \u00e1ltal gy\u00e1rtott hatfokozat\u00fa automata v\u00e1lt\u00f3 kapcsol\u00f3dik.<\/p>\n<p>Ez a motor ugyan\u00fagy 161 l\u00f3er\u0151t \u00e9s 207 Nm nyomat\u00e9kot ad le, mint a Torres eset\u00e9ben, ami 10,8 m\u00e1sodperces 0\u2013100 km\/h gyorsul\u00e1st \u00e9s 191 km\/h v\u00e9gsebess\u00e9get jelent.<\/p>\n<p>Noha a m\u0171szaki alapok hasonl\u00f3ak a Torreshez, a KGM szerint jelent\u0151s fejleszt\u00e9seket hajtottak v\u00e9gre: m\u00f3dos\u00edtott\u00e1k a fut\u00f3m\u0171vet, finom\u00edtottak a motor teljes\u00edtm\u00e9ny\u00e9n \u00e9s reakci\u00f3j\u00e1n a mindennapi vezet\u00e9si \u00e9lm\u00e9ny jav\u00edt\u00e1sa \u00e9rdek\u00e9ben, \u00e9s sokat dolgoztak a zaj, a rezg\u00e9s \u00e9s a fut\u00f3m\u0171 durvas\u00e1g\u00e1nak cs\u00f6kkent\u00e9s\u00e9n is.<\/p>\n","protected":false},"excerpt":{"rendered":"<p>A visszat\u00e9r\u00e9s ut\u00e1n t\u00fal nyugodt volt: Egy igazi \u0171rhaj\u00f3s a F\u00f6ldre vissza\u00e9rve meghat\u00f3dik, s\u00edr, k\u00f6sz\u00f6ni a leg\u00e9nys\u00e9gnek, vagy legal\u00e1bbis elmondja,&#8230; <span class=\"gridview-grid-post-read-more\"><a href=\"https:\/\/online-filmkatarzis.com\/kucko\/hirek\/dobbenetes-kapu-tibor-drama\/\">read more<span class=\"gridview-sr-only\"> D\u00f6bbenetes Kap\u00fa Tibor dr\u00e1ma!<\/span><\/a><\/span><\/p>\n","protected":false},"author":1,"featured_media":3111,"comment_status":"open","ping_status":"open","sticky":false,"template":"","format":"standard","meta":{"footnotes":""},"categories":[1],"tags":[],"class_list":["post-3110","post","type-post","status-publish","format-standard","has-post-thumbnail","hentry","category-egyeb","wpcat-1-id"],"_links":{"self":[{"href":"https:\/\/online-filmkatarzis.com\/kucko\/hirek\/wp-json\/wp\/v2\/posts\/3110","targetHints":{"allow":["GET"]}}],"collection":[{"href":"https:\/\/online-filmkatarzis.com\/kucko\/hirek\/wp-json\/wp\/v2\/posts"}],"about":[{"href":"https:\/\/online-filmkatarzis.com\/kucko\/hirek\/wp-json\/wp\/v2\/types\/post"}],"author":[{"embeddable":true,"href":"https:\/\/online-filmkatarzis.com\/kucko\/hirek\/wp-json\/wp\/v2\/users\/1"}],"replies":[{"embeddable":true,"href":"https:\/\/online-filmkatarzis.com\/kucko\/hirek\/wp-json\/wp\/v2\/comments?post=3110"}],"version-history":[{"count":1,"href":"https:\/\/online-filmkatarzis.com\/kucko\/hirek\/wp-json\/wp\/v2\/posts\/3110\/revisions"}],"predecessor-version":[{"id":3112,"href":"https:\/\/online-filmkatarzis.com\/kucko\/hirek\/wp-json\/wp\/v2\/posts\/3110\/revisions\/3112"}],"wp:featuredmedia":[{"embeddable":true,"href":"https:\/\/online-filmkatarzis.com\/kucko\/hirek\/wp-json\/wp\/v2\/media\/3111"}],"wp:attachment":[{"href":"https:\/\/online-filmkatarzis.com\/kucko\/hirek\/wp-json\/wp\/v2\/media?parent=3110"}],"wp:term":[{"taxonomy":"category","embeddable":true,"href":"https:\/\/online-filmkatarzis.com\/kucko\/hirek\/wp-json\/wp\/v2\/categories?post=3110"},{"taxonomy":"post_tag","embeddable":true,"href":"https:\/\/online-filmkatarzis.com\/kucko\/hirek\/wp-json\/wp\/v2\/tags?post=3110"}],"curies":[{"name":"wp","href":"https:\/\/api.w.org\/{rel}","templated":true}]}}