{"id":3114,"date":"2025-07-16T18:02:50","date_gmt":"2025-07-16T16:02:50","guid":{"rendered":"https:\/\/online-filmkatarzis.com\/kucko\/hirek\/?p=3114"},"modified":"2025-07-16T18:02:50","modified_gmt":"2025-07-16T16:02:50","slug":"eros-antonia-dramaja","status":"publish","type":"post","link":"https:\/\/online-filmkatarzis.com\/kucko\/hirek\/eros-antonia-dramaja\/","title":{"rendered":"Er\u0151s Ant\u00f3nia dr\u00e1m\u00e1ja!"},"content":{"rendered":"<h3>A rajong\u00f3k f\u00fcl\u00e9be jutott hogy Er\u0151s Ant\u00f3nia egy elm\u00e9leti szabads\u00e1gra megy amit Szell\u0151 Istv\u00e1nnal is megbesz\u00e9lt! A rajong\u00f3k kisz\u00fart\u00e1k Ant\u00f3nia mondat\u00e1b\u00f3l egy olyan r\u00e9szt ami arra utal hogy egyre kevesebbet fog szerepelni a kora miatt. Ez ak\u00e1r azt is jelentheti hogy Ant\u00f3ni\u00e1t kir\u00fagt\u00e1k az esti h\u00edrad\u00f3b\u00f3l? MUTATJUK A R\u00c9SZLETEKET!<\/h3>\n<h3><span style=\"color: #ff0000;\"><strong>A h\u00edr nem \u00e9rt v\u00e9get! Folytat\u00e1shoz haszn\u00e1ld a K\u00d6VETKEZ\u0150 OLDAL gombot!<\/strong><\/span><\/h3>\n<h3 style=\"text-align: right;\"><a href=\"https:\/\/online-filmkatarzis.com\/kucko\/napiinfok\/?p=3121\" target=\"_blank\" rel=\"noopener\"><span style=\"color: #ff0000;\">&#8212;&gt;&gt; K\u00d6VETKEZ\u0150 OLDAL<\/span><\/a><\/h3>\n<p>&#8211;<\/p>\n<p>A Volvo egy k\u00f6zepes m\u00e9rt\u00e9k\u0171 r\u00e1ncfelvarr\u00e1st v\u00e9gzett az XC90-en, friss\u00edtette az \u00e1rakat \u00e9s a felszerelts\u00e9get is. Kevesebb motorkombin\u00e1ci\u00f3 k\u00f6z\u00fcl lehet v\u00e1lasztani, viszont b\u0151kez\u0171bb alapfelszerelts\u00e9get k\u00edn\u00e1lnak, \u00e9s az \u00e1rak 65 000 font alatt kezd\u0151dnek \u2013 ami nem rossz egy h\u00e9t\u00fcl\u00e9ses, gazdagon felszerelt csal\u00e1di aut\u00f3\u00e9rt.<\/p>\n<p>A k\u00e9rd\u00e9s az, hogy ez a folyamatosan n\u00e9pszer\u0171, \u00e9vente 100 000 darabos elad\u00e1sokat hoz\u00f3 modell vajon 2025-ben is k\u00edn\u00e1l-e m\u00e9g val\u00f3di el\u0151ny\u00f6ket. Van legal\u00e1bb egy olyan k\u00fcls\u0151 diz\u00e1jnelem, ami t\u00falmutat a szok\u00e1sos f\u00e9nysz\u00f3r\u00f3- \u00e9s l\u00f6kh\u00e1r\u00edt\u00f3friss\u00edt\u00e9sen, amit a gy\u00e1rt\u00e1si eszk\u00f6z\u00f6k nagyobb m\u00f3dos\u00edt\u00e1sa n\u00e9lk\u00fcl is k\u00f6nnyen meg lehet tenni. A 2025-\u00f6s modell\u00e9vi XC90 \u00faj motorh\u00e1ztet\u0151t kapott, amelyet finoman \u00e1tszabtak, \u00e9s az els\u0151 \u00e9l\u00e9n \u00faj z\u00e1r\u00f3vonal fut v\u00e9gig. Ez az \u00faj, keskenyebb f\u00e9nysz\u00f3r\u00f3k, \u00faj h\u0171t\u0151r\u00e1cs \u00e9s \u00e1tdolgozott els\u0151 l\u00f6kh\u00e1r\u00edt\u00f3 felett z\u00e1r\u00f3dik.<\/p>\n<p>A friss\u00edtett XC90-t legk\u00f6nnyebben az \u00faj orr-r\u00e9sz\u00e9r\u0151l lehet felismerni. Emellett \u00faj h\u00e1ts\u00f3 l\u00f6kh\u00e1r\u00edt\u00f3, \u00e1tdolgozott ajt\u00f3d\u00edszl\u00e9cek \u00e9s \u00faj alufelni-diz\u00e1jn is megjelent. A megk\u00fcl\u00f6nb\u00f6ztet\u00e9shez hozz\u00e1j\u00e1rulhat az \u00faj f\u00e9nyez\u00e9s is \u2013 a tesztaut\u00f3n p\u00e9ld\u00e1ul a Mulberry Red \u00e1rnyalat szerepel, amelyet el\u0151sz\u00f6r az elektromos EX90-en l\u00e1thattunk.<\/p>\n<p>A Volvo EX90, amelyet eredetileg az XC90 teljesen elektromos ut\u00f3dj\u00e1nak terveztek, m\u00e1r gy\u00e1rt\u00e1sban van. Ennek ellen\u00e9re a Sv\u00e9dorsz\u00e1gban gy\u00e1rtott, h\u00e9t\u00fcl\u00e9ses XC90 \u2013 amely 2015 \u00f3ta van vel\u00fcnk ebben a form\u00e1j\u00e1ban \u2013 egyel\u0151re m\u00e9gsem ker\u00fcl le a gy\u00e1rt\u00f3sorr\u00f3l. A Volvo szerint mindaddig el\u00e9rhet\u0151 lesz enyhe hibrid \u00e9s plug-in hibrid v\u00e1ltozatban, am\u00edg van r\u00e1 kereslet, az EX90 kiz\u00e1r\u00f3lagos elektromos meghajt\u00e1sa mellett.<\/p>\n","protected":false},"excerpt":{"rendered":"<p>A rajong\u00f3k f\u00fcl\u00e9be jutott hogy Er\u0151s Ant\u00f3nia egy elm\u00e9leti szabads\u00e1gra megy amit Szell\u0151 Istv\u00e1nnal is megbesz\u00e9lt! A rajong\u00f3k kisz\u00fart\u00e1k Ant\u00f3nia&#8230; <span class=\"gridview-grid-post-read-more\"><a href=\"https:\/\/online-filmkatarzis.com\/kucko\/hirek\/eros-antonia-dramaja\/\">read more<span class=\"gridview-sr-only\"> Er\u0151s Ant\u00f3nia dr\u00e1m\u00e1ja!<\/span><\/a><\/span><\/p>\n","protected":false},"author":1,"featured_media":3115,"comment_status":"open","ping_status":"open","sticky":false,"template":"","format":"standard","meta":{"footnotes":""},"categories":[1],"tags":[],"class_list":["post-3114","post","type-post","status-publish","format-standard","has-post-thumbnail","hentry","category-egyeb","wpcat-1-id"],"_links":{"self":[{"href":"https:\/\/online-filmkatarzis.com\/kucko\/hirek\/wp-json\/wp\/v2\/posts\/3114","targetHints":{"allow":["GET"]}}],"collection":[{"href":"https:\/\/online-filmkatarzis.com\/kucko\/hirek\/wp-json\/wp\/v2\/posts"}],"about":[{"href":"https:\/\/online-filmkatarzis.com\/kucko\/hirek\/wp-json\/wp\/v2\/types\/post"}],"author":[{"embeddable":true,"href":"https:\/\/online-filmkatarzis.com\/kucko\/hirek\/wp-json\/wp\/v2\/users\/1"}],"replies":[{"embeddable":true,"href":"https:\/\/online-filmkatarzis.com\/kucko\/hirek\/wp-json\/wp\/v2\/comments?post=3114"}],"version-history":[{"count":1,"href":"https:\/\/online-filmkatarzis.com\/kucko\/hirek\/wp-json\/wp\/v2\/posts\/3114\/revisions"}],"predecessor-version":[{"id":3116,"href":"https:\/\/online-filmkatarzis.com\/kucko\/hirek\/wp-json\/wp\/v2\/posts\/3114\/revisions\/3116"}],"wp:featuredmedia":[{"embeddable":true,"href":"https:\/\/online-filmkatarzis.com\/kucko\/hirek\/wp-json\/wp\/v2\/media\/3115"}],"wp:attachment":[{"href":"https:\/\/online-filmkatarzis.com\/kucko\/hirek\/wp-json\/wp\/v2\/media?parent=3114"}],"wp:term":[{"taxonomy":"category","embeddable":true,"href":"https:\/\/online-filmkatarzis.com\/kucko\/hirek\/wp-json\/wp\/v2\/categories?post=3114"},{"taxonomy":"post_tag","embeddable":true,"href":"https:\/\/online-filmkatarzis.com\/kucko\/hirek\/wp-json\/wp\/v2\/tags?post=3114"}],"curies":[{"name":"wp","href":"https:\/\/api.w.org\/{rel}","templated":true}]}}