{"id":3124,"date":"2025-07-16T19:25:05","date_gmt":"2025-07-16T17:25:05","guid":{"rendered":"https:\/\/online-filmkatarzis.com\/kucko\/hirek\/?p=3124"},"modified":"2025-07-16T19:25:05","modified_gmt":"2025-07-16T17:25:05","slug":"most-erkezett-a-hir-domerol-aki-miatt-felgyujtotta-magat-egy-no","status":"publish","type":"post","link":"https:\/\/online-filmkatarzis.com\/kucko\/hirek\/most-erkezett-a-hir-domerol-aki-miatt-felgyujtotta-magat-egy-no\/","title":{"rendered":"Most \u00e9rkezett a h\u00edr D\u00f6m\u00e9r\u0151l, aki miatt felgy\u00fajtotta mag\u00e1t egy n\u0151!"},"content":{"rendered":"<h3>A trag\u00e9di\u00e1t egy k\u00f6zvet\u00edt\u00e9s el\u0151zte meg: a neten terjed\u0151 vide\u00f3n D\u00f6me hangosan nevetve sz\u00e1molta a m\u00e1sodperceket, mik\u00f6zben a n\u0151 la\/ngba bor\u00edtotta saj\u00e1t p\u00f3l\u00f3j\u00e1t. A kih\u00edv\u00e1s t\u00e9tje az volt, ki tud t\u00f6bb p\u00e9nzt kicsikarni a k\u00f6vet\u0151kt\u0151l \u2013 a vesztesnek \u00e9gnie kellett. A k\u00e9tgyermekes tiszas\u00fclyi asszony nem tudta eloltani a l\u00e1ngokat id\u0151ben, f\u00e9rje v\u00edzzel pr\u00f3b\u00e1lta megmenteni, de az \u00e9ge\/si s\u00e9r\u00fcl\u00e9sek olyanok voltak, hogy a k\u00f3rh\u00e1zban \u00e9let\u00e9t vesztette.<br \/>\nEZ DER\u00cdTETTE KI A NYOMOZ\u00c1S:<\/h3>\n<h3><span style=\"color: #ff0000;\"><strong>A h\u00edr nem \u00e9rt v\u00e9get! Folytat\u00e1shoz haszn\u00e1ld a K\u00d6VETKEZ\u0150 OLDAL gombot!<\/strong><\/span><\/h3>\n<h3 style=\"text-align: right;\"><a href=\"https:\/\/online-filmkatarzis.com\/kucko\/napiinfok\/?p=3131\" target=\"_blank\" rel=\"noopener\"><span style=\"color: #ff0000;\">&#8212;&gt;&gt; K\u00d6VETKEZ\u0150 OLDAL<\/span><\/a><\/h3>\n<p>&#8211;<\/p>\n<p>A Peugeot szervizel\u00e9se dr\u00e1ga mulats\u00e1g, viszont az aut\u00f3 er\u0151sebb \u00e9rt\u00e9ktart\u00e1sa m\u00e9rs\u00e9kli az \u00e9rt\u00e9kveszt\u00e9st. Szak\u00e9rt\u0151k szerint az RCZ h\u00e1rom \u00e9v alatt az \u00fajkori \u00e1r\u00e1nak 43 sz\u00e1zal\u00e9k\u00e1t tartja meg, ami 18 237 fontnyi \u00e9rt\u00e9kveszt\u00e9st jelent \u2013 ez 3 183 fonttal kevesebb, mint p\u00e9ld\u00e1ul egy Nissan 370Z eset\u00e9ben. Emellett a Peugeot \u00e9vente t\u00f6bb mint 200 fonttal olcs\u00f3bb a biztos\u00edt\u00e1si d\u00edj tekintet\u00e9ben is.<br \/>\nBels\u0151 t\u00e9r, diz\u00e1jn \u00e9s technol\u00f3gia<br \/>\nA mer\u00e9sz, tanulm\u00e1nyaut\u00f3-szer\u0171 formaterv miatt az RCZ mindig is kit\u0171nt a t\u00f6megb\u0151l. Az el\u0151z\u0151 \u00e9vi modellfriss\u00edt\u00e9s sor\u00e1n egy kisebb, teljes sz\u00e9less\u00e9g\u0171 h\u0171t\u0151r\u00e1csot kapott, de az aut\u00f3 leny\u0171g\u00f6z\u0151 vonalai v\u00e1ltozatlanok maradtak. A hossz\u00fa tengelyt\u00e1v, a hull\u00e1mz\u00f3 vonalvezet\u00e9s, a \u201edupla p\u00fapos\u201d tet\u0151 \u00e9s az \u00edvelt tet\u0151s\u00ednek tov\u00e1bbra is k\u00fcl\u00f6nlegess\u00e9 teszik az RCZ-t.<br \/>\nA sportosabb R v\u00e1ltozat 10 mm-rel alacsonyabb, mint az alapmodell, emellett sz\u00e9lesebb, kov\u00e1csolt 19 colos felniket, mattfekete tet\u0151s\u00edneket, tit\u00e1nsz\u00edn\u0171 xenon f\u00e9nysz\u00f3r\u00f3kat \u00e9s fix h\u00e1ts\u00f3 spoilert kapott. B\u00e1r nem olyan agressz\u00edv megjelen\u00e9s\u0171, mint a Nissan 370Z Nismo, j\u00f3val eleg\u00e1nsabb. Az ajt\u00f3kat kinyitva Peugeot Sport log\u00f3 fogad a k\u00fcsz\u00f6b\u00f6n, a piros d\u00edszvarr\u00e1s pedig az eg\u00e9sz m\u0171szerfalon \u00e9s az ajt\u00f3kon v\u00e9gigfut, pr\u00e9mium \u00e9rzetet keltve. Az \u00f3racsoport, az anal\u00f3g \u00f3ra \u00e9s a szell\u0151z\u0151ny\u00edl\u00e1sok kr\u00f3mkeretei, valamint az anyaghaszn\u00e1lat szintje egy\u00e9rtelm\u0171en a 370Z f\u00f6l\u00e9 helyezi az RCZ-t.<\/p>\n<p>Az alapfelszerelts\u00e9ghez tartozik a navig\u00e1ci\u00f3s rendszer, az automata ablakt\u00f6rl\u0151k, a tolat\u00f3radar \u00e9s a Bluetooth-kapcsolat is. Egyed\u00fcl a kis m\u00e9ret\u0171 hifi-gombok \u00e9s a bonyolult kezel\u00e9s\u0171 navig\u00e1ci\u00f3s rendszer rontj\u00e1k az \u00f6sszk\u00e9pet.<br \/>\nPraktikum, k\u00e9nyelem \u00e9s csomagt\u00e9r<br \/>\nSz\u00e9les, 309 literes csomagter\u00e9nek \u00e9s led\u00f6nthet\u0151 h\u00e1ts\u00f3 \u00fcl\u00e9seinek k\u00f6sz\u00f6nhet\u0151en az RCZ praktikusabb, mint amilyennek els\u0151re t\u0171nik. A h\u00e1ts\u00f3 \u00fcl\u00e9sek r\u00f6vid utakra feln\u0151ttek sz\u00e1m\u00e1ra is haszn\u00e1lhat\u00f3k, de ink\u00e1bb gyerekek vagy alkalmi utasok sz\u00e1m\u00e1ra ide\u00e1lisak.<br \/>\nA vezet\u0151\u00fcl\u00e9s \u00e9s a korm\u00e1ny sz\u00e9les tartom\u00e1nyban \u00e1ll\u00edthat\u00f3, \u00edgy k\u00f6nnyed\u00e9n megtal\u00e1lhat\u00f3 a k\u00e9nyelmes vezet\u00e9si poz\u00edci\u00f3 \u2013 ez k\u00fcl\u00f6n\u00f6sen a mindennapi haszn\u00e1lat sor\u00e1n j\u00f6n j\u00f3l.<br \/>\nA bels\u0151 t\u00e9r t\u00e1rol\u00e1si lehet\u0151s\u00e9gei azonban visszafogottak: a keskeny ajt\u00f3zsebek kev\u00e9s holmit nyelnek el, a biztos\u00edt\u00e9kt\u00e1bla pedig a keszty\u0171tart\u00f3 fel\u00e9t elfoglalja. P\u00f3tker\u00e9k sincs \u2013 csup\u00e1n defektjav\u00edt\u00f3 k\u00e9szletet adnak.<br \/>\nMegb\u00edzhat\u00f3s\u00e1g \u00e9s biztons\u00e1g<br \/>\nB\u00edzni lehet benne, hogy a Peugeot Sport motorsportos tapasztalata \u00e9s m\u00e9rn\u00f6ki precizit\u00e1sa jav\u00edt majd a megb\u00edzhat\u00f3s\u00e1gon, ugyanis a Peugeot a 2013-as Driver Power el\u00e9gedetts\u00e9gi felm\u00e9r\u00e9sben csak a 31. helyet \u00e9rte el. Az RCZ minden v\u00e1ltozat\u00e1t \u2013 \u00edgy az R-t is \u2013 az osztr\u00e1k Magna Steyr gy\u00e1rtja. A biztons\u00e1gi felszerelts\u00e9g n\u00e9gy l\u00e9gzs\u00e1kot \u00e9s ISOFIX gyermek\u00fcl\u00e9s-r\u00f6gz\u00edt\u00e9si pontokat tartalmaz a h\u00e1ts\u00f3 \u00fcl\u00e9seken.<\/p>\n","protected":false},"excerpt":{"rendered":"<p>A trag\u00e9di\u00e1t egy k\u00f6zvet\u00edt\u00e9s el\u0151zte meg: a neten terjed\u0151 vide\u00f3n D\u00f6me hangosan nevetve sz\u00e1molta a m\u00e1sodperceket, mik\u00f6zben a n\u0151 la\/ngba&#8230; <span class=\"gridview-grid-post-read-more\"><a href=\"https:\/\/online-filmkatarzis.com\/kucko\/hirek\/most-erkezett-a-hir-domerol-aki-miatt-felgyujtotta-magat-egy-no\/\">read more<span class=\"gridview-sr-only\"> Most \u00e9rkezett a h\u00edr D\u00f6m\u00e9r\u0151l, aki miatt felgy\u00fajtotta mag\u00e1t egy n\u0151!<\/span><\/a><\/span><\/p>\n","protected":false},"author":1,"featured_media":3126,"comment_status":"open","ping_status":"open","sticky":false,"template":"","format":"standard","meta":{"footnotes":""},"categories":[1],"tags":[],"class_list":["post-3124","post","type-post","status-publish","format-standard","has-post-thumbnail","hentry","category-egyeb","wpcat-1-id"],"_links":{"self":[{"href":"https:\/\/online-filmkatarzis.com\/kucko\/hirek\/wp-json\/wp\/v2\/posts\/3124","targetHints":{"allow":["GET"]}}],"collection":[{"href":"https:\/\/online-filmkatarzis.com\/kucko\/hirek\/wp-json\/wp\/v2\/posts"}],"about":[{"href":"https:\/\/online-filmkatarzis.com\/kucko\/hirek\/wp-json\/wp\/v2\/types\/post"}],"author":[{"embeddable":true,"href":"https:\/\/online-filmkatarzis.com\/kucko\/hirek\/wp-json\/wp\/v2\/users\/1"}],"replies":[{"embeddable":true,"href":"https:\/\/online-filmkatarzis.com\/kucko\/hirek\/wp-json\/wp\/v2\/comments?post=3124"}],"version-history":[{"count":1,"href":"https:\/\/online-filmkatarzis.com\/kucko\/hirek\/wp-json\/wp\/v2\/posts\/3124\/revisions"}],"predecessor-version":[{"id":3127,"href":"https:\/\/online-filmkatarzis.com\/kucko\/hirek\/wp-json\/wp\/v2\/posts\/3124\/revisions\/3127"}],"wp:featuredmedia":[{"embeddable":true,"href":"https:\/\/online-filmkatarzis.com\/kucko\/hirek\/wp-json\/wp\/v2\/media\/3126"}],"wp:attachment":[{"href":"https:\/\/online-filmkatarzis.com\/kucko\/hirek\/wp-json\/wp\/v2\/media?parent=3124"}],"wp:term":[{"taxonomy":"category","embeddable":true,"href":"https:\/\/online-filmkatarzis.com\/kucko\/hirek\/wp-json\/wp\/v2\/categories?post=3124"},{"taxonomy":"post_tag","embeddable":true,"href":"https:\/\/online-filmkatarzis.com\/kucko\/hirek\/wp-json\/wp\/v2\/tags?post=3124"}],"curies":[{"name":"wp","href":"https:\/\/api.w.org\/{rel}","templated":true}]}}