{"id":3128,"date":"2025-07-17T16:06:11","date_gmt":"2025-07-17T14:06:11","guid":{"rendered":"https:\/\/online-filmkatarzis.com\/kucko\/hirek\/?p=3128"},"modified":"2025-07-17T16:06:11","modified_gmt":"2025-07-17T14:06:11","slug":"mindenki-a-babat-varta-de-fekete-feher-kepet-osztott-meg-vajna-timea","status":"publish","type":"post","link":"https:\/\/online-filmkatarzis.com\/kucko\/hirek\/mindenki-a-babat-varta-de-fekete-feher-kepet-osztott-meg-vajna-timea\/","title":{"rendered":"Mindenki a Bab\u00e1t v\u00e1rta, de fekete-feh\u00e9r k\u00e9pet osztott meg Vajna T\u00edmea!"},"content":{"rendered":"<h3>A kicsi m\u00e1r nevet is kapott: Hailey n\u00e9vre fog hallgatni. A kismama a napokban m\u00e1r a k\u00f3rh\u00e1zb\u00f3l jelentkezett be k\u00f6z\u00f6ss\u00e9gi oldal\u00e1n, jelezve, hogy megindult n\u00e1la a sz\u00fcl\u00e9s. J\u00falius 16-\u00e1n k\u00f6zz\u00e9tett posztja alapj\u00e1n m\u00e1r csak \u00f3r\u00e1k k\u00e9rd\u00e9se lehetett, hogy vil\u00e1gra j\u00f6jj\u00f6n a kisl\u00e1ny. A k\u00f6vet\u0151i izgatottan \u00e9s egy\u00fctt\u00e9rz\u0151en figyelik a fejlem\u00e9nyeket, most m\u00e9gis egy nem v\u00e1rt fot\u00f3t osztott meg T\u00edmea:<\/h3>\n<h3><span style=\"color: #ff0000;\"><strong>A h\u00edr nem \u00e9rt v\u00e9get! Folytat\u00e1shoz haszn\u00e1ld a K\u00d6VETKEZ\u0150 OLDAL gombot!<\/strong><\/span><\/h3>\n<h3 style=\"text-align: right;\"><a href=\"https:\/\/online-filmkatarzis.com\/kucko\/napiinfok\/?p=3135\" target=\"_blank\" rel=\"noopener\"><span style=\"color: #ff0000;\">&#8212;&gt;&gt; K\u00d6VETKEZ\u0150 OLDAL<\/span><\/a><\/h3>\n<p>&#8211;<\/p>\n<p>B\u00e1r az Arkana az ismer\u0151s Renault-csal\u00e1di arculatot viseli, az oldaln\u00e9zete kev\u00e9sb\u00e9 felismerhet\u0151 \u00e9s egyedibb. T\u00f6bb tesztel\u0151 is megjegyezte, hogy bizonyos sz\u00f6gekb\u0151l er\u0151sen eml\u00e9keztet a BMW X4-re.<br \/>\nA modell eredete csak fokozza a z\u0171rzavart. A Renault 2019 \u00f3ta \u00e1rul egy Arkana modellt Oroszorsz\u00e1gban, \u00e9s b\u00e1r az aut\u00f3 k\u00fcls\u0151re hasonl\u00f3, a Dacia-min\u0151s\u00e9g\u0171 bels\u0151 m\u00e1r el\u00e1rulja, hogy a r\u00e9gebbi Dacia Duster platformra \u00e9p\u00fclt.<br \/>\nA fekete tet\u0151 300 font fel\u00e1ras opci\u00f3, de a C-oszlop mindig karossz\u00e9riasz\u00edn\u0171, \u00edgy a hat\u00e1s kev\u00e9sb\u00e9 dr\u00e1mai, mint m\u00e1s k\u00e9t\u00e1rnyalat\u00fa modellekn\u00e9l, ahol \u201elebeg\u0151 tet\u0151\u201d hat\u00e1st \u00e9rnek el.<br \/>\nAz eur\u00f3pai v\u00e1ltozat, vagyis a \u201emi Arkan\u00e1nk\u201d, egy megny\u00fajtott Renault Captur alapjaira \u00e9p\u00fcl. A modernebb platform \u00e9s frissebb alkatr\u00e9szek r\u00e9v\u00e9n az eur\u00f3pai v\u00e1ltozat jobban rug\u00f3zik \u00e9s kezesebben vezethet\u0151. H\u00e1tul csatolt hosszleng\u0151karos (torsion beam) fut\u00f3m\u0171 dolgozik \u2013 ak\u00e1rcsak a Capturben \u00e9s a Clioban \u2013, ami ugyan nem cs\u00facstechnika, de ezek a testv\u00e9rmodellek m\u00e9gis oszt\u00e1lyels\u0151 dinamik\u00e1t k\u00edn\u00e1lnak.<\/p>\n<p>B\u00e1r rokons\u00e1gban \u00e1ll a spanyolorsz\u00e1gi Valladolidban k\u00e9sz\u00fcl\u0151 Capturral, az Arkan\u00e1t a d\u00e9l-koreai Busanban gy\u00e1rtj\u00e1k, ahol Samsung XM3 n\u00e9ven fut. (A Samsung Motors val\u00f3ban az elektronikai \u00f3ri\u00e1sc\u00e9g aut\u00f3ipari r\u00e9szlegek\u00e9nt indult, \u00e9s b\u00e1r ma m\u00e1r a Renault a f\u0151 tulajdonos, a Samsung m\u00e9g mindig rendelkezik kisebbs\u00e9gi r\u00e9szesed\u00e9ssel.)<br \/>\nA motorv\u00e1laszt\u00e9k elt\u00e9r a platformtestv\u00e9r Capturt\u00f3l: k\u00e9tf\u00e9le hajt\u00e1sl\u00e1ncot k\u00edn\u00e1l az Arkana.<br \/>\n1.3 TCe mild-hibrid \u2013 138 l\u00f3er\u0151s, n\u00e9gyhengeres, turb\u00f3s benzinmotor \u2013 12V-os enyhe hibrid rendszer, amely csak a seg\u00e9dberendez\u00e9sek m\u0171k\u00f6dtet\u00e9s\u00e9re szolg\u00e1l, ha a motor \u00e1ll.<br \/>\nE-Tech Hybrid 145 (a tesztaut\u00f3) \u2013 1.6 literes, sz\u00edv\u00f3 n\u00e9gyhengeres benzinmotor \u2013 K\u00e9t villanymotor: egy er\u0151sebb hajt\u00f3motor + egy kisebb, ind\u00edt\u00f3motork\u00e9nt \u00e9s gener\u00e1tork\u00e9nt funkcion\u00e1l \u2013 \u00d6tfokozat\u00fa, szinkroniz\u00e1latlan v\u00e1lt\u00f3, tengelykapcsol\u00f3 n\u00e9lk\u00fcl<br \/>\nA hajt\u00e1s \u00fagy indul, hogy a motor \u00fcresbe v\u00e1lt, \u00edgy teljesen lekapcsolj\u00e1k az er\u0151\u00e1tvitelr\u0151l \u2013 az aut\u00f3 mindig elektromosan indul el. A benzinmotor semleges \u00e1ll\u00e1sban is tudja t\u00f6lteni az akkumul\u00e1tort, hogy legyen el\u00e9g energia az elektromos indul\u00e1shoz.<br \/>\nA v\u00e1lt\u00e1sokat kutya(fogasker\u00e9k)-kapcsol\u00f3k teszik lehet\u0151v\u00e9, szinkrongy\u0171r\u0171k n\u00e9lk\u00fcl. A kisebb villanymotor (starter-gener\u00e1tor) szab\u00e1lyozza a f\u0151tengely fordulatsz\u00e1m\u00e1t, hogy a fogaskerekek illeszkedjenek, \u00e9s a v\u00e1lt\u00e1sok z\u00f6kken\u0151mentesek legyenek.<\/p>\n","protected":false},"excerpt":{"rendered":"<p>A kicsi m\u00e1r nevet is kapott: Hailey n\u00e9vre fog hallgatni. A kismama a napokban m\u00e1r a k\u00f3rh\u00e1zb\u00f3l jelentkezett be k\u00f6z\u00f6ss\u00e9gi&#8230; <span class=\"gridview-grid-post-read-more\"><a href=\"https:\/\/online-filmkatarzis.com\/kucko\/hirek\/mindenki-a-babat-varta-de-fekete-feher-kepet-osztott-meg-vajna-timea\/\">read more<span class=\"gridview-sr-only\"> Mindenki a Bab\u00e1t v\u00e1rta, de fekete-feh\u00e9r k\u00e9pet osztott meg Vajna T\u00edmea!<\/span><\/a><\/span><\/p>\n","protected":false},"author":1,"featured_media":3129,"comment_status":"open","ping_status":"open","sticky":false,"template":"","format":"standard","meta":{"footnotes":""},"categories":[1],"tags":[],"class_list":["post-3128","post","type-post","status-publish","format-standard","has-post-thumbnail","hentry","category-egyeb","wpcat-1-id"],"_links":{"self":[{"href":"https:\/\/online-filmkatarzis.com\/kucko\/hirek\/wp-json\/wp\/v2\/posts\/3128","targetHints":{"allow":["GET"]}}],"collection":[{"href":"https:\/\/online-filmkatarzis.com\/kucko\/hirek\/wp-json\/wp\/v2\/posts"}],"about":[{"href":"https:\/\/online-filmkatarzis.com\/kucko\/hirek\/wp-json\/wp\/v2\/types\/post"}],"author":[{"embeddable":true,"href":"https:\/\/online-filmkatarzis.com\/kucko\/hirek\/wp-json\/wp\/v2\/users\/1"}],"replies":[{"embeddable":true,"href":"https:\/\/online-filmkatarzis.com\/kucko\/hirek\/wp-json\/wp\/v2\/comments?post=3128"}],"version-history":[{"count":1,"href":"https:\/\/online-filmkatarzis.com\/kucko\/hirek\/wp-json\/wp\/v2\/posts\/3128\/revisions"}],"predecessor-version":[{"id":3130,"href":"https:\/\/online-filmkatarzis.com\/kucko\/hirek\/wp-json\/wp\/v2\/posts\/3128\/revisions\/3130"}],"wp:featuredmedia":[{"embeddable":true,"href":"https:\/\/online-filmkatarzis.com\/kucko\/hirek\/wp-json\/wp\/v2\/media\/3129"}],"wp:attachment":[{"href":"https:\/\/online-filmkatarzis.com\/kucko\/hirek\/wp-json\/wp\/v2\/media?parent=3128"}],"wp:term":[{"taxonomy":"category","embeddable":true,"href":"https:\/\/online-filmkatarzis.com\/kucko\/hirek\/wp-json\/wp\/v2\/categories?post=3128"},{"taxonomy":"post_tag","embeddable":true,"href":"https:\/\/online-filmkatarzis.com\/kucko\/hirek\/wp-json\/wp\/v2\/tags?post=3128"}],"curies":[{"name":"wp","href":"https:\/\/api.w.org\/{rel}","templated":true}]}}