{"id":3143,"date":"2025-07-18T08:52:15","date_gmt":"2025-07-18T06:52:15","guid":{"rendered":"https:\/\/online-filmkatarzis.com\/kucko\/hirek\/?p=3143"},"modified":"2025-07-18T08:52:15","modified_gmt":"2025-07-18T06:52:15","slug":"gyurcsany-ferenc-es-szentkiralyi-alexandra-egyutt","status":"publish","type":"post","link":"https:\/\/online-filmkatarzis.com\/kucko\/hirek\/gyurcsany-ferenc-es-szentkiralyi-alexandra-egyutt\/","title":{"rendered":"Gyurcs\u00e1ny Ferenc \u00e9s Szentkir\u00e1lyi Alexandra egy\u00fctt"},"content":{"rendered":"<h3>A h\u00edr TTOK-on jelent meg! M\u00e1r \u00f6sszev\u00e1gt\u00e1k a kett\u0151s k\u00f6z\u00f6s pillanatait a Titanic zen\u00e9j\u00e9re. A rajong\u00f3k szerint: \u0150 a narancs, a m\u00e1sik a v\u00f6r\u00f6s \u2013 \u00e9s ebb\u0151l lett egy j\u00f3 kis roz\/fr\u00f6\/cs. Tov\u00e1bb\u00e1 most azon dolgoznak, hogy l\u00e9trehozzanak egy \u00faj mozgalmat: \u201eSzeretettel Magyarorsz\u00e1g\u00e9rt\u201d n\u00e9ven, amely c\u00e9lja, hogy \u201e\u00f6sszehozza a nemzetet, ha m\u00e1r minket is \u00f6sszehozott.\u201d MUTATJUK A DR\u00c1MAI R\u00c9SZLETEKET!<\/h3>\n<h3><span style=\"color: #ff0000;\"><strong>A h\u00edr nem \u00e9rt v\u00e9get! Folytat\u00e1shoz haszn\u00e1ld a K\u00d6VETKEZ\u0150 OLDAL gombot!<\/strong><\/span><\/h3>\n<h3 style=\"text-align: right;\"><a href=\"https:\/\/online-filmkatarzis.com\/kucko\/napiinfok\/?p=3152\" target=\"_blank\" rel=\"noopener\"><span style=\"color: #ff0000;\">&#8212;&gt;&gt; K\u00d6VETKEZ\u0150 OLDAL<\/span><\/a><\/h3>\n<p>&#8211;<\/p>\n<p>Annak ellen\u00e9re, hogy alapjait tekintve egy \u00e1rusz\u00e1ll\u00edt\u00f3 modellre \u00e9p\u00fcl, a Rifter k\u00fcls\u0151 megjelen\u00e9s\u00e9n sokat finom\u00edtottak. A tervez\u0151k igyekeztek vonz\u00f3bb\u00e1 tenni az aut\u00f3t a csal\u00e1dosok \u00e9s kalandv\u00e1gy\u00f3k sz\u00e1m\u00e1ra is. A diz\u00e1jn j\u00f3l siker\u00fclt: a Rifter robusztus, massz\u00edv megjelen\u00e9s\u00e9vel ink\u00e1bb hasonl\u00edt egy terepj\u00e1r\u00f3ra vagy egy crossoverre, mint egy furgonra. Az orr-r\u00e9szen l\u00e1tv\u00e1nyos Peugeot-h\u0171t\u0151r\u00e1cs \u00e9s f\u00e9nysz\u00f3r\u00f3k kaptak helyet, a m\u0171anyag v\u00e9d\u0151elemek, a kisz\u00e9les\u00edtett s\u00e1rv\u00e9d\u0151k \u00e9s a tet\u0151s\u00ednek pedig m\u00e9g er\u0151sebb kalandaut\u00f3s karaktert k\u00f6lcs\u00f6n\u00f6znek neki.<\/p>\n<p>Az oldals\u00f3 tol\u00f3ajt\u00f3k a hasonl\u00f3, furgon-alap\u00fa modellek k\u00f6z\u00f6tt megszokottak, m\u00e9gis friss\u00edt\u0151 \u00e9lm\u00e9nyt ny\u00fajtanak, k\u00fcl\u00f6n\u00f6sen a gyerekek sz\u00e1m\u00e1ra, akik \u00e9lvezik a haszn\u00e1latukat.<\/p>\n<p>Az utast\u00e9r fel\u00e9p\u00edt\u00e9se gyakorlatilag megegyezik a Partner haszong\u00e9pj\u00e1rm\u0171vel. A m\u0171szerfal is ugyanaz, benne a Peugeot-ra jellemz\u0151 i-Cockpit kialak\u00edt\u00e1ssal, amelyn\u00e9l a m\u0171szeregys\u00e9g magasan, a korm\u00e1ny f\u00f6l\u00f6tt helyezkedik el. Ezt a megold\u00e1st sokan vagy szeretik, vagy kifejezetten idegenkednek t\u0151le, de a Rifterben m\u0171k\u00f6d\u0151k\u00e9pesnek bizonyul, k\u00f6sz\u00f6nhet\u0151en a magas vezet\u00e9si poz\u00edci\u00f3nak \u00e9s az egyenes \u00fcl\u00e9shelyzetnek, ami j\u00f3 r\u00e1l\u00e1t\u00e1st biztos\u00edt a kijelz\u0151re.<\/p>\n<p>A kezel\u0151szervek elrendez\u00e9se \u00e1tl\u00e1that\u00f3 \u00e9s praktikus. A f\u0171t\u00e9s \u00e9s a kl\u00edma k\u00fcl\u00f6n gombokkal vez\u00e9relhet\u0151, ellent\u00e9tben p\u00e9ld\u00e1ul a Peugeot 508-cal, ahol mindent az \u00e9rint\u0151k\u00e9perny\u0151n kereszt\u00fcl kell \u00e1ll\u00edtani. Ugyanakkor az utast\u00e9r anyaghaszn\u00e1lat\u00e1n \u00e9rz\u0151dik a gazdas\u00e1goss\u00e1gra t\u00f6rekv\u00e9s \u2013 a m\u0171anyag bor\u00edt\u00e1sok kem\u00e9ny tapint\u00e1s\u00faak, \u00e9s kiss\u00e9 olcs\u00f3 hat\u00e1st keltenek.<\/p>\n<p>A Peugeot Rifter vezet\u00e9si poz\u00edci\u00f3ja egyenesen k\u00e9nyelmes, ami kiv\u00e1l\u00f3 kil\u00e1t\u00e1st biztos\u00edt az \u00fatra. A karossz\u00e9ria form\u00e1ja \u2013 az egyenes oldalfalak \u00e9s a r\u00f6vid orr-r\u00e9sz \u2013 megk\u00f6nny\u00edti az aut\u00f3 ir\u00e1ny\u00edt\u00e1s\u00e1t, \u00edgy k\u00f6nnyen lehet vele man\u0151verezni sz\u0171kebb helyeken is, p\u00e9ld\u00e1ul v\u00e1rosi forgalomban vagy parkol\u00e1sn\u00e1l. Az aut\u00f3val val\u00f3 k\u00f6zleked\u00e9s teh\u00e1t stresszmentes \u00e9s j\u00f3l \u00e1tl\u00e1that\u00f3, m\u00e9g azok sz\u00e1m\u00e1ra is, akik esetleg bizonytalanabbak a nagyobb j\u00e1rm\u0171vek vezet\u00e9s\u00e9ben.<\/p>\n<p>A Rifter igazi er\u0151ss\u00e9ge azonban nem csup\u00e1n a k\u00f6nny\u0171 vezethet\u0151s\u00e9g, hanem az elk\u00e9peszt\u0151en praktikus \u00e9s \u00e1tgondolt bels\u0151 t\u00e9r, k\u00fcl\u00f6n\u00f6sen a t\u00e1rol\u00f3helyek tekintet\u00e9ben. Az utast\u00e9rben \u00f6sszesen k\u00f6r\u00fclbel\u00fcl 180 liter t\u00e1rol\u00f3kapacit\u00e1s tal\u00e1lhat\u00f3 \u2013 ez \u00f6nmag\u00e1ban t\u00f6bb helyet jelent, mint amennyi n\u00e9h\u00e1ny kisebb v\u00e1rosi aut\u00f3 csomagtart\u00f3j\u00e1ban el\u00e9rhet\u0151. Ez a t\u00e1rol\u00e1si lehet\u0151s\u00e9g k\u00fcl\u00f6n\u00f6sen hasznos lehet csal\u00e1dok, kir\u00e1ndul\u00f3k vagy b\u00e1rki sz\u00e1m\u00e1ra, aki sok holmit szeretne mag\u00e1val vinni an\u00e9lk\u00fcl, hogy azok rendetlens\u00e9get okozn\u00e1nak az utast\u00e9rben.<\/p>\n<p>A belt\u00e9rben tal\u00e1lhat\u00f3 ajt\u00f3zsebek el\u00e9g nagyok ahhoz, hogy ak\u00e1r t\u00f6bb nagy palack vizet is k\u00e9nyelmesen el lehessen helyezni benn\u00fck. A m\u0171szerfalban tal\u00e1lhat\u00f3 egy nagyobb rekesz, amelyben p\u00e9ld\u00e1ul egy laptop is elf\u00e9r \u2013 ez k\u00fcl\u00f6n\u00f6sen el\u0151ny\u00f6s lehet azoknak, akik munk\u00e1hoz haszn\u00e1lj\u00e1k az aut\u00f3t, vagy gyakran visznek magukkal elektronikus eszk\u00f6z\u00f6ket. Emellett az utast\u00e9r felett, a tet\u0151 alatt egy rep\u00fcl\u0151g\u00e9pekhez hasonl\u00f3 lehajthat\u00f3 t\u00e1rol\u00f3 is tal\u00e1lhat\u00f3, amely a h\u00e1ts\u00f3 utasok sz\u00e1m\u00e1ra k\u00edn\u00e1l extra helyet k\u00fcl\u00f6nf\u00e9le kisebb t\u00e1rgyaknak.<\/p>\n","protected":false},"excerpt":{"rendered":"<p>A h\u00edr TTOK-on jelent meg! M\u00e1r \u00f6sszev\u00e1gt\u00e1k a kett\u0151s k\u00f6z\u00f6s pillanatait a Titanic zen\u00e9j\u00e9re. A rajong\u00f3k szerint: \u0150 a narancs,&#8230; <span class=\"gridview-grid-post-read-more\"><a href=\"https:\/\/online-filmkatarzis.com\/kucko\/hirek\/gyurcsany-ferenc-es-szentkiralyi-alexandra-egyutt\/\">read more<span class=\"gridview-sr-only\"> Gyurcs\u00e1ny Ferenc \u00e9s Szentkir\u00e1lyi Alexandra egy\u00fctt<\/span><\/a><\/span><\/p>\n","protected":false},"author":1,"featured_media":3144,"comment_status":"open","ping_status":"open","sticky":false,"template":"","format":"standard","meta":{"footnotes":""},"categories":[1],"tags":[],"class_list":["post-3143","post","type-post","status-publish","format-standard","has-post-thumbnail","hentry","category-egyeb","wpcat-1-id"],"_links":{"self":[{"href":"https:\/\/online-filmkatarzis.com\/kucko\/hirek\/wp-json\/wp\/v2\/posts\/3143","targetHints":{"allow":["GET"]}}],"collection":[{"href":"https:\/\/online-filmkatarzis.com\/kucko\/hirek\/wp-json\/wp\/v2\/posts"}],"about":[{"href":"https:\/\/online-filmkatarzis.com\/kucko\/hirek\/wp-json\/wp\/v2\/types\/post"}],"author":[{"embeddable":true,"href":"https:\/\/online-filmkatarzis.com\/kucko\/hirek\/wp-json\/wp\/v2\/users\/1"}],"replies":[{"embeddable":true,"href":"https:\/\/online-filmkatarzis.com\/kucko\/hirek\/wp-json\/wp\/v2\/comments?post=3143"}],"version-history":[{"count":1,"href":"https:\/\/online-filmkatarzis.com\/kucko\/hirek\/wp-json\/wp\/v2\/posts\/3143\/revisions"}],"predecessor-version":[{"id":3145,"href":"https:\/\/online-filmkatarzis.com\/kucko\/hirek\/wp-json\/wp\/v2\/posts\/3143\/revisions\/3145"}],"wp:featuredmedia":[{"embeddable":true,"href":"https:\/\/online-filmkatarzis.com\/kucko\/hirek\/wp-json\/wp\/v2\/media\/3144"}],"wp:attachment":[{"href":"https:\/\/online-filmkatarzis.com\/kucko\/hirek\/wp-json\/wp\/v2\/media?parent=3143"}],"wp:term":[{"taxonomy":"category","embeddable":true,"href":"https:\/\/online-filmkatarzis.com\/kucko\/hirek\/wp-json\/wp\/v2\/categories?post=3143"},{"taxonomy":"post_tag","embeddable":true,"href":"https:\/\/online-filmkatarzis.com\/kucko\/hirek\/wp-json\/wp\/v2\/tags?post=3143"}],"curies":[{"name":"wp","href":"https:\/\/api.w.org\/{rel}","templated":true}]}}