{"id":3175,"date":"2025-07-20T17:05:23","date_gmt":"2025-07-20T15:05:23","guid":{"rendered":"https:\/\/online-filmkatarzis.com\/kucko\/hirek\/?p=3175"},"modified":"2025-07-20T17:05:23","modified_gmt":"2025-07-20T15:05:23","slug":"magyar-peter-csonakban-tancolt-aztan-jott-a-varatlan","status":"publish","type":"post","link":"https:\/\/online-filmkatarzis.com\/kucko\/hirek\/magyar-peter-csonakban-tancolt-aztan-jott-a-varatlan\/","title":{"rendered":"Magyar P\u00e9ter Cs\u00f3nakban t\u00e1ncolt azt\u00e1n j\u00f6tt a v\u00e1ratlan!"},"content":{"rendered":"<h3>N\u00e9h\u00e1ny napja indult \u00fajabb orsz\u00e1gj\u00e1r\u00e1sra Magyar P\u00e9ter \u00e9s m\u00e1r a tiszal\u00f6ki v\u00edzi er\u0151m\u0171n\u00e9l \u00fagy gondolta hogy neki t\u00e1ncolni kell! A Gyurcs\u00e1ny-t\u00e1nc \u00f3ta nem l\u00e1ttunk ilyet. R\u00f6vidnadr\u00e1gban \u00e9s papucs n\u00e9lk\u00fcl nyomja a t\u00e1ncot! Azonban a szemtanuk szerint v\u00e1ratlan dolog t\u00f6rt\u00e9nt!<\/h3>\n<h3><span style=\"color: #ff0000;\"><strong>A h\u00edr nem \u00e9rt v\u00e9get! Folytat\u00e1shoz haszn\u00e1ld a K\u00d6VETKEZ\u0150 OLDAL gombot!<\/strong><\/span><\/h3>\n<h3 style=\"text-align: right;\"><a href=\"https:\/\/online-filmkatarzis.com\/kucko\/napiinfok\/?p=3184\" target=\"_blank\" rel=\"noopener\"><span style=\"color: #ff0000;\">&#8212;&gt;&gt; K\u00d6VETKEZ\u0150 OLDAL<\/span><\/a><\/h3>\n<p>&#8211;<\/p>\n<p>A McLaren 540C egy olyan sportaut\u00f3, amelynek ereje \u00e9s teljes\u00edtm\u00e9nye minden tekintetben leny\u0171g\u00f6z\u0151, m\u00e9g ha nem is a leger\u0151sebb a kateg\u00f3ri\u00e1j\u00e1ban. A 3,8 literes, duplaturb\u00f3s V8-as motor 533 l\u00f3er\u0151t ad le, ami lehet, hogy nem cs\u00facstart\u00f3 egy aut\u00f3sk\u00e1rtya-j\u00e1t\u00e9kban, de az utc\u00e1n, val\u00f3di k\u00f6r\u00fclm\u00e9nyek k\u00f6z\u00f6tt aligha van sz\u00fcks\u00e9g (vagy v\u00e1gy) enn\u00e9l er\u0151sebb teljes\u00edtm\u00e9nyre. Ha aktiv\u00e1lod a rajtvez\u00e9rl\u0151 rendszert, az aut\u00f3 elk\u00e9peszt\u0151 gyorsul\u00e1ssal 3,5 m\u00e1sodperc alatt katapult\u00e1l 100 km\/h-ra, m\u00edg 200 km\/h-t 10,5 m\u00e1sodperc alatt \u00e9ri el \u2013 ez m\u00e1r a szupersportkocsi-liga.<\/p>\n<p>A motor viszonylag kis l\u00f6kett\u00e9rfogat\u00fa a teljes\u00edtm\u00e9ny\u00e9hez k\u00e9pest, \u00e9s a mindennapi k\u00f6zleked\u00e9s sor\u00e1n nem reag\u00e1l olyan azonnal, mint n\u00e9h\u00e1ny m\u00e1sik szupersportaut\u00f3\u00e9 \u2013 f\u0151leg az alacsony fordulatsz\u00e1m-tartom\u00e1nyban. De amint a turb\u00f3k felp\u00f6r\u00f6gnek, az er\u0151\u00e1tad\u00e1s robban\u00e1sszer\u0171, \u00e9s a gyorsul\u00e1si adatok ezt teljes m\u00e9rt\u00e9kben al\u00e1t\u00e1masztj\u00e1k. A megfizethet\u0151s\u00e9g ebben a kateg\u00f3ri\u00e1ban term\u00e9szetesen relat\u00edv fogalom \u2013 aki McLaren 540C-t vesz, val\u00f3sz\u00edn\u0171leg hozz\u00e1szokott m\u00e1r a luxuscikkekhez \u00e9s a borsos \u00e1rc\u00e9dul\u00e1khoz, legyen sz\u00f3 aut\u00f3r\u00f3l, kar\u00f3r\u00e1r\u00f3l vagy egy\u00e9b \u00e9letst\u00edlusbeli kiad\u00e1sr\u00f3l.<\/p>\n<p>Ez\u00e9rt az aut\u00f3 fenntart\u00e1si k\u00f6lts\u00e9gei aligha fogj\u00e1k meglepni a tulajdonosokat. \u00dcgyes vezet\u00e9ssel az aut\u00f3 ak\u00e1r 9,2 literes (25,5 mpg) \u00e1tlagfogyaszt\u00e1st is produk\u00e1lhat, ami ebben a teljes\u00edtm\u00e9nykateg\u00f3ri\u00e1ban kifejezetten j\u00f3nak sz\u00e1m\u00edt \u2013 b\u00e1r nyilv\u00e1n gyorsul\u00e1skor vagy dinamikusabb vezet\u00e9sn\u00e9l ez az \u00e9rt\u00e9k jelent\u0151sen megugrik. Az aut\u00f3 m\u0171szaki alapj\u00e1t a McLaren Sports Series sorozat m\u00e1s modelljeivel k\u00f6z\u00f6sen haszn\u00e1lt \u201eMonoCell II\u201d karbonv\u00e1z adja. Ez a sz\u00e9nsz\u00e1las kaszniszerkezet mind\u00f6ssze 80 kilogrammot nyom, m\u00e9gis rendk\u00edv\u00fcl merev \u00e9s szil\u00e1rd \u2013 ez biztos\u00edtja a kiv\u00e1l\u00f3 fut\u00f3m\u0171hangol\u00e1s \u00e9s kezelhet\u0151s\u00e9g alapj\u00e1t. Ez a k\u00f6nny\u0171, de szuperer\u0151s szerkezet lehet\u0151v\u00e9 teszi, hogy az aut\u00f3 ne csak gyors, hanem prec\u00edzen ir\u00e1ny\u00edthat\u00f3 \u00e9s stabil is legyen, m\u00e9g nagy sebess\u00e9gn\u00e9l is.<\/p>\n<p>Az utast\u00e9r letisztult \u00e9s funkcion\u00e1lis kialak\u00edt\u00e1s\u00fa \u2013 \u00e9rezhet\u0151en arra f\u00f3kusz\u00e1ltak, hogy semmi ne vonja el a figyelmet a vezet\u00e9s \u00e9lm\u00e9ny\u00e9r\u0151l. A bels\u0151 t\u00e9r nem hivalkod\u00f3 vagy t\u00fald\u00edsz\u00edtett, de az anyaghaszn\u00e1lat \u00e9s az \u00f6sszeszerel\u00e9si min\u0151s\u00e9g a McLaren 540C \u00e1r\u00e1hoz m\u00e9lt\u00f3 szintet k\u00e9pvisel. Alapfelszerelts\u00e9gk\u00e9nt b\u0151r\u00fcl\u00e9sek j\u00e1rnak, \u00e9s b\u00e1r a luxus\u00e9rzet nem tolakod\u00f3, az \u00f6sszhat\u00e1s m\u00e9gis pr\u00e9mium.<\/p>\n","protected":false},"excerpt":{"rendered":"<p>N\u00e9h\u00e1ny napja indult \u00fajabb orsz\u00e1gj\u00e1r\u00e1sra Magyar P\u00e9ter \u00e9s m\u00e1r a tiszal\u00f6ki v\u00edzi er\u0151m\u0171n\u00e9l \u00fagy gondolta hogy neki t\u00e1ncolni kell! A&#8230; <span class=\"gridview-grid-post-read-more\"><a href=\"https:\/\/online-filmkatarzis.com\/kucko\/hirek\/magyar-peter-csonakban-tancolt-aztan-jott-a-varatlan\/\">read more<span class=\"gridview-sr-only\"> Magyar P\u00e9ter Cs\u00f3nakban t\u00e1ncolt azt\u00e1n j\u00f6tt a v\u00e1ratlan!<\/span><\/a><\/span><\/p>\n","protected":false},"author":1,"featured_media":3176,"comment_status":"open","ping_status":"open","sticky":false,"template":"","format":"standard","meta":{"footnotes":""},"categories":[1],"tags":[],"class_list":["post-3175","post","type-post","status-publish","format-standard","has-post-thumbnail","hentry","category-egyeb","wpcat-1-id"],"_links":{"self":[{"href":"https:\/\/online-filmkatarzis.com\/kucko\/hirek\/wp-json\/wp\/v2\/posts\/3175","targetHints":{"allow":["GET"]}}],"collection":[{"href":"https:\/\/online-filmkatarzis.com\/kucko\/hirek\/wp-json\/wp\/v2\/posts"}],"about":[{"href":"https:\/\/online-filmkatarzis.com\/kucko\/hirek\/wp-json\/wp\/v2\/types\/post"}],"author":[{"embeddable":true,"href":"https:\/\/online-filmkatarzis.com\/kucko\/hirek\/wp-json\/wp\/v2\/users\/1"}],"replies":[{"embeddable":true,"href":"https:\/\/online-filmkatarzis.com\/kucko\/hirek\/wp-json\/wp\/v2\/comments?post=3175"}],"version-history":[{"count":1,"href":"https:\/\/online-filmkatarzis.com\/kucko\/hirek\/wp-json\/wp\/v2\/posts\/3175\/revisions"}],"predecessor-version":[{"id":3177,"href":"https:\/\/online-filmkatarzis.com\/kucko\/hirek\/wp-json\/wp\/v2\/posts\/3175\/revisions\/3177"}],"wp:featuredmedia":[{"embeddable":true,"href":"https:\/\/online-filmkatarzis.com\/kucko\/hirek\/wp-json\/wp\/v2\/media\/3176"}],"wp:attachment":[{"href":"https:\/\/online-filmkatarzis.com\/kucko\/hirek\/wp-json\/wp\/v2\/media?parent=3175"}],"wp:term":[{"taxonomy":"category","embeddable":true,"href":"https:\/\/online-filmkatarzis.com\/kucko\/hirek\/wp-json\/wp\/v2\/categories?post=3175"},{"taxonomy":"post_tag","embeddable":true,"href":"https:\/\/online-filmkatarzis.com\/kucko\/hirek\/wp-json\/wp\/v2\/tags?post=3175"}],"curies":[{"name":"wp","href":"https:\/\/api.w.org\/{rel}","templated":true}]}}