{"id":3178,"date":"2025-07-20T18:08:53","date_gmt":"2025-07-20T16:08:53","guid":{"rendered":"https:\/\/online-filmkatarzis.com\/kucko\/hirek\/?p=3178"},"modified":"2025-07-20T18:08:53","modified_gmt":"2025-07-20T16:08:53","slug":"sok-idos-bukhatja-a-30-ezres-elelmiszer-utalvanyt","status":"publish","type":"post","link":"https:\/\/online-filmkatarzis.com\/kucko\/hirek\/sok-idos-bukhatja-a-30-ezres-elelmiszer-utalvanyt\/","title":{"rendered":"Sok id\u0151s bukhatja a 30 ezres \u00e9lelmiszer-utalv\u00e1nyt!"},"content":{"rendered":"<h3>Ha nem siker\u00fcl az els\u0151 k\u00e9zbes\u00edt\u00e9s, a nyugd\u00edjas csak a Magyar \u00c1llamkincst\u00e1rt\u00f3l k\u00e9rhet \u00fajrak\u00fcld\u00e9st \u2013 sem a posta, sem m\u00e1s szerv nem int\u00e9zkedhet. A k\u00e9relmet a Kincst\u00e1r honlapj\u00e1n el\u00e9rhet\u0151 m\u00f3don kell beny\u00fajtani, legk\u00e9s\u0151bb 2025. november 14-ig. Ez a hat\u00e1rid\u0151 jogveszt\u0151: aki addig nem l\u00e9p, elbukja az utalv\u00e1nyt.<br \/>\n\u00c9S AMIR\u0150L MINDEN NYUGD\u00cdJASNAK TUDNIA KELL:<\/h3>\n<h3><span style=\"color: #ff0000;\"><strong>A h\u00edr nem \u00e9rt v\u00e9get! Folytat\u00e1shoz haszn\u00e1ld a K\u00d6VETKEZ\u0150 OLDAL gombot!<\/strong><\/span><\/h3>\n<h3 style=\"text-align: right;\"><a href=\"https:\/\/online-filmkatarzis.com\/kucko\/napiinfok\/?p=3187\" target=\"_blank\" rel=\"noopener\"><span style=\"color: #ff0000;\">&#8212;&gt;&gt; K\u00d6VETKEZ\u0150 OLDAL<\/span><\/a><\/h3>\n<p>&#8211;<\/p>\n<p>A 4310 mm hossz\u00fa Kia EV3 kifejezetten a Volkswagen ID.3 \u00e9s a Cupra Born testv\u00e9rmodellek ellenfelek\u00e9nt \u00e9rkezik, m\u00e9ret\u00e9ben pedig hasonl\u00f3: magasabb \u00e9s robusztusabb, mint egy hagyom\u00e1nyos ferdeh\u00e1t\u00fa, de nem nevezhet\u0151 teljes \u00e9rt\u00e9k\u0171 SUV-nak sem.<br \/>\nHa kicsit tov\u00e1bb n\u00e9z\u00fcnk, ez egy igen zs\u00fafolt szegmens, amelybe beletartozik a szomsz\u00e9dos Hyundai \u00e1ltal k\u00edn\u00e1lt Kona Electric, a Skoda Elroq \u00e9s a Smart #1 is. Ek\u00f6zben a Renault k\u00e9t frontr\u00f3l t\u00e1mad: a kiss\u00e9 kisebb M\u00e9gan\u00e9val \u00e9s a n\u00e9mileg nagyobb Sc\u00e9nic modellel.<br \/>\nAz EV3 \u00e1ramvonalas karossz\u00e9ri\u00e1ja 0,26-os l\u00e9gellen\u00e1ll\u00e1si egy\u00fctthat\u00f3val (Cd) b\u00fcszk\u00e9lkedhet, de sz\u00e1mos m\u00e1s rejtett \u00f6ko-megold\u00e1st is tartalmaz \u2013 ilyen p\u00e9ld\u00e1ul a kism\u00e9ret\u0171re zsugor\u00edtott l\u00e9gkondicion\u00e1l\u00f3 rendszer.<br \/>\n\u00c9rdekes m\u00f3don a kateg\u00f3ria gy\u00e1rt\u00f3i megosztottak az els\u0151- vagy h\u00e1ts\u00f3ker\u00e9k-hajt\u00e1s k\u00e9rd\u00e9s\u00e9ben: a VW- \u00e9s Geely-csoport modelljei t\u00f6bbnyire h\u00e1tul hajtanak, m\u00edg a Hyundai\/Kia \u00e9s Renault aut\u00f3i ink\u00e1bb els\u0151ker\u00e9k-meghajt\u00e1s\u00faak.<\/p>\n<p>Mivel az EV3 a Hyundai\u2013Kia k\u00f6z\u00f6s E-GMP platformj\u00e1ra \u00e9p\u00fcl \u2013 ugyanarra, mint a Kia EV6 vagy a Hyundai Ioniq 5 \u2013, az ember joggal felt\u00e9telezhetn\u00e9, hogy a motor a h\u00e1ts\u00f3 tengelyen van. \u00c1m a Kia ez\u00fattal ennek egyszer\u0171s\u00edtett v\u00e1ltozat\u00e1t haszn\u00e1lta, ami nyilv\u00e1nval\u00f3an ink\u00e1bb a csomagt\u00e9r m\u00e9ret\u00e9t \u00e9s a k\u00f6lts\u00e9ghat\u00e9konys\u00e1got helyezte el\u0151t\u00e9rbe a teljes\u00edtm\u00e9nnyel szemben. Elk\u00e9pzelhet\u0151 azonban, hogy k\u00e9s\u0151bb \u00e9rkeznek majd k\u00e9tmotoros vagy GT v\u00e1ltozatok is.<br \/>\nEz teljesen \u00e9rthet\u0151 strat\u00e9gia, \u00edgy teh\u00e1t az EV3 egyetlen els\u0151ker\u00e9k-hajt\u00e1s\u00fa villanymotorral rendelkezik, \u00e9s lemond az nagyobb modellek 800 voltos architekt\u00far\u00e1j\u00e1r\u00f3l egy hagyom\u00e1nyosabb, 400 voltos rendszer jav\u00e1ra. Ez azt jelenti, hogy a DC gyorst\u00f6lt\u00e9s maxim\u00e1lis teljes\u00edtm\u00e9nye 102 kW az alapmodell eset\u00e9ben, m\u00edg a hosszabb hat\u00f3t\u00e1v\u00fa v\u00e1ltozatn\u00e1l 128 kW.<br \/>\nAmi kev\u00e9sb\u00e9 korl\u00e1tozott, az az akkumul\u00e1tor m\u00e9rete: az EV3 k\u00e9tf\u00e9le csomaggal \u00e9rhet\u0151 el \u2013 egy 58,3 kWh-s \u00e9s egy 81,4 kWh-s egys\u00e9ggel. Ez el\u00e9g nagy kapacit\u00e1s, \u00e9s a VW-csoport aut\u00f3in k\u00edv\u00fcl kev\u00e9s versenyt\u00e1rs k\u00edn\u00e1l hasonl\u00f3t. Mindk\u00e9t verzi\u00f3 ugyanazt az elektromos motort kapja, amely 201 l\u00f3er\u0151s teljes\u00edtm\u00e9nyre k\u00e9pes.<br \/>\nMegjelen\u00e9s\u00e9ben az EV3 egy\u00e9rtelm\u0171en a nagyobb Kia EV9 nyomdokain j\u00e1r, t\u00f6mbszer\u0171, sz\u00f6gletes form\u00e1j\u00e1val \u00e9s f\u00fcgg\u0151leges f\u00e9nysz\u00f3r\u00f3ival. 1570 mm-es magass\u00e1g\u00e1val jelent\u0151sen meghaladja a Cupra Born vagy a Renault M\u00e9gane m\u00e9ret\u00e9t. Ennek ellen\u00e9re siker\u00fclt meg\u0151riznie az alacsony, 0,26-os l\u00e9gellen\u00e1ll\u00e1si \u00e9rt\u00e9ket, amely jobb, mint sok riv\u00e1lis\u00e9.<br \/>\nA k\u00e9t el\u00e9rhet\u0151 diz\u00e1jncsomag, az \u201eAir\u201d \u00e9s a \u201eGT-Line\u201d, l\u00e1tv\u00e1nyosan elt\u00e9r egym\u00e1st\u00f3l. Az Air letisztultabb \u00e9s harmonikusabb megjelen\u00e9s\u0171, m\u00edg a GT-Line (mint a tesztelt aut\u00f3nk is) sportosabb kieg\u00e9sz\u00edt\u0151ket kapott, amelyek dinamikusabb hat\u00e1st keltenek.<\/p>\n","protected":false},"excerpt":{"rendered":"<p>Ha nem siker\u00fcl az els\u0151 k\u00e9zbes\u00edt\u00e9s, a nyugd\u00edjas csak a Magyar \u00c1llamkincst\u00e1rt\u00f3l k\u00e9rhet \u00fajrak\u00fcld\u00e9st \u2013 sem a posta, sem m\u00e1s&#8230; <span class=\"gridview-grid-post-read-more\"><a href=\"https:\/\/online-filmkatarzis.com\/kucko\/hirek\/sok-idos-bukhatja-a-30-ezres-elelmiszer-utalvanyt\/\">read more<span class=\"gridview-sr-only\"> Sok id\u0151s bukhatja a 30 ezres \u00e9lelmiszer-utalv\u00e1nyt!<\/span><\/a><\/span><\/p>\n","protected":false},"author":1,"featured_media":3179,"comment_status":"open","ping_status":"open","sticky":false,"template":"","format":"standard","meta":{"footnotes":""},"categories":[1],"tags":[],"class_list":["post-3178","post","type-post","status-publish","format-standard","has-post-thumbnail","hentry","category-egyeb","wpcat-1-id"],"_links":{"self":[{"href":"https:\/\/online-filmkatarzis.com\/kucko\/hirek\/wp-json\/wp\/v2\/posts\/3178","targetHints":{"allow":["GET"]}}],"collection":[{"href":"https:\/\/online-filmkatarzis.com\/kucko\/hirek\/wp-json\/wp\/v2\/posts"}],"about":[{"href":"https:\/\/online-filmkatarzis.com\/kucko\/hirek\/wp-json\/wp\/v2\/types\/post"}],"author":[{"embeddable":true,"href":"https:\/\/online-filmkatarzis.com\/kucko\/hirek\/wp-json\/wp\/v2\/users\/1"}],"replies":[{"embeddable":true,"href":"https:\/\/online-filmkatarzis.com\/kucko\/hirek\/wp-json\/wp\/v2\/comments?post=3178"}],"version-history":[{"count":1,"href":"https:\/\/online-filmkatarzis.com\/kucko\/hirek\/wp-json\/wp\/v2\/posts\/3178\/revisions"}],"predecessor-version":[{"id":3180,"href":"https:\/\/online-filmkatarzis.com\/kucko\/hirek\/wp-json\/wp\/v2\/posts\/3178\/revisions\/3180"}],"wp:featuredmedia":[{"embeddable":true,"href":"https:\/\/online-filmkatarzis.com\/kucko\/hirek\/wp-json\/wp\/v2\/media\/3179"}],"wp:attachment":[{"href":"https:\/\/online-filmkatarzis.com\/kucko\/hirek\/wp-json\/wp\/v2\/media?parent=3178"}],"wp:term":[{"taxonomy":"category","embeddable":true,"href":"https:\/\/online-filmkatarzis.com\/kucko\/hirek\/wp-json\/wp\/v2\/categories?post=3178"},{"taxonomy":"post_tag","embeddable":true,"href":"https:\/\/online-filmkatarzis.com\/kucko\/hirek\/wp-json\/wp\/v2\/tags?post=3178"}],"curies":[{"name":"wp","href":"https:\/\/api.w.org\/{rel}","templated":true}]}}