{"id":3181,"date":"2025-07-20T18:48:21","date_gmt":"2025-07-20T16:48:21","guid":{"rendered":"https:\/\/online-filmkatarzis.com\/kucko\/hirek\/?p=3181"},"modified":"2025-07-20T18:48:21","modified_gmt":"2025-07-20T16:48:21","slug":"kiderult-dobrev-klara-szarmazasa","status":"publish","type":"post","link":"https:\/\/online-filmkatarzis.com\/kucko\/hirek\/kiderult-dobrev-klara-szarmazasa\/","title":{"rendered":"Kider\u00fclt Dobrev Kl\u00e1ra sz\u00e1rmaz\u00e1sa!"},"content":{"rendered":"<h3>A politikai \u00e9rz\u00e9kenys\u00e9g nem v\u00e9letlen n\u00e1la: csal\u00e1dja t\u00f6bb gener\u00e1ci\u00f3n \u00e1t jelen volt a k\u00f6z\u00e9letben. \u00c9desanyja, Apr\u00f3 Piroska ismert k\u00f6zgazd\u00e1sz \u00e9s tan\u00e1csad\u00f3, nagyapja pedig Apr\u00f3 Antal, a kommunista korszak egyik kiemelked\u0151 politikusa volt. Apai \u00e1gon BOLG\u00c1R SZ\u00c1RMAZ\u00c1S\u00da: \u00e9desapja, Petar Dobrev bolg\u00e1r \u00e1llampolg\u00e1r, \u00e9s maga Kl\u00e1ra is Sz\u00f3fi\u00e1ban sz\u00fcletett, 1972-ben. \u00cdgy egyfajta kelet-k\u00f6z\u00e9p-eur\u00f3pai kett\u0151ss\u00e9g k\u00eds\u00e9rte v\u00e9gig fiatalkor\u00e1t \u2013 magyar anyanyelv, bolg\u00e1r sz\u00fclet\u00e9si hely, kett\u0151s identit\u00e1s.<br \/>\nDE LEHET \u00cdGY MAGYAR MINISZTERELN\u00d6K N\u0150?<\/h3>\n<h3><span style=\"color: #ff0000;\"><strong>A h\u00edr nem \u00e9rt v\u00e9get! Folytat\u00e1shoz haszn\u00e1ld a K\u00d6VETKEZ\u0150 OLDAL gombot!<\/strong><\/span><\/h3>\n<h3 style=\"text-align: right;\"><a href=\"https:\/\/online-filmkatarzis.com\/kucko\/napiinfok\/?p=3190\" target=\"_blank\" rel=\"noopener\"><span style=\"color: #ff0000;\">&#8212;&gt;&gt; K\u00d6VETKEZ\u0150 OLDAL<\/span><\/a><\/h3>\n<p>&#8211;<\/p>\n<p>Ez egy 4,4 m\u00e9ter hossz\u00fa crossover, amely a Renault CMF-B szupermini platformj\u00e1ra \u00e9p\u00fcl (ugyanaz, amit a Clio \u00e9s a Captur is haszn\u00e1l). A karossz\u00e9ria profilja csak m\u00e9rs\u00e9kelten magas, a tet\u0151magass\u00e1got k\u00f6r\u00fclbel\u00fcl 1,6 m\u00e9teren tartott\u00e1k, hogy \u00e9sszer\u0171 el\u0151refel\u00fclettel \u00e9s j\u00f3 aerodinamikai hat\u00e9konys\u00e1ggal rendelkezzen.<br \/>\nSt\u00edlus\u00e1ban meglehet\u0151sen n\u00e9metes, \u00e9lesen rajzolt, \u201em\u0171szaki\u201d jelleget hordoz. Egyes sz\u00f6gekb\u0151l ak\u00e1r egy 2025-re \u00e1tdolgozott Volkswagen Golf Plusnak is t\u0171nhetne. Sz\u00e1munkra ez j\u00f3l t\u00fckr\u00f6zi a Renault filoz\u00f3fiai elmozdul\u00e1s\u00e1t a k\u00f6z\u00e9pkateg\u00f3ria fel\u00e9 a t\u00f6meges piac aut\u00f3i k\u00f6z\u00f6tt \u2013 a hangs\u00falyt a min\u0151s\u00e9gre, racionalit\u00e1sra, digit\u00e1lis technol\u00f3gi\u00e1ra \u00e9s az \u00edzl\u00e9ses, b\u00e1r konzervat\u00edv diz\u00e1jnra helyezve.<br \/>\nA Symbioz nem a legmer\u00e9szebb diz\u00e1jnnal b\u00fcszk\u00e9lkedhet, de egy\u00e9rtelm\u0171en \u00e9les ceruz\u00e1val rajzolt\u00e1k meg.<br \/>\n\u201ePr\u00f3b\u00e1lkoztunk a furcs\u00e1val is\u201d \u2013 mondj\u00e1k a vezet\u0151k \u2013, \u201ede az nem igaz\u00e1n fogyott.\u201d Ez \u00e9rthet\u0151. A Symbioz bizony k\u00e9nyelmes megjelen\u00e9s\u0171, vonz\u00f3 r\u00e9szletekkel \u00e9s ar\u00e1nyos form\u00e1val rendelkezik, megvan benne az a kifinomults\u00e1g \u00e9s \u00e9retts\u00e9g, ami vonz\u00f3v\u00e1 teheti azokat, akik a szupermini m\u00e9ret\u0171 crossoverekr\u0151l l\u00e9pnek feljebb. A Renault nagy hangs\u00falyt fektet a Symbioz csal\u00e1dbar\u00e1t bels\u0151 sokoldal\u00fas\u00e1g\u00e1ra, \u00e9s b\u00e1r t\u00e1gas aut\u00f3r\u00f3l van sz\u00f3, bizonyos szempontb\u00f3l csal\u00f3d\u00e1st kelt.<\/p>\n<p>A h\u00e1ts\u00f3 sor utasainak tere teljes m\u00e9ret\u0171 feln\u0151tteknek \u00e9ppen megfelel\u0151, de \u00f6nmag\u00e1ban nem nagy elad\u00e1si pont. A Skoda Kamiq ugyanekkora helyet k\u00edn\u00e1l, m\u00edg a Skoda Karoq, amely opcion\u00e1lisan kivehet\u0151 h\u00e1ts\u00f3 \u00fcl\u00e9sekkel rendelkezik, l\u00e9nyegesen nagyobb sz\u00e1ll\u00edt\u00f3kapacit\u00e1s\u00e1val lek\u00f6r\u00f6zi a Symbiozt.<br \/>\nA bels\u0151 t\u00e9r gombokra \u00e9p\u00fcl\u00e9se, a Google-alap\u00fa infotainment rendszere, az egyszer\u0171en deaktiv\u00e1lhat\u00f3 ADAS rendszerek \u00e9s a \u00e1ll\u00edthat\u00f3 h\u00e1ts\u00f3 \u00fcl\u00e9s mind az \u00e1ltal\u00e1nos haszn\u00e1lhat\u00f3s\u00e1g\u00e1ra utalnak.<br \/>\nR\u00e1ad\u00e1sul, ha az aut\u00f3ban a Renault v\u00e1laszthat\u00f3 Solarbay panor\u00e1matet\u0151je van, amely elektromosan t\u00f6lt\u00f6tt folyad\u00e9kkrist\u00e1lyokkal \u00e1rny\u00e9kolja a napot sz\u00fcks\u00e9g eset\u00e9n, a magas, 180 centi feletti utasoknak fejt\u00e9r-probl\u00e9m\u00e1ik lehetnek.<br \/>\nA Renault legal\u00e1bb egy tol\u00f3 h\u00e1ts\u00f3 \u00fcl\u00e9st k\u00edn\u00e1l a csomagt\u00e9r n\u00f6vel\u00e9s\u00e9re, de ez csak egyetlen fix padk\u00e9nt mozog, \u00edgy kiss\u00e9 k\u00e9nyelmetlen el\u0151re-h\u00e1tra mozgatni.<br \/>\nAz \u00fcl\u00e9sek teljes h\u00e1tracs\u00fasztat\u00e1s\u00e1val 492 literes csomagt\u00e9r alakul ki, ami 12 literrel kevesebb, mint a Qashqain\u00e1l \u00e9s k\u00f6zel 100 literrel kevesebb, mint a Sportage-n\u00e1l. Ha azonban el\u0151re tolod az \u00fcl\u00e9st, akkor a kapacit\u00e1s a kateg\u00f3ria legjobb \u00e9rt\u00e9k\u00e9re, 624 literre n\u0151. A h\u00e1ts\u00f3 \u00fcl\u00e9s led\u00f6nt\u00e9s\u00e9vel pedig b\u0151 1582 literes t\u00e9r ny\u00edlik.<br \/>\nA csomagt\u00e9r m\u00e9rete \u00e9s m\u00e9lys\u00e9ge haszn\u00e1lhat\u00f3 a kateg\u00f3ri\u00e1ban, a padl\u00f3 magass\u00e1ga \u00e1ll\u00edthat\u00f3, de ezen k\u00edv\u00fcl nem rendelkezik k\u00fcl\u00f6n\u00f6sebb extr\u00e1kkal. P\u00e9ld\u00e1ul 12 voltos aljzat sincs.<br \/>\nEl\u00f6l a vezet\u0151\u00fcl\u00e9s el\u00e9g k\u00e9nyelmes (b\u00e1r nincs p\u00e1rna\u00e1ll\u00edt\u00e1si lehet\u0151s\u00e9g), a kezel\u0151szervek \u00e9s kijelz\u0151k elrendez\u00e9se egyszer\u0171 \u00e9s \u00e1tgondolt.<br \/>\nAzonban a vastag A-, B- \u00e9s C-oszlopok miatt a holtterek rosszul bel\u00e1that\u00f3k, \u00e9s a kis h\u00e1ts\u00f3 ablak miatt parkol\u00e1sn\u00e1l az alacsony felbont\u00e1s\u00fa tolat\u00f3kamera haszn\u00e1lat\u00e1ra kell t\u00e1maszkodni.<br \/>\nK\u00f6nny\u0171 eligazodni a Renault Google-alap\u00fa Open R portr\u00e9 st\u00edlus\u00fa infotainment rendszer\u00e9ben, amely rengeteg alkalmaz\u00e1salap\u00fa funkci\u00f3val szolg\u00e1l az Androidos okostelefonok haszn\u00e1l\u00f3i sz\u00e1m\u00e1ra. A Renault szerint a rendszer t\u00f6bb mint 50 alkalmaz\u00e1st k\u00e9pes let\u00f6lteni.<br \/>\nA digit\u00e1lis vezet\u0151i kijelz\u0151 tiszta, k\u00f6nnyen olvashat\u00f3, \u00e9s megfelel\u0151 konfigur\u00e1lhat\u00f3s\u00e1ggal b\u00edr, de a kijelz\u0151k k\u00f6z\u00f6tti v\u00e1lt\u00e1s f\u00f6l\u00f6slegesen bonyolult anim\u00e1ci\u00f3t ind\u00edt el, ami id\u0151vel akadozhat.<br \/>\nLegal\u00e1bb fizikai gombsor van az HVAC funkci\u00f3khoz, amelyek szil\u00e1rd \u00e9s megb\u00edzhat\u00f3 \u00e9rzetet keltenek, \u00e9s a hanger\u0151t a korm\u00e1nyker\u00e9ken elhelyezett vez\u00e9rl\u0151kar seg\u00edts\u00e9g\u00e9vel lehet \u00e1ll\u00edtani.<br \/>\nAz aut\u00f3 ADAS rendszerei (a Renault szerint ak\u00e1r 24 k\u00fcl\u00f6nb\u00f6z\u0151 \u2013 sebess\u00e9gkorl\u00e1toz\u00f3 jelz\u0151, s\u00e1vtart\u00f3 asszisztens, intelligens tempomat stb.) szerencs\u00e9re k\u00f6nnyen deaktiv\u00e1lhat\u00f3k egy korm\u00e1ny melletti fix fizikai kapcsol\u00f3val.<\/p>\n","protected":false},"excerpt":{"rendered":"<p>A politikai \u00e9rz\u00e9kenys\u00e9g nem v\u00e9letlen n\u00e1la: csal\u00e1dja t\u00f6bb gener\u00e1ci\u00f3n \u00e1t jelen volt a k\u00f6z\u00e9letben. \u00c9desanyja, Apr\u00f3 Piroska ismert k\u00f6zgazd\u00e1sz \u00e9s&#8230; <span class=\"gridview-grid-post-read-more\"><a href=\"https:\/\/online-filmkatarzis.com\/kucko\/hirek\/kiderult-dobrev-klara-szarmazasa\/\">read more<span class=\"gridview-sr-only\"> Kider\u00fclt Dobrev Kl\u00e1ra sz\u00e1rmaz\u00e1sa!<\/span><\/a><\/span><\/p>\n","protected":false},"author":1,"featured_media":3182,"comment_status":"open","ping_status":"open","sticky":false,"template":"","format":"standard","meta":{"footnotes":""},"categories":[1],"tags":[],"class_list":["post-3181","post","type-post","status-publish","format-standard","has-post-thumbnail","hentry","category-egyeb","wpcat-1-id"],"_links":{"self":[{"href":"https:\/\/online-filmkatarzis.com\/kucko\/hirek\/wp-json\/wp\/v2\/posts\/3181","targetHints":{"allow":["GET"]}}],"collection":[{"href":"https:\/\/online-filmkatarzis.com\/kucko\/hirek\/wp-json\/wp\/v2\/posts"}],"about":[{"href":"https:\/\/online-filmkatarzis.com\/kucko\/hirek\/wp-json\/wp\/v2\/types\/post"}],"author":[{"embeddable":true,"href":"https:\/\/online-filmkatarzis.com\/kucko\/hirek\/wp-json\/wp\/v2\/users\/1"}],"replies":[{"embeddable":true,"href":"https:\/\/online-filmkatarzis.com\/kucko\/hirek\/wp-json\/wp\/v2\/comments?post=3181"}],"version-history":[{"count":1,"href":"https:\/\/online-filmkatarzis.com\/kucko\/hirek\/wp-json\/wp\/v2\/posts\/3181\/revisions"}],"predecessor-version":[{"id":3183,"href":"https:\/\/online-filmkatarzis.com\/kucko\/hirek\/wp-json\/wp\/v2\/posts\/3181\/revisions\/3183"}],"wp:featuredmedia":[{"embeddable":true,"href":"https:\/\/online-filmkatarzis.com\/kucko\/hirek\/wp-json\/wp\/v2\/media\/3182"}],"wp:attachment":[{"href":"https:\/\/online-filmkatarzis.com\/kucko\/hirek\/wp-json\/wp\/v2\/media?parent=3181"}],"wp:term":[{"taxonomy":"category","embeddable":true,"href":"https:\/\/online-filmkatarzis.com\/kucko\/hirek\/wp-json\/wp\/v2\/categories?post=3181"},{"taxonomy":"post_tag","embeddable":true,"href":"https:\/\/online-filmkatarzis.com\/kucko\/hirek\/wp-json\/wp\/v2\/tags?post=3181"}],"curies":[{"name":"wp","href":"https:\/\/api.w.org\/{rel}","templated":true}]}}