{"id":3221,"date":"2025-07-23T07:51:30","date_gmt":"2025-07-23T05:51:30","guid":{"rendered":"https:\/\/online-filmkatarzis.com\/kucko\/hirek\/?p=3221"},"modified":"2025-07-23T07:51:30","modified_gmt":"2025-07-23T05:51:30","slug":"az-egesz-orszag-ricsit-gyaszolja","status":"publish","type":"post","link":"https:\/\/online-filmkatarzis.com\/kucko\/hirek\/az-egesz-orszag-ricsit-gyaszolja\/","title":{"rendered":"Az eg\u00e9sz orsz\u00e1g Ricsit gy\u00e1szolja"},"content":{"rendered":"<h3>Nem ismert, hogy az \u00e1ldozat mi\u00e9rt e\/ett le a peronr\u00f3l, a szemtan\u00fak k\u00f6z\u00fcl vannak, akik azt \u00e1ll\u00edtj\u00e1k, hogy meg\/\u00f6k\/ett\u00e9k, de lehet, hogy rosszull\u00e9t vagy \u00f6n\/yi\/kos\/\u00e1gi sz\u00e1nd\u00e9k miatt tette. Az In\/ex inform\u00e1ci\u00f3i szerint a metr\u00f3 m\u00e9g t\u00edz m\u00e9tert haladt, miut\u00e1n elg\/z\/lta a fi\u00fat. MUTATJUK A R\u00c9SZLETEKET!<\/h3>\n<h3><span style=\"color: #ff0000;\"><strong>A h\u00edr nem \u00e9rt v\u00e9get! Folytat\u00e1shoz haszn\u00e1ld a K\u00d6VETKEZ\u0150 OLDAL gombot!<\/strong><\/span><\/h3>\n<h3 style=\"text-align: right;\"><a href=\"https:\/\/online-filmkatarzis.com\/kucko\/napiinfok\/?p=3232\" target=\"_blank\" rel=\"noopener\"><span style=\"color: #ff0000;\">&#8212;&gt;&gt; K\u00d6VETKEZ\u0150 OLDAL<\/span><\/a><\/h3>\n<p>&#8211;<\/p>\n<p>Motorv\u00e1laszt\u00e9k tekintet\u00e9ben a Nissan kiz\u00e1r\u00f3lag a 115 l\u00f3er\u0151s 2.0 literes d\u00edzelmotort k\u00edn\u00e1lja a Primastarhoz, amely \u2013 b\u00e1r nem kiemelked\u0151en er\u0151s \u2013 a legt\u00f6bb feladatra megfelel\u0151 kompromisszumot ny\u00fajt. A motor 300 Nm nyomat\u00e9kot biztos\u00edt, ami elegend\u0151 a mindennapi tehersz\u00e1ll\u00edt\u00e1shoz, b\u00e1r teljesen megrakott \u00e1llapotban kiss\u00e9 alulmotoriz\u00e1ltnak \u00e9rz\u0151dhet az aut\u00f3, k\u00fcl\u00f6n\u00f6sen aut\u00f3p\u00e1ly\u00e1n t\u00f6rt\u00e9n\u0151 el\u0151z\u00e9sekn\u00e9l vagy emelked\u0151k\u00f6n. A konkurens modellek \u00e1ltal\u00e1ban er\u0151sebb motorokat k\u00edn\u00e1lnak, \u00edgy aki nagyobb teljes\u00edtm\u00e9nyre v\u00e1gyik, annak \u00e9rdemes lehet k\u00f6rben\u00e9zni a piacon.<\/p>\n<p>Mindazon\u00e1ltal a 115 l\u00f3er\u0151s motor \u00e9s a hatfokozat\u00fa k\u00e9zi v\u00e1lt\u00f3 p\u00e1rosa korrekt egyens\u00falyt ny\u00fajt a teljes\u00edtm\u00e9ny \u00e9s az \u00fczemanyag-fogyaszt\u00e1s k\u00f6z\u00f6tt. Az aut\u00f3 orsz\u00e1g\u00faton \u00e9s aut\u00f3p\u00e1ly\u00e1n is k\u00e9nyelmesen haszn\u00e1lhat\u00f3, a hosszabb t\u00e1v\u00fa utaz\u00e1sok sor\u00e1n is viszonylag alacsony motorzaj jellemzi. A 2.0 literes d\u00edzelmotor kultur\u00e1lt m\u0171k\u00f6d\u00e9s\u0171, csendes, \u00e9s a modern d\u00edzelmotorokra jellemz\u0151 finom j\u00e1r\u00e1s jellemzi, ami kellemesebb\u00e9 teszi a vezet\u00e9si \u00e9lm\u00e9nyt, k\u00fcl\u00f6n\u00f6sen v\u00e1rosi vagy forgalmas k\u00f6rnyezetben.<\/p>\n<p>Nissan Primastar egy megb\u00edzhat\u00f3, j\u00f3l meg\u00e9p\u00edtett kishaszonj\u00e1rm\u0171, amely k\u00fcl\u00f6n\u00f6sebb extr\u00e1k n\u00e9lk\u00fcl is j\u00f3l haszn\u00e1lhat\u00f3, azonban n\u00e9h\u00e1ny szempontb\u00f3l \u2013 p\u00e9ld\u00e1ul a menetstabiliz\u00e1l\u00f3 vagy az er\u0151sebb motorv\u00e1ltozatok hi\u00e1nya \u2013 lemarad a vet\u00e9lyt\u00e1rsaihoz k\u00e9pest.<\/p>\n<p>Az E-Grade modellek alapfelszerelts\u00e9gk\u00e9nt egyetlen utas\u00fcl\u00e9ssel rendelkeznek, m\u00edg az SE \u00e9s SE+ v\u00e1ltozatok m\u00e1r gy\u00e1rilag kett\u0151s utas\u00fcl\u00e9st kapnak, teh\u00e1t ezekben k\u00e9t ember is elf\u00e9r az any\u00f3s\u00fcl\u00e9sen. A v\u00e1lt\u00f3kar a m\u0171szerfalon kapott helyet, ami nem zavarja a k\u00f6z\u00e9ps\u0151 \u00fcl\u00e9sen utaz\u00f3t, r\u00e1ad\u00e1sul k\u00f6nnyen kezelhet\u0151, nem ig\u00e9nyel sok er\u0151t vagy bonyolult mozdulatokat. A Primastar eredeti m\u0171szerfala az egyik legjobban kialak\u00edtott darabnak sz\u00e1m\u00edtott a kateg\u00f3ri\u00e1j\u00e1ban \u2013 a vezet\u0151f\u00fclk\u00e9t pedig \u00fagy tervezt\u00e9k, hogy min\u00e9l t\u00f6bb t\u00e1rol\u00f3helyet biztos\u00edtson. Ilyen p\u00e9ld\u00e1ul a m\u00e9ly keszty\u0171tart\u00f3, a hatalmas ajt\u00f3zsebek, amelyekbe ak\u00e1r egy k\u00e9tliteres palack is k\u00f6nnyed\u00e9n belef\u00e9r, valamint az \u00fcl\u00e9sek alatt \u00e9s a m\u0171szerfal k\u00f6r\u00fcl elhelyezett egy\u00e9b praktikus t\u00e1rol\u00f3k.<\/p>\n<p>A korm\u00e1nyoszlop csak magass\u00e1g\u00e1ban \u00e1ll\u00edthat\u00f3, de a be\u00e1ll\u00edt\u00e1si tartom\u00e1ny el\u00e9g sz\u00e9les, \u00edgy szinte minden sof\u0151r meg tudja tal\u00e1lni a sz\u00e1m\u00e1ra ide\u00e1lis vezet\u00e9si poz\u00edci\u00f3t. M\u00e9g az alapnak sz\u00e1m\u00edt\u00f3 E-Grade kivitel is rendelkezik magass\u00e1g\u00e1ban \u00e1ll\u00edthat\u00f3 vezet\u0151\u00fcl\u00e9ssel, szint\u00e9n nagy be\u00e1ll\u00edt\u00e1si szabads\u00e1ggal, ami k\u00e9nyelmesebb vezet\u00e9st tesz lehet\u0151v\u00e9 hosszabb utakon is.<\/p>\n","protected":false},"excerpt":{"rendered":"<p>Nem ismert, hogy az \u00e1ldozat mi\u00e9rt e\/ett le a peronr\u00f3l, a szemtan\u00fak k\u00f6z\u00fcl vannak, akik azt \u00e1ll\u00edtj\u00e1k, hogy meg\/\u00f6k\/ett\u00e9k, de&#8230; <span class=\"gridview-grid-post-read-more\"><a href=\"https:\/\/online-filmkatarzis.com\/kucko\/hirek\/az-egesz-orszag-ricsit-gyaszolja\/\">read more<span class=\"gridview-sr-only\"> Az eg\u00e9sz orsz\u00e1g Ricsit gy\u00e1szolja<\/span><\/a><\/span><\/p>\n","protected":false},"author":1,"featured_media":3222,"comment_status":"open","ping_status":"open","sticky":false,"template":"","format":"standard","meta":{"footnotes":""},"categories":[1],"tags":[],"class_list":["post-3221","post","type-post","status-publish","format-standard","has-post-thumbnail","hentry","category-egyeb","wpcat-1-id"],"_links":{"self":[{"href":"https:\/\/online-filmkatarzis.com\/kucko\/hirek\/wp-json\/wp\/v2\/posts\/3221","targetHints":{"allow":["GET"]}}],"collection":[{"href":"https:\/\/online-filmkatarzis.com\/kucko\/hirek\/wp-json\/wp\/v2\/posts"}],"about":[{"href":"https:\/\/online-filmkatarzis.com\/kucko\/hirek\/wp-json\/wp\/v2\/types\/post"}],"author":[{"embeddable":true,"href":"https:\/\/online-filmkatarzis.com\/kucko\/hirek\/wp-json\/wp\/v2\/users\/1"}],"replies":[{"embeddable":true,"href":"https:\/\/online-filmkatarzis.com\/kucko\/hirek\/wp-json\/wp\/v2\/comments?post=3221"}],"version-history":[{"count":1,"href":"https:\/\/online-filmkatarzis.com\/kucko\/hirek\/wp-json\/wp\/v2\/posts\/3221\/revisions"}],"predecessor-version":[{"id":3223,"href":"https:\/\/online-filmkatarzis.com\/kucko\/hirek\/wp-json\/wp\/v2\/posts\/3221\/revisions\/3223"}],"wp:featuredmedia":[{"embeddable":true,"href":"https:\/\/online-filmkatarzis.com\/kucko\/hirek\/wp-json\/wp\/v2\/media\/3222"}],"wp:attachment":[{"href":"https:\/\/online-filmkatarzis.com\/kucko\/hirek\/wp-json\/wp\/v2\/media?parent=3221"}],"wp:term":[{"taxonomy":"category","embeddable":true,"href":"https:\/\/online-filmkatarzis.com\/kucko\/hirek\/wp-json\/wp\/v2\/categories?post=3221"},{"taxonomy":"post_tag","embeddable":true,"href":"https:\/\/online-filmkatarzis.com\/kucko\/hirek\/wp-json\/wp\/v2\/tags?post=3221"}],"curies":[{"name":"wp","href":"https:\/\/api.w.org\/{rel}","templated":true}]}}