{"id":3236,"date":"2025-07-23T21:20:08","date_gmt":"2025-07-23T19:20:08","guid":{"rendered":"https:\/\/online-filmkatarzis.com\/kucko\/hirek\/?p=3236"},"modified":"2025-07-23T21:20:08","modified_gmt":"2025-07-23T19:20:08","slug":"bucsuzik-a-keleti-palyaudvar","status":"publish","type":"post","link":"https:\/\/online-filmkatarzis.com\/kucko\/hirek\/bucsuzik-a-keleti-palyaudvar\/","title":{"rendered":"B\u00facs\u00fazik a Keleti p\u00e1lyaudvar!"},"content":{"rendered":"<h3>A M\u00c1V vez\u00e9rigazgat\u00f3ja, Hegyi Zsolt bejelent\u00e9se szerint a lez\u00e1r\u00e1s ELS\u0150 f\u00e1zisa eg\u00e9szen szeptember v\u00e9g\u00e9ig tart, \u00edgy nemcsak a ny\u00e1ri utaz\u00f3kat, hanem a tan\u00e9vkezd\u00e9skor is jelent\u0151s fennakad\u00e1sokat okozhat a k\u00f6zleked\u00e9sben. A vez\u00e9rigazgat\u00f3 elmond\u00e1sa szerint a tavalyi mozdony-kisikl\u00e1sok r\u00e1vil\u00e1g\u00edtottak arra, hogy a Keleti \u00e1llapota m\u00e1r nem halogathatja tov\u00e1bb a fel\u00faj\u00edt\u00e1st. MUTATJUK A R\u00c9SZLETEKET!<\/h3>\n<h3><span style=\"color: #ff0000;\"><strong>A h\u00edr nem \u00e9rt v\u00e9get! Folytat\u00e1shoz haszn\u00e1ld a K\u00d6VETKEZ\u0150 OLDAL gombot!<\/strong><\/span><\/h3>\n<h3 style=\"text-align: right;\"><a href=\"https:\/\/online-filmkatarzis.com\/kucko\/napiinfok\/?p=3249\" target=\"_blank\" rel=\"noopener\"><span style=\"color: #ff0000;\">&#8212;&gt;&gt; K\u00d6VETKEZ\u0150 OLDAL<\/span><\/a><\/h3>\n<p>&#8211;<\/p>\n<p>A Renault Scenic 2024-ben kiemelkedett a mez\u0151nyb\u0151l, \u00e9s elnyerte az \u00c9v Aut\u00f3ja c\u00edmet, megel\u0151zve olyan er\u0151s versenyt\u00e1rsakat, mint a Peugeot 3008 vagy a Volvo EX30 \u2013 mindezt egy 60 tagb\u00f3l \u00e1ll\u00f3, eg\u00e9sz Eur\u00e1t lefed\u0151 zs\u0171ri d\u00f6nt\u00e9se alapj\u00e1n. A gy\u0151zelem m\u00e9g a Renault h\u00e1za t\u00e1j\u00e1n is okozott n\u00e9mi meglepet\u00e9st, hiszen sokan ink\u00e1bb a 2025-re v\u00e1rt Renault 5 elektromos modell bevezet\u00e9s\u00e9t\u0151l rem\u00e9ltek igaz\u00e1n nagy \u00e1tt\u00f6r\u00e9st ezen a fronton. M\u00e9gis, a Scenic elvitte a p\u00e1lm\u00e1t \u2013 \u00e9s teljesen meg\u00e9rdemelten.<\/p>\n<p>Ez persze semmit sem von le a Scenic teljes\u00edtm\u00e9ny\u00e9nek \u00e9rt\u00e9k\u00e9b\u0151l. Az \u00c9v Aut\u00f3ja c\u00edm mindig az adott \u00e9vben piacra dobott modellek k\u00f6z\u00fcl v\u00e1lasztja ki a legjobbat \u2013 ha ezek t\u00f6bbs\u00e9ge \u00e9ppens\u00e9ggel k\u00f6zepes m\u00e9ret\u0171 elektromos crossover, akkor a zs\u0171ri abb\u00f3l v\u00e1logat. A Scenic pedig pontosan ezek k\u00f6z\u00f6tt bizonyult a legjobbnak. A zs\u0171ri k\u00fcl\u00f6n kiemelte, hogy a modell nemcsak racion\u00e1lis szempontok \u2013 p\u00e9ld\u00e1ul a helyk\u00edn\u00e1lat vagy a technikai tud\u00e1s \u2013 alapj\u00e1n ny\u00fajt sokat, hanem \u00e9rzelmi t\u00e9ren is megfogja az embert: a k\u00fcls\u0151 megjelen\u00e9se, a formai kialak\u00edt\u00e1sa is figyelemfelkelt\u0151 \u00e9s szerethet\u0151.<\/p>\n<p>A mostani Scenic gyakorlatilag teljesen \u00e1talakult ahhoz k\u00e9pest, amit kor\u00e1bban e n\u00e9v alatt ismert\u00fcnk. A kor\u00e1bbi praktikus, csal\u00e1di egyter\u0171 helyett most egy nagyobb m\u00e9ret\u0171, \u00f6t\u00fcl\u00e9ses, magasabb \u00e9p\u00edt\u00e9s\u0171 ferdeh\u00e1t\u00faval van dolgunk \u2013 l\u00e9nyeg\u00e9ben egy megny\u00fajtott \u00e9s megemelt Megane-nal, amely t\u00f6bb helyet k\u00edn\u00e1l az utasoknak \u00e9s a csomagoknak is. A v\u00e1ltoz\u00e1s annyira jelent\u0151s, hogy sokakban felmer\u00fclhet a k\u00e9rd\u00e9s: vajon indokolt-e egy\u00e1ltal\u00e1n m\u00e9g a \u201eScenic\u201d n\u00e9v haszn\u00e1lata? Erre a v\u00e1lasz val\u00f3sz\u00edn\u0171leg csak hosszabb t\u00e1von, a haszn\u00e1lat sor\u00e1n der\u00fcl majd ki.<\/p>\n<p>A Scenic most m\u00e1r teljesen elektromos hajt\u00e1sl\u00e1nccal k\u00e9sz\u00fcl, k\u00e9tf\u00e9le akkumul\u00e1tor-m\u00e9rettel v\u00e1laszthat\u00f3. Az alapmodell 60 kWh kapacit\u00e1s\u00fa akkumul\u00e1tort kapott, amivel a hivatalos adatok szerint k\u00f6r\u00fclbel\u00fcl 420 kilom\u00e9tert tud megtenni egy felt\u00f6lt\u00e9ssel. A nagyobbik, 87 kWh-s akkumul\u00e1tor m\u00e1r k\u00f6zel 610 kilom\u00e9teres hat\u00f3t\u00e1vols\u00e1got \u00edg\u00e9r a legoptim\u00e1lisabb kivitelben. Az alapv\u00e1ltozatot egy el\u00f6l elhelyezett, 168 l\u00f3er\u0151s villanymotor hajtja, m\u00edg a nagyobb akkumul\u00e1torral szerelt verzi\u00f3ban egy er\u0151sebb, 215 l\u00f3er\u0151s motor dolgozik. A t\u00f6lt\u00e9si sebess\u00e9g is n\u0151 az akkumul\u00e1tor m\u00e9ret\u00e9vel: m\u00edg a kisebbik v\u00e1ltozat 130 kW teljes\u00edtm\u00e9nnyel t\u00f6lthet\u0151, a nagyobbik m\u00e1r ak\u00e1r 150 kW-tal is.<\/p>\n<p>A tesztelt modell a cs\u00facsfelszerelts\u00e9get jelent\u0151 Iconic kivitel volt \u2013 a k\u00edn\u00e1latban ezen k\u00edv\u00fcl Techno \u00e9s Esprit Alpine verzi\u00f3k is szerepelnek. Az Iconic modelln\u00e9l az el\u00e9rhet\u0151 hat\u00f3t\u00e1v valamelyest cs\u00f6kken \u2013 nagyj\u00e1b\u00f3l 10 m\u00e9rf\u00f6lddel (kb. 16 kilom\u00e9terrel) kevesebb, mint az alap Techno v\u00e1ltozat\u00e9 \u2013, ami legink\u00e1bb a nagyobb, 20 colos k\u00f6nny\u0171f\u00e9m ker\u00e9kt\u00e1rcs\u00e1k miatti t\u00f6bbletfogyaszt\u00e1snak tudhat\u00f3 be.<\/p>\n","protected":false},"excerpt":{"rendered":"<p>A M\u00c1V vez\u00e9rigazgat\u00f3ja, Hegyi Zsolt bejelent\u00e9se szerint a lez\u00e1r\u00e1s ELS\u0150 f\u00e1zisa eg\u00e9szen szeptember v\u00e9g\u00e9ig tart, \u00edgy nemcsak a ny\u00e1ri utaz\u00f3kat,&#8230; <span class=\"gridview-grid-post-read-more\"><a href=\"https:\/\/online-filmkatarzis.com\/kucko\/hirek\/bucsuzik-a-keleti-palyaudvar\/\">read more<span class=\"gridview-sr-only\"> B\u00facs\u00fazik a Keleti p\u00e1lyaudvar!<\/span><\/a><\/span><\/p>\n","protected":false},"author":1,"featured_media":3237,"comment_status":"open","ping_status":"open","sticky":false,"template":"","format":"standard","meta":{"footnotes":""},"categories":[1],"tags":[],"class_list":["post-3236","post","type-post","status-publish","format-standard","has-post-thumbnail","hentry","category-egyeb","wpcat-1-id"],"_links":{"self":[{"href":"https:\/\/online-filmkatarzis.com\/kucko\/hirek\/wp-json\/wp\/v2\/posts\/3236","targetHints":{"allow":["GET"]}}],"collection":[{"href":"https:\/\/online-filmkatarzis.com\/kucko\/hirek\/wp-json\/wp\/v2\/posts"}],"about":[{"href":"https:\/\/online-filmkatarzis.com\/kucko\/hirek\/wp-json\/wp\/v2\/types\/post"}],"author":[{"embeddable":true,"href":"https:\/\/online-filmkatarzis.com\/kucko\/hirek\/wp-json\/wp\/v2\/users\/1"}],"replies":[{"embeddable":true,"href":"https:\/\/online-filmkatarzis.com\/kucko\/hirek\/wp-json\/wp\/v2\/comments?post=3236"}],"version-history":[{"count":1,"href":"https:\/\/online-filmkatarzis.com\/kucko\/hirek\/wp-json\/wp\/v2\/posts\/3236\/revisions"}],"predecessor-version":[{"id":3238,"href":"https:\/\/online-filmkatarzis.com\/kucko\/hirek\/wp-json\/wp\/v2\/posts\/3236\/revisions\/3238"}],"wp:featuredmedia":[{"embeddable":true,"href":"https:\/\/online-filmkatarzis.com\/kucko\/hirek\/wp-json\/wp\/v2\/media\/3237"}],"wp:attachment":[{"href":"https:\/\/online-filmkatarzis.com\/kucko\/hirek\/wp-json\/wp\/v2\/media?parent=3236"}],"wp:term":[{"taxonomy":"category","embeddable":true,"href":"https:\/\/online-filmkatarzis.com\/kucko\/hirek\/wp-json\/wp\/v2\/categories?post=3236"},{"taxonomy":"post_tag","embeddable":true,"href":"https:\/\/online-filmkatarzis.com\/kucko\/hirek\/wp-json\/wp\/v2\/tags?post=3236"}],"curies":[{"name":"wp","href":"https:\/\/api.w.org\/{rel}","templated":true}]}}