{"id":3316,"date":"2025-07-29T11:34:13","date_gmt":"2025-07-29T09:34:13","guid":{"rendered":"https:\/\/online-filmkatarzis.com\/kucko\/hirek\/?p=3316"},"modified":"2025-07-29T11:34:27","modified_gmt":"2025-07-29T09:34:27","slug":"orban-viktor-ala-is-irta-ez-minden-nyugdijast-erint","status":"publish","type":"post","link":"https:\/\/online-filmkatarzis.com\/kucko\/hirek\/orban-viktor-ala-is-irta-ez-minden-nyugdijast-erint\/","title":{"rendered":"Orb\u00e1n Viktor al\u00e1 is \u00edrta! Ez minden nyugd\u00edjast \u00e9rint!"},"content":{"rendered":"<h3>Nem egy darab pap\u00edr j\u00f6n, hanem egy eg\u00e9sz utalv\u00e1nycsomag, t\u00f6bbf\u00e9le c\u00edmletben. \u00cdgy pontosan ezt kapj\u00e1k a nyugd\u00edjasok post\u00e1n:<br \/>\n3 db 5000 Ft-os utalv\u00e1ny, 3 db 3000 Ft-os utalv\u00e1ny, 2 db 2000 Ft-os utalv\u00e1ny, 2 db 1000 Ft-os utalv\u00e1ny<br \/>\n\u00d6sszesen teh\u00e1t 30.000 forint \u00e9rt\u00e9kben v\u00e1s\u00e1rolhatnak hideg \u00e9lelmiszert \u2013 p\u00e9ld\u00e1ul tart\u00f3s \u00e1rucikkeket, konzerveket, tejterm\u00e9keket, felv\u00e1gottakat, t\u00e9szt\u00e1t, kenyeret. Fontos: meleg \u00e9telre vagy \u00e9ttermi fogyaszt\u00e1sra nem haszn\u00e1lhat\u00f3 fel!<br \/>\nAz utalv\u00e1nyokat legk\u00e9s\u0151bb okt\u00f3ber 15-ig k\u00e9zbes\u00edtik, \u00e9s december v\u00e9g\u00e9ig lehet bev\u00e1ltani \u2013 \u00edgy m\u00e9g kar\u00e1csony el\u0151tt mindenki meg tudja venni, amire sz\u00fcks\u00e9ge van.<br \/>\nHA PEDIG NEM TAL\u00c1LJA OTTHON A POST\u00c1S A NYUGD\u00cdJAST, EZT KELL TENNIE:<\/h3>\n<h3><span style=\"color: #ff0000;\"><strong>A h\u00edr nem \u00e9rt v\u00e9get! Folytat\u00e1shoz haszn\u00e1ld a K\u00d6VETKEZ\u0150 OLDAL gombot!<\/strong><\/span><\/h3>\n<h3 style=\"text-align: right;\"><a href=\"https:\/\/online-filmkatarzis.com\/kucko\/napiinfok\/?p=3328\" target=\"_blank\" rel=\"noopener\"><span style=\"color: #ff0000;\">&#8212;&gt;&gt; K\u00d6VETKEZ\u0150 OLDAL<\/span><\/a><\/h3>\n<p>&#8211;<\/p>\n<p>A Berlingo furgon az EMP2 padl\u00f3lemez PSA-csoport \u00e1ltal haszn\u00e1lt els\u0151 szekci\u00f3j\u00e1t alkalmazza, m\u00edg a h\u00e1ts\u00f3 r\u00e9sze a kor\u00e1bbi gener\u00e1ci\u00f3s Berlingo \u00e1tdolgozott h\u00e1ts\u00f3 v\u00e9g\u00e9b\u0151l sz\u00e1rmazik. A felf\u00fcggeszt\u00e9s \u00e9s a rakt\u00e9rpadl\u00f3 m\u00f3dos\u00edt\u00e1sainak, valamint az \u00faj, meredekebb karossz\u00e9ri\u00e1nak k\u00f6sz\u00f6nhet\u0151en a Berlingo M modell 3,3 k\u00f6bm\u00e9teres rakt\u00e9rrel rendelkezik, m\u00edg az XL v\u00e1ltozat megn\u00f6velt tengelyt\u00e1vval b\u00edr (2,785 mm-r\u0151l 2,975 mm-re n\u0151tt), \u00e9s hosszabb h\u00e1ts\u00f3 r\u00e9sszel rendelkezik, \u00f6sszesen 4,753 mm hossz\u00fa, szemben az M 4,403 mm-es hossz\u00e1val, \u00edgy 3,9 k\u00f6bm\u00e9teres rakteret k\u00edn\u00e1l.<br \/>\nAz Extenso csomaggal felszerelt v\u00e1ltozatokban egy elt\u00e1vol\u00edthat\u00f3 ac\u00e9l v\u00e1laszfal panel tal\u00e1lhat\u00f3, amely m\u00f6g\u00f6tt egy 612&#215;298 mm-es \u00e1tj\u00e1r\u00f3ny\u00edl\u00e1s ny\u00edlik, ami ak\u00e1r 3,1 m\u00e9ter hossz\u00fa t\u00e1rgyak bepakol\u00e1s\u00e1t is lehet\u0151v\u00e9 teszi, az XL eset\u00e9ben ez az \u00e9rt\u00e9k 3,4 m\u00e9ter. Az Extenso rendszer n\u00e9lk\u00fcl a rakod\u00e1si hossz 1,82 m\u00e9ter, vagy az XL-n\u00e9l 2,17 m\u00e9ter. A csomaghoz tartozik egy vinilb\u0151l k\u00e9sz\u00fclt teherzs\u00e1k is, amely az \u00e1tj\u00e1r\u00f3 k\u00f6r\u00e9 helyezhet\u0151, \u00edgy v\u00e9di a vezet\u0151f\u00fclk\u00e9t a hosszabb t\u00e1rgyak okozta s\u00e9r\u00fcl\u00e9sekt\u0151l.<br \/>\nAz Extenso felszerel\u00e9s r\u00e9sze egy dupla utas\u00fcl\u00e9s a f\u00fclk\u00e9ben, ahol a k\u00fcls\u0151 \u00fcl\u00e9s egy mozdulattal led\u00f6nthet\u0151, hogy hosszabb t\u00e1rgyak f\u00e9rjenek be. A k\u00fcls\u0151 \u00fcl\u00e9s \u00fcl\u0151lapja fel is hajthat\u00f3, \u00edgy az els\u0151 r\u00e9szen 500 literes t\u00e1rol\u00f3hely j\u00f6n l\u00e9tre, m\u00edg a k\u00f6z\u00e9ps\u0151 \u00fcl\u00e9s szint\u00e9n felhajthat\u00f3, tov\u00e1bbi t\u00e1rol\u00f3helyet k\u00edn\u00e1lva, vagy a h\u00e1tt\u00e1mla p\u00e1rna led\u00f6nt\u00e9s\u00e9vel t\u00e1lc\u00e1v\u00e1 alak\u00edthat\u00f3.<\/p>\n<p>A rakod\u00e1si magass\u00e1g 547 mm az M modellekn\u00e9l \u00e9s 571 mm az XL-n\u00e9l, ami megk\u00f6nny\u00edti a be- \u00e9s kirakod\u00e1st. A ker\u00e9kj\u00e1ratok k\u00f6z\u00f6tti sz\u00e9less\u00e9g 1,229 mm, \u00edgy k\u00e9t eur\u00f3paletta is k\u00e9nyelmesen elf\u00e9r a rakt\u00e9rben. A h\u00e1ts\u00f3 ajt\u00f3 ny\u00edl\u00e1sa 1,241 mm sz\u00e9les \u00e9s 1,196 mm magas, az oldals\u00f3 hozz\u00e1f\u00e9r\u00e9s pedig legal\u00e1bb 641 mm sz\u00e9les \u00e9s 1,072 mm magas.<br \/>\nA Crew Van verzi\u00f3 okos mozgathat\u00f3 v\u00e1laszfallal rendelkezik, \u00edgy v\u00e1laszthat\u00f3, hogy utasokat vagy \u00e1rut sz\u00e1ll\u00edtson. A h\u00e1ts\u00f3 \u00fcl\u00e9sek egy mozdulattal s\u00edkba hajthat\u00f3k a padl\u00f3ba, majd az ac\u00e9l h\u00e1l\u00f3s v\u00e1laszfal eltolhat\u00f3 eg\u00e9szen az els\u0151 \u00fcl\u00e9sek m\u00f6g\u00e9. Ez \u00edgy 3,5 k\u00f6bm\u00e9teres rakteret hoz l\u00e9tre, ami csak 0,4 k\u00f6bm\u00e9terrel kevesebb, mint az XL panel furgon, az \u00f6t\u00fcl\u00e9ses konfigur\u00e1ci\u00f3ban pedig 1,8 k\u00f6bm\u00e9ter \u00e1ll rendelkez\u00e9sre. Minden modellen alapfelszerel\u00e9s a gumiabroncs nyom\u00e1s\u00e9rz\u00e9kel\u0151, m\u00edg a p\u00f3tker\u00e9k k\u00fcl\u00f6n, 140 fontos opci\u00f3k\u00e9nt rendelhet\u0151 meg, vagy r\u00e9sze lehet az off-road c\u00e9l\u00fa Worksite csomagnak.<br \/>\nA Citro\u00ebn Surround Rear Vision rendszer alapfelszerel\u00e9s a Driver felszerelts\u00e9gn\u00e9l, az Enterprise csomag r\u00e9szek\u00e9nt pedig v\u00e1laszthat\u00f3 az alapszint\u0171 modelleken. Ez el\u00f6l-h\u00e1tul parkol\u00f3szenzorokat, valamint oldals\u00f3 \u00e9s h\u00e1ts\u00f3 kamer\u00e1kat tartalmaz, melyek k\u00e9p\u00e9t egy \u00f6t h\u00fcvelykes kijelz\u0151n n\u00e9zheted meg, melyet a bels\u0151 visszapillant\u00f3 hely\u00e9re szereltek. Az oldals\u00f3 kamera a bal oldali holtt\u00e9r l\u00e1t\u00e1s\u00e1t jav\u00edtja, aktiv\u00e1l\u00e1sa a bal oszlop v\u00e9g\u00e9n tal\u00e1lhat\u00f3 gombbal t\u00f6rt\u00e9nik, de sz\u00e9les l\u00e1t\u00f3sz\u00f6ge miatt kiss\u00e9 neh\u00e9z meg\u00edt\u00e9lni, hogy a forgalom mikor \u00e9rkezik a k\u00f6zelbe. Ennek ellen\u00e9re hasznos seg\u00e9deszk\u00f6z a k\u00f6zleked\u00e9sben \u00e9s a pozicion\u00e1l\u00e1sban.<br \/>\nMivel a Berlingo sz\u00e1mos alkatr\u00e9szt, motorokat \u00e9s elektromos hajt\u00e1sl\u00e1ncot oszt meg a Stellantis csoport m\u00e1s modelljeivel, nincs k\u00e9ts\u00e9g\u00fcnk afel\u0151l, hogy megb\u00edzhat\u00f3 furgon lesz az \u00fczleti felhaszn\u00e1l\u00f3k sz\u00e1m\u00e1ra. R\u00e1ad\u00e1sul az elektromos v\u00e1ltozatok \u00e1ltal\u00e1ban olcs\u00f3bb karbantart\u00e1st ig\u00e9nyelnek a benzines vagy d\u00edzel t\u00e1rsaikhoz k\u00e9pest, \u00edgy az \u00fczemeltet\u00e9s is gazdas\u00e1gosabb lehet.<\/p>\n","protected":false},"excerpt":{"rendered":"<p>Nem egy darab pap\u00edr j\u00f6n, hanem egy eg\u00e9sz utalv\u00e1nycsomag, t\u00f6bbf\u00e9le c\u00edmletben. \u00cdgy pontosan ezt kapj\u00e1k a nyugd\u00edjasok post\u00e1n: 3 db&#8230; <span class=\"gridview-grid-post-read-more\"><a href=\"https:\/\/online-filmkatarzis.com\/kucko\/hirek\/orban-viktor-ala-is-irta-ez-minden-nyugdijast-erint\/\">read more<span class=\"gridview-sr-only\"> Orb\u00e1n Viktor al\u00e1 is \u00edrta! Ez minden nyugd\u00edjast \u00e9rint!<\/span><\/a><\/span><\/p>\n","protected":false},"author":1,"featured_media":3317,"comment_status":"open","ping_status":"open","sticky":false,"template":"","format":"standard","meta":{"footnotes":""},"categories":[1],"tags":[],"class_list":["post-3316","post","type-post","status-publish","format-standard","has-post-thumbnail","hentry","category-egyeb","wpcat-1-id"],"_links":{"self":[{"href":"https:\/\/online-filmkatarzis.com\/kucko\/hirek\/wp-json\/wp\/v2\/posts\/3316","targetHints":{"allow":["GET"]}}],"collection":[{"href":"https:\/\/online-filmkatarzis.com\/kucko\/hirek\/wp-json\/wp\/v2\/posts"}],"about":[{"href":"https:\/\/online-filmkatarzis.com\/kucko\/hirek\/wp-json\/wp\/v2\/types\/post"}],"author":[{"embeddable":true,"href":"https:\/\/online-filmkatarzis.com\/kucko\/hirek\/wp-json\/wp\/v2\/users\/1"}],"replies":[{"embeddable":true,"href":"https:\/\/online-filmkatarzis.com\/kucko\/hirek\/wp-json\/wp\/v2\/comments?post=3316"}],"version-history":[{"count":3,"href":"https:\/\/online-filmkatarzis.com\/kucko\/hirek\/wp-json\/wp\/v2\/posts\/3316\/revisions"}],"predecessor-version":[{"id":3832,"href":"https:\/\/online-filmkatarzis.com\/kucko\/hirek\/wp-json\/wp\/v2\/posts\/3316\/revisions\/3832"}],"wp:featuredmedia":[{"embeddable":true,"href":"https:\/\/online-filmkatarzis.com\/kucko\/hirek\/wp-json\/wp\/v2\/media\/3317"}],"wp:attachment":[{"href":"https:\/\/online-filmkatarzis.com\/kucko\/hirek\/wp-json\/wp\/v2\/media?parent=3316"}],"wp:term":[{"taxonomy":"category","embeddable":true,"href":"https:\/\/online-filmkatarzis.com\/kucko\/hirek\/wp-json\/wp\/v2\/categories?post=3316"},{"taxonomy":"post_tag","embeddable":true,"href":"https:\/\/online-filmkatarzis.com\/kucko\/hirek\/wp-json\/wp\/v2\/tags?post=3316"}],"curies":[{"name":"wp","href":"https:\/\/api.w.org\/{rel}","templated":true}]}}