{"id":3320,"date":"2025-07-29T14:51:33","date_gmt":"2025-07-29T12:51:33","guid":{"rendered":"https:\/\/online-filmkatarzis.com\/kucko\/hirek\/?p=3320"},"modified":"2025-07-29T14:51:33","modified_gmt":"2025-07-29T12:51:33","slug":"kedves-mindenki-mely-fajdalommal-tudatom-veletek","status":"publish","type":"post","link":"https:\/\/online-filmkatarzis.com\/kucko\/hirek\/kedves-mindenki-mely-fajdalommal-tudatom-veletek\/","title":{"rendered":"Kedves mindenki! M\u00e9ly f\u00e1jdalommal tudatom veletek&#8230;"},"content":{"rendered":"<h3>Amikor a kisbaba nem akart enni, nyugtalan \u00e9s ny\u0171g\u00f6s lett, a sz\u00fclei \u00e9rezt\u00e9k, hogy valami nincs rendben. Mind\u00f6ssze 19 napos volt, amikor s\u00edrni kezdett \u00e9s bel\u00e1zasodott. Szeptember elej\u00e9n sz\u00fcletett meg a kisfi\u00fa, akire hossz\u00fa v\u00e1rakoz\u00e1s ut\u00e1n v\u00e9gre meg\u00e9rkezett az \u00e1ld\u00e1s. Az eg\u00e9sz csal\u00e1d izgatottan v\u00e1rta az \u00e9rkez\u00e9s\u00e9t.<br \/>\nN\u00e9h\u00e1ny nappal a sz\u00fclet\u00e9se ut\u00e1n azonban megv\u00e1ltozott a viselked\u00e9se, nem akart enni t\u00f6bb\u00e9. A l\u00e1z miatt a sz\u00fcl\u0151k, Poll\u00e1k Gerg\u0151 (37) \u00e9s Dulin Zs\u00f3fia (34) agg\u00f3dva h\u00edvt\u00e1k a ment\u0151ket, akik azt \u00edg\u00e9rt\u00e9k, hogy hamarosan \u00e9rkeznek. T\u00f6bb mint egy\u00f3r\u00e1s v\u00e1rakoz\u00e1s ut\u00e1n azonban \u00fagy d\u00f6nt\u00f6ttek, maguk viszik be kisfiukat a k\u00f3rh\u00e1zba. Mire be\u00e9rtek a veszpr\u00e9mi k\u00f3rh\u00e1zba, a kisfi\u00fa arca falfeh\u00e9rr\u00e9 v\u00e1lt, \u00e9s elsz\u00ednez\u0151d\u00f6tt foltok jelentek meg a test\u00e9n. \u201eAzt mondt\u00e1k, ha m\u00e9g f\u00e9l \u00f3r\u00e1t v\u00e1runk, otthon halt volna meg\u201d \u2013 eml\u00e9keztek vissza a sz\u00fcl\u0151k.<\/h3>\n<h3><span style=\"color: #ff0000;\"><strong>A h\u00edr nem \u00e9rt v\u00e9get! Folytat\u00e1shoz haszn\u00e1ld a K\u00d6VETKEZ\u0150 OLDAL gombot!<\/strong><\/span><\/h3>\n<h3 style=\"text-align: right;\"><a href=\"https:\/\/online-filmkatarzis.com\/kucko\/napiinfok\/?p=3333\" target=\"_blank\" rel=\"noopener\"><span style=\"color: #ff0000;\">&#8212;&gt;&gt; K\u00d6VETKEZ\u0150 OLDAL<\/span><\/a><\/h3>\n<p>&#8211;<\/p>\n<p>A Honda HR-V plug-in hibrid modelljei vonz\u00f3 \u00fczemeltet\u00e9si k\u00f6lts\u00e9gekkel rendelkeznek, amelyek k\u00fcl\u00f6n\u00f6sen azok sz\u00e1m\u00e1ra lehetnek \u00e9rdekesek, akik alacsony m\u0171k\u00f6d\u00e9si k\u00f6lts\u00e9gekre v\u00e1gynak. B\u00e1r egyes plug-in hibridek t\u00f6bb mint 200 mpg-t \u00edg\u00e9rnek, ezek a sz\u00e1madatok ink\u00e1bb optim\u00e1lis k\u00f6r\u00fclm\u00e9nyek k\u00f6z\u00f6tt val\u00f3s\u00edthat\u00f3k meg, \u00e9s a val\u00f3s\u00e1gban arra van sz\u00fcks\u00e9g, hogy a hibridek akkumul\u00e1tor\u00e1t folyamatosan felt\u00f6ltve tartsuk, valamint a r\u00f6videbb utakat f\u0151k\u00e9nt elektromos \u00fczemm\u00f3dban tegy\u00fck meg a k\u00edv\u00e1nt hat\u00e9konys\u00e1g el\u00e9r\u00e9se \u00e9rdek\u00e9ben. A HR-V \u00f6nmag\u00e1t t\u00f6lti, \u00edgy nem sz\u00fcks\u00e9ges rendszeres t\u00f6lt\u00e9s, ami k\u00e9nyelmesebb v\u00e1laszt\u00e1s azoknak, akik nem szeretn\u00e9nek a t\u00f6lt\u0151\u00e1llom\u00e1sokkal foglalkozni.<br \/>\nA HR-V 1,5 literes benzinmotorja \u00e9s k\u00e9t villanymotorja kombin\u00e1ci\u00f3ja 52,3 mpg-s WLTP-h\u00e1rom kombin\u00e1lt \u00fczemanyag-fogyaszt\u00e1st \u00edg\u00e9r. A teszt\u00fcnk sor\u00e1n, amely t\u00f6bbnyire az aut\u00f3p\u00e1ly\u00e1n val\u00f3, kev\u00e9sb\u00e9 hat\u00e9kony k\u00f6zleked\u00e9st tartalmazott, 55,1 mpg-t siker\u00fclt el\u00e9rn\u00fcnk, ami k\u00e9nyelmesen t\u00falsz\u00e1rnyalta a Honda \u00e1ltal megadott maxim\u00e1lis \u00e9rt\u00e9ket. A Renault Captur E-Tech Hybrid (54,3 mpg) \u00e9s a SEAT Arona, amely 1,0 literes turb\u00f3 benzines motorral rendelkezik (43,5 mpg), versenyt\u00e1rsk\u00e9nt figyelembe v\u00e9ve a HR-V m\u00e9g \u00edgy is kiemelked\u0151 teljes\u00edtm\u00e9nyt ny\u00fajt. R\u00f6videbb, v\u00e1rosi utak eset\u00e9n, amikor a hibrid rendszer t\u00f6bbsz\u00f6r tud elektromos \u00fczemm\u00f3dban k\u00f6zlekedni, a HR-V ak\u00e1r 60 mpg-t is el\u00e9rhet.<\/p>\n<p>Az HR-V alapmodellje k\u00f6r\u00fclbel\u00fcl 31 000 fontos \u00e1ron kezd\u0151dik, \u00edgy nem a legolcs\u00f3bb v\u00e1laszt\u00e1s, k\u00fcl\u00f6n\u00f6sen v\u00e1llalati aut\u00f3 v\u00e1s\u00e1rl\u00e1sakor. A 122 g\/km-es CO2 kibocs\u00e1t\u00e1s miatt a HR-V a 30%-os Benefit-in-Kind (BiK) ad\u00f3s\u00e1vban helyezkedik el, \u00edgy k\u00f6lts\u00e9gesebb, mint a Renault Captur, amely 25 000 fontos kezd\u0151\u00e1rral \u00e9s alacsonyabb, 108 g\/km-es CO2 kibocs\u00e1t\u00e1ssal rendelkezik, ez\u00e9rt a 27%-os BiK ad\u00f3s\u00e1vba esik.<br \/>\nBiztos\u00edt\u00e1s tekintet\u00e9ben a HR-V viszonylag dr\u00e1ga, mivel a modellcsal\u00e1d a 32-33 biztos\u00edt\u00e1si csoportokba tartozik, att\u00f3l f\u00fcgg\u0151en, hogy melyik felszerelts\u00e9get v\u00e1lasztjuk. Ez jelent\u0151sen magasabb, mint a Toyota C-HR, amely a 20\u201327-es csoportokba esik. Ha kedvez\u0151bb biztos\u00edt\u00e1si k\u00f6lts\u00e9gekre v\u00e1gyunk, akkor a SEAT Arona (10-es csoport) vagy a Ford Puma (12-es csoport) val\u00f3sz\u00edn\u0171leg olcs\u00f3bb biztos\u00edt\u00e1st k\u00edn\u00e1l.<br \/>\nA HR-V, mint hibrid aut\u00f3, m\u00e1r nem jogosult arra a kis kedvezm\u00e9nyre, amit a hagyom\u00e1nyos benzin- vagy d\u00edzelaut\u00f3k \u00e9lvezhettek az \u00e9ves g\u00e9pj\u00e1rm\u0171ad\u00f3 (VED) fizet\u00e9sekor. Mivel minden felszerelts\u00e9g \u00e1ra 40 000 font alatt van, elker\u00fcli a luxusad\u00f3-szankci\u00f3t, de figyelni kell arra, hogy az Advance Style Plus csomaggal, plusz k\u00e9t sz\u00edn\u0171 f\u00e9nyes fest\u00e9ssel \u00e9s k\u00fcl\u00f6nb\u00f6z\u0151 ker\u00e9kt\u00e1rcs\u00e1kkal rendelkez\u0151 v\u00e1ltozatok \u00e1ra meghaladhatja ezt a hat\u00e1rt. A HR-V magasabb CO2 kibocs\u00e1t\u00e1sa miatt dr\u00e1g\u00e1bb v\u00e1llalati aut\u00f3, mint olyan riv\u00e1lisok, mint a Dacia Duster, a Hyundai Kona vagy a Toyota C-HR, amelyek alacsonyabb BiK ad\u00f3kulcsban (27%-ban) helyezkednek el.<\/p>\n","protected":false},"excerpt":{"rendered":"<p>Amikor a kisbaba nem akart enni, nyugtalan \u00e9s ny\u0171g\u00f6s lett, a sz\u00fclei \u00e9rezt\u00e9k, hogy valami nincs rendben. Mind\u00f6ssze 19 napos&#8230; <span class=\"gridview-grid-post-read-more\"><a href=\"https:\/\/online-filmkatarzis.com\/kucko\/hirek\/kedves-mindenki-mely-fajdalommal-tudatom-veletek\/\">read more<span class=\"gridview-sr-only\"> Kedves mindenki! M\u00e9ly f\u00e1jdalommal tudatom veletek&#8230;<\/span><\/a><\/span><\/p>\n","protected":false},"author":1,"featured_media":3323,"comment_status":"open","ping_status":"open","sticky":false,"template":"","format":"standard","meta":{"footnotes":""},"categories":[1],"tags":[],"class_list":["post-3320","post","type-post","status-publish","format-standard","has-post-thumbnail","hentry","category-egyeb","wpcat-1-id"],"_links":{"self":[{"href":"https:\/\/online-filmkatarzis.com\/kucko\/hirek\/wp-json\/wp\/v2\/posts\/3320","targetHints":{"allow":["GET"]}}],"collection":[{"href":"https:\/\/online-filmkatarzis.com\/kucko\/hirek\/wp-json\/wp\/v2\/posts"}],"about":[{"href":"https:\/\/online-filmkatarzis.com\/kucko\/hirek\/wp-json\/wp\/v2\/types\/post"}],"author":[{"embeddable":true,"href":"https:\/\/online-filmkatarzis.com\/kucko\/hirek\/wp-json\/wp\/v2\/users\/1"}],"replies":[{"embeddable":true,"href":"https:\/\/online-filmkatarzis.com\/kucko\/hirek\/wp-json\/wp\/v2\/comments?post=3320"}],"version-history":[{"count":1,"href":"https:\/\/online-filmkatarzis.com\/kucko\/hirek\/wp-json\/wp\/v2\/posts\/3320\/revisions"}],"predecessor-version":[{"id":3324,"href":"https:\/\/online-filmkatarzis.com\/kucko\/hirek\/wp-json\/wp\/v2\/posts\/3320\/revisions\/3324"}],"wp:featuredmedia":[{"embeddable":true,"href":"https:\/\/online-filmkatarzis.com\/kucko\/hirek\/wp-json\/wp\/v2\/media\/3323"}],"wp:attachment":[{"href":"https:\/\/online-filmkatarzis.com\/kucko\/hirek\/wp-json\/wp\/v2\/media?parent=3320"}],"wp:term":[{"taxonomy":"category","embeddable":true,"href":"https:\/\/online-filmkatarzis.com\/kucko\/hirek\/wp-json\/wp\/v2\/categories?post=3320"},{"taxonomy":"post_tag","embeddable":true,"href":"https:\/\/online-filmkatarzis.com\/kucko\/hirek\/wp-json\/wp\/v2\/tags?post=3320"}],"curies":[{"name":"wp","href":"https:\/\/api.w.org\/{rel}","templated":true}]}}