{"id":3362,"date":"2025-07-31T17:36:35","date_gmt":"2025-07-31T15:36:35","guid":{"rendered":"https:\/\/online-filmkatarzis.com\/kucko\/hirek\/?p=3362"},"modified":"2025-07-31T17:36:35","modified_gmt":"2025-07-31T15:36:35","slug":"megkaptak-a-datumot-a-nyugdijasok","status":"publish","type":"post","link":"https:\/\/online-filmkatarzis.com\/kucko\/hirek\/megkaptak-a-datumot-a-nyugdijasok\/","title":{"rendered":"Megkapt\u00e1k a d\u00e1tumot a nyugd\u00edjasok!"},"content":{"rendered":"<h3>Megjegyezt\u00e9k, hogy ha sem a c\u00edmzett, sem a meghatalmazottja nem tart\u00f3zkodik a c\u00edmen a k\u00e9zbes\u00edt\u00e9s pillanat\u00e1ban, akkor a k\u00fcldem\u00e9ny az ott tart\u00f3zkod\u00f3 helyettes \u00e1tvev\u0151nek (p\u00e9ld\u00e1ul f\u00e9rj, feles\u00e9g) vagy a k\u00f6zvetett k\u00e9zbes\u00edt\u0151nek (p\u00e9ld\u00e1ul az id\u0151sotthonban l\u00e9v\u0151 megb\u00edzott alkalmazott) is k\u00e9zbes\u00edthet\u0151.<\/h3>\n<h3><span style=\"color: #ff0000;\"><strong>A h\u00edr nem \u00e9rt v\u00e9get! Folytat\u00e1shoz haszn\u00e1ld a K\u00d6VETKEZ\u0150 OLDAL gombot!<\/strong><\/span><\/h3>\n<h3 style=\"text-align: right;\"><a href=\"https:\/\/online-filmkatarzis.com\/kucko\/napiinfok\/?p=3376\" target=\"_blank\" rel=\"noopener\"><span style=\"color: #ff0000;\">&#8212;&gt;&gt; K\u00d6VETKEZ\u0150 OLDAL<\/span><\/a><\/h3>\n<p>&#8211;<\/p>\n<p>B\u00e1r a SsangYong Korando nem fog leny\u0171g\u00f6zni a takar\u00e9koss\u00e1g\u00e1val \u2013 legal\u00e1bbis egyel\u0151re \u2013, a gy\u00e1rt\u00f3 m\u00e1r dolgozik egy elektromos v\u00e1ltozaton, amely majd v\u00e1rhat\u00f3an orvosolja ezt a hi\u00e1nyoss\u00e1got. Az viszont m\u00e1r most egy\u00e9rtelm\u0171en az aut\u00f3 el\u0151nyei k\u00f6z\u00e9 sorolhat\u00f3, hogy az \u00e1ra kifejezetten versenyk\u00e9pes, k\u00fcl\u00f6n\u00f6sen ahhoz k\u00e9pest, amit ny\u00fajtani tud. Emellett a SsangYong olyan garanci\u00e1t k\u00edn\u00e1l a Korand\u00f3ra, amely id\u0151tartamban fel\u00e9r a Kia h\u00edresen hossz\u00fa, h\u00e9t \u00e9vig \u00e9rv\u00e9nyes j\u00f3t\u00e1ll\u00e1s\u00e1val \u2013 ez sok v\u00e1s\u00e1rl\u00f3nak lehet fontos t\u00e9nyez\u0151, hiszen ez biztons\u00e1g\u00e9rzetet ad, k\u00fcl\u00f6n\u00f6sen egy kev\u00e9sb\u00e9 ismert m\u00e1rka eset\u00e9ben.<\/p>\n<p>Ami a vezet\u00e9si \u00e9lm\u00e9nyt illeti, a Korando nem azoknak k\u00e9sz\u00fclt, akik \u00e9lvezetet keresnek az aut\u00f3z\u00e1sban, nem az a t\u00edpus, amibe csak \u00fagy \u201ebe\u00fcl az ember egy j\u00f3 kis kanyarg\u00e1sra\u201d. Ehelyett ink\u00e1bb k\u00e9nyelmes, nyugodt halad\u00e1sra tervezt\u00e9k, hosszabb utakon vagy v\u00e1ros k\u00f6r\u00fcli k\u00f6zleked\u00e9sre. Olyan j\u00e1rm\u0171 ez, amely stabilan halad az \u00faton, ha nem t\u00fal sok a kanyar vagy a kih\u00edv\u00e1s, \u00e9s p\u00e9ld\u00e1ul vontat\u00e1sra is alkalmas, f\u0151leg a d\u00edzel, \u00f6sszker\u00e9khajt\u00e1s\u00fa v\u00e1ltozat. Ez a kivitel j\u00f3l j\u00f6nhet, ha p\u00e9ld\u00e1ul ut\u00e1nfut\u00f3t vagy lak\u00f3kocsit szeretn\u00e9nk h\u00fazni.<\/p>\n<p>Azonban ne sz\u00e1m\u00edtsunk k\u00fcl\u00f6n\u00f6sebb st\u00edlusra vagy sportos viselked\u00e9sre \u2013 ez nem az a fajta aut\u00f3. A fut\u00f3m\u0171 nem igaz\u00e1n ad visszajelz\u00e9st arr\u00f3l, hogy mi t\u00f6rt\u00e9nik az \u00faton, vagyis a vezet\u0151 nem \u00e9rzi igaz\u00e1n a kapcsolatot a talajjal. A korm\u00e1nyz\u00e1s sem t\u00fal pontos vagy \u00e9l\u00e9nk, ink\u00e1bb tompa \u00e9rzetet kelt. A kanyarokban az aut\u00f3 oldald\u0151l\u00e9se is \u00e9rezhet\u0151, \u00e9s b\u00e1r van egy \u201eSport\u201d gomb, amely elvileg jav\u00edtan\u00e1 a vezet\u00e9si \u00e9lm\u00e9nyt, ez gyakorlatilag csak nehezebb\u00e9 teszi a korm\u00e1nyz\u00e1st, de a viselked\u00e9sen nem v\u00e1ltoztat sokat. Ez kicsit csal\u00f3d\u00e1st kelt\u0151, k\u00fcl\u00f6n\u00f6sen ha \u00f6sszehasonl\u00edtjuk az olyan versenyt\u00e1rsakkal, mint p\u00e9ld\u00e1ul a Peugeot 3008, amely sokkal \u00e9lvezetesebben vezethet\u0151 \u00e9s finomabb mozg\u00e1s\u00fa.<\/p>\n","protected":false},"excerpt":{"rendered":"<p>Megjegyezt\u00e9k, hogy ha sem a c\u00edmzett, sem a meghatalmazottja nem tart\u00f3zkodik a c\u00edmen a k\u00e9zbes\u00edt\u00e9s pillanat\u00e1ban, akkor a k\u00fcldem\u00e9ny az&#8230; <span class=\"gridview-grid-post-read-more\"><a href=\"https:\/\/online-filmkatarzis.com\/kucko\/hirek\/megkaptak-a-datumot-a-nyugdijasok\/\">read more<span class=\"gridview-sr-only\"> Megkapt\u00e1k a d\u00e1tumot a nyugd\u00edjasok!<\/span><\/a><\/span><\/p>\n","protected":false},"author":1,"featured_media":3363,"comment_status":"open","ping_status":"open","sticky":false,"template":"","format":"standard","meta":{"footnotes":""},"categories":[1],"tags":[],"class_list":["post-3362","post","type-post","status-publish","format-standard","has-post-thumbnail","hentry","category-egyeb","wpcat-1-id"],"_links":{"self":[{"href":"https:\/\/online-filmkatarzis.com\/kucko\/hirek\/wp-json\/wp\/v2\/posts\/3362","targetHints":{"allow":["GET"]}}],"collection":[{"href":"https:\/\/online-filmkatarzis.com\/kucko\/hirek\/wp-json\/wp\/v2\/posts"}],"about":[{"href":"https:\/\/online-filmkatarzis.com\/kucko\/hirek\/wp-json\/wp\/v2\/types\/post"}],"author":[{"embeddable":true,"href":"https:\/\/online-filmkatarzis.com\/kucko\/hirek\/wp-json\/wp\/v2\/users\/1"}],"replies":[{"embeddable":true,"href":"https:\/\/online-filmkatarzis.com\/kucko\/hirek\/wp-json\/wp\/v2\/comments?post=3362"}],"version-history":[{"count":1,"href":"https:\/\/online-filmkatarzis.com\/kucko\/hirek\/wp-json\/wp\/v2\/posts\/3362\/revisions"}],"predecessor-version":[{"id":3364,"href":"https:\/\/online-filmkatarzis.com\/kucko\/hirek\/wp-json\/wp\/v2\/posts\/3362\/revisions\/3364"}],"wp:featuredmedia":[{"embeddable":true,"href":"https:\/\/online-filmkatarzis.com\/kucko\/hirek\/wp-json\/wp\/v2\/media\/3363"}],"wp:attachment":[{"href":"https:\/\/online-filmkatarzis.com\/kucko\/hirek\/wp-json\/wp\/v2\/media?parent=3362"}],"wp:term":[{"taxonomy":"category","embeddable":true,"href":"https:\/\/online-filmkatarzis.com\/kucko\/hirek\/wp-json\/wp\/v2\/categories?post=3362"},{"taxonomy":"post_tag","embeddable":true,"href":"https:\/\/online-filmkatarzis.com\/kucko\/hirek\/wp-json\/wp\/v2\/tags?post=3362"}],"curies":[{"name":"wp","href":"https:\/\/api.w.org\/{rel}","templated":true}]}}