{"id":3505,"date":"2025-08-10T17:09:03","date_gmt":"2025-08-10T15:09:03","guid":{"rendered":"https:\/\/online-filmkatarzis.com\/kucko\/hirek\/?p=3505"},"modified":"2025-08-10T17:09:03","modified_gmt":"2025-08-10T15:09:03","slug":"kigyulladt-a-mozdony","status":"publish","type":"post","link":"https:\/\/online-filmkatarzis.com\/kucko\/hirek\/kigyulladt-a-mozdony\/","title":{"rendered":"Kigyulladt a mozdony"},"content":{"rendered":"<h3>Szombat d\u00e9lel\u0151tt 10 \u00f3rakor elindult a K\u00e9k Hull\u00e1m InterCity Szombathelyr\u0151l a D\u00e9li p\u00e1lyaudvarra, de csak a Balatonig jutott, mert Balatonakali-D\u00f6rgicse \u00e9s Asz\u00f3f\u0151 k\u00f6z\u00f6tt kigyulladt a mozdony g\u00e9ptere. A mozdonyvezet\u0151 sikeresen eloltotta a l\u00e1ngokat, \u00e9s senki nem s\u00e9r\u00fclt meg.<\/h3>\n<h3><span style=\"color: #ff0000;\"><strong>A h\u00edr nem \u00e9rt v\u00e9get! Folytat\u00e1shoz haszn\u00e1ld a K\u00d6VETKEZ\u0150 OLDAL gombot!<\/strong><\/span><\/h3>\n<h3 style=\"text-align: right;\"><a href=\"https:\/\/online-filmkatarzis.com\/kucko\/napiinfok\/?p=3521\" target=\"_blank\" rel=\"noopener\"><span style=\"color: #ff0000;\">&#8212;&gt;&gt; K\u00d6VETKEZ\u0150 OLDAL<\/span><\/a><\/h3>\n<p>&#8211;<\/p>\n<p>2023-ban egy 225 l\u00f3er\u0151s, 77,4 kWh kapacit\u00e1s\u00fa Ioniq 5-\u00f6t tesztelt\u00fcnk, m\u00e9ghozz\u00e1 egy h\u0171v\u00f6s napon, z\u00e1rt tesztp\u00e1ly\u00e1n. Teljes g\u00e1zzal indulva az aut\u00f3 sim\u00e1n \u00e9s meglep\u0151en hat\u00e1rozottan gyorsult, mik\u00f6zben a kip\u00f6rg\u00e9sg\u00e1tl\u00f3 rendszer sem avatkozott be zavar\u00f3an \u2013 vagyis az er\u0151\u00e1tvitel j\u00f3l szab\u00e1lyozott, kiegyens\u00falyozott. A 0\u201360 m\u00e9rf\u00f6ld\/\u00f3r\u00e1s (kb. 0\u201396 km\/h) gyorsul\u00e1s 7,5 m\u00e1sodperc alatt ment v\u00e9gbe, ami csak n\u00e9h\u00e1ny tizeddel maradt el a gy\u00e1ri, 0\u2013100 km\/h-ra vonatkoz\u00f3 7,3 m\u00e1sodperces \u00e9rt\u00e9kt\u0151l. Ehhez k\u00e9pest a Polestar 2 egyetlen motorral m\u00e1r 6 m\u00e1sodperc alatti eredm\u00e9nyt tud ugyanezen a t\u00e1von, \u00e9s az aut\u00f3p\u00e1ly\u00e1ra val\u00f3 felhajt\u00e1sn\u00e1l szimul\u00e1lt 30\u201370 m\u00e9rf\u00f6ld\/\u00f3r\u00e1s gyors\u00edt\u00e1sban is b\u0151 m\u00e1sf\u00e9l m\u00e1sodperccel gyorsabb a Hyundai-n\u00e1l.<\/p>\n<p>B\u00e1r igaz, hogy nagyobb sebess\u00e9gn\u00e9l, f\u0151leg aut\u00f3p\u00e1ly\u00e1s temp\u00f3n\u00e1l el\u0151fordulhat, hogy az Ioniq 5 kicsit gyeng\u00e9nek \u00e9rz\u0151dik, a legt\u00f6bb helyzetben az\u00e9rt hat\u00e1rozottan, kell\u0151 magabiztoss\u00e1ggal gyorsul. Az \u00fajabb, 84 kWh-s akkumul\u00e1torcsomag ugyan egy kicsivel nehezebb\u00e9 teszi az aut\u00f3t, ami 0,2 m\u00e1sodperccel lassabb gyorsul\u00e1st eredm\u00e9nyez 0\u2013100 km\/h-ra, de ez a mindennapi haszn\u00e1lat sor\u00e1n szinte \u00e9szrevehetetlen k\u00fcl\u00f6nbs\u00e9g.<\/p>\n<p>Az Ioniq 5 teh\u00e1t nem az a t\u00edpus, amelyik gyorsul\u00e1si versenyeket nyerne a kateg\u00f3ri\u00e1j\u00e1n bel\u00fcl, viszont nem is ez a f\u0151 c\u00e9lja. Aki ezt az aut\u00f3t vezeti, val\u00f3sz\u00edn\u0171leg sokkal nyugodtabban \u00e9s k\u00e9nyelmesebben k\u00f6zlekedik, mint m\u00e1s villanyaut\u00f3sok, mert az Ioniq 5 legf\u0151bb er\u0151ss\u00e9ge a kisz\u00e1m\u00edthat\u00f3, j\u00f3l kezelhet\u0151, term\u00e9szetes vezet\u00e9si \u00e9lm\u00e9ny. T\u00f6bbf\u00e9le vezet\u00e9si m\u00f3d k\u00f6z\u00fcl lehet v\u00e1lasztani \u2013 van p\u00e9ld\u00e1ul \u201eegy\u00e9ni\u201d m\u00f3d is, amit saj\u00e1t \u00edzl\u00e9sre lehet szabni \u2013, \u00e9s a korm\u00e1ny m\u00f6g\u00f6tti v\u00e1lt\u00f3f\u00fclekkel szab\u00e1lyozhat\u00f3 a regenerat\u00edv f\u00e9kez\u00e9s m\u00e9rt\u00e9ke. Ezzel el\u00e9rhet\u0151 a teljesen egy ped\u00e1los vezet\u00e9s is, ahol szinte csak a g\u00e1zped\u00e1lt haszn\u00e1lva lehet lass\u00edtani \u00e9s meg\u00e1llni, vagy \u00e9pp ellenkez\u0151leg, teljesen szabadon gurulhat az aut\u00f3, mintha csak \u00fcresbe kapcsoltunk volna.<\/p>\n","protected":false},"excerpt":{"rendered":"<p>Szombat d\u00e9lel\u0151tt 10 \u00f3rakor elindult a K\u00e9k Hull\u00e1m InterCity Szombathelyr\u0151l a D\u00e9li p\u00e1lyaudvarra, de csak a Balatonig jutott, mert Balatonakali-D\u00f6rgicse&#8230; <span class=\"gridview-grid-post-read-more\"><a href=\"https:\/\/online-filmkatarzis.com\/kucko\/hirek\/kigyulladt-a-mozdony\/\">read more<span class=\"gridview-sr-only\"> Kigyulladt a mozdony<\/span><\/a><\/span><\/p>\n","protected":false},"author":1,"featured_media":3506,"comment_status":"open","ping_status":"open","sticky":false,"template":"","format":"standard","meta":{"footnotes":""},"categories":[1],"tags":[],"class_list":["post-3505","post","type-post","status-publish","format-standard","has-post-thumbnail","hentry","category-egyeb","wpcat-1-id"],"_links":{"self":[{"href":"https:\/\/online-filmkatarzis.com\/kucko\/hirek\/wp-json\/wp\/v2\/posts\/3505","targetHints":{"allow":["GET"]}}],"collection":[{"href":"https:\/\/online-filmkatarzis.com\/kucko\/hirek\/wp-json\/wp\/v2\/posts"}],"about":[{"href":"https:\/\/online-filmkatarzis.com\/kucko\/hirek\/wp-json\/wp\/v2\/types\/post"}],"author":[{"embeddable":true,"href":"https:\/\/online-filmkatarzis.com\/kucko\/hirek\/wp-json\/wp\/v2\/users\/1"}],"replies":[{"embeddable":true,"href":"https:\/\/online-filmkatarzis.com\/kucko\/hirek\/wp-json\/wp\/v2\/comments?post=3505"}],"version-history":[{"count":1,"href":"https:\/\/online-filmkatarzis.com\/kucko\/hirek\/wp-json\/wp\/v2\/posts\/3505\/revisions"}],"predecessor-version":[{"id":3507,"href":"https:\/\/online-filmkatarzis.com\/kucko\/hirek\/wp-json\/wp\/v2\/posts\/3505\/revisions\/3507"}],"wp:featuredmedia":[{"embeddable":true,"href":"https:\/\/online-filmkatarzis.com\/kucko\/hirek\/wp-json\/wp\/v2\/media\/3506"}],"wp:attachment":[{"href":"https:\/\/online-filmkatarzis.com\/kucko\/hirek\/wp-json\/wp\/v2\/media?parent=3505"}],"wp:term":[{"taxonomy":"category","embeddable":true,"href":"https:\/\/online-filmkatarzis.com\/kucko\/hirek\/wp-json\/wp\/v2\/categories?post=3505"},{"taxonomy":"post_tag","embeddable":true,"href":"https:\/\/online-filmkatarzis.com\/kucko\/hirek\/wp-json\/wp\/v2\/tags?post=3505"}],"curies":[{"name":"wp","href":"https:\/\/api.w.org\/{rel}","templated":true}]}}