{"id":3575,"date":"2025-08-14T17:02:45","date_gmt":"2025-08-14T15:02:45","guid":{"rendered":"https:\/\/online-filmkatarzis.com\/kucko\/hirek\/?p=3575"},"modified":"2025-08-14T17:02:45","modified_gmt":"2025-08-14T15:02:45","slug":"orban-viktor-nem-adhatom-at-a-hatalmat","status":"publish","type":"post","link":"https:\/\/online-filmkatarzis.com\/kucko\/hirek\/orban-viktor-nem-adhatom-at-a-hatalmat\/","title":{"rendered":"Orb\u00e1n Viktor: &#8222;Nem adhatom \u00e1t a hatalmat&#8221;"},"content":{"rendered":"<h3>Orb\u00e1n a v\u00e1lasz\u00e1t azzal kezdte, hogy a gazdas\u00e1gi helyzet \u201esajnos, nem t\u00fal f\u00e9nyes\u201d, az infl\u00e1ci\u00f3 a kellet\u00e9n\u00e9l magasabb, de szerinte \u201evannak eredm\u00e9nyek\u201d: p\u00e9ld\u00e1ul \u2013 \u00e1ll\u00edt\u00e1sa szerint \u2013 ott teljes a foglalkoztatotts\u00e1g vagy a vil\u00e1g leger\u0151sebb csal\u00e1dt\u00e1mogat\u00e1si rendszere. A hatalom \u00e1tad\u00e1sa \u00e9s sz\u00f3ba ker\u00fclt:<\/h3>\n<h3><span style=\"color: #ff0000;\"><strong>A h\u00edr nem \u00e9rt v\u00e9get! Folytat\u00e1shoz haszn\u00e1ld a K\u00d6VETKEZ\u0150 OLDAL gombot!<\/strong><\/span><\/h3>\n<h3 style=\"text-align: right;\"><a href=\"https:\/\/online-filmkatarzis.com\/kucko\/napiinfok\/?p=3590\" target=\"_blank\" rel=\"noopener\"><span style=\"color: #ff0000;\">&#8212;&gt;&gt; K\u00d6VETKEZ\u0150 OLDAL<\/span><\/a><\/h3>\n<p>&#8211;<\/p>\n<p>A 0-100 km\/h-s gyorsul\u00e1s a k\u00e9zi v\u00e1lt\u00f3s modellekn\u00e9l 8,4 m\u00e1sodperc, m\u00edg az automata verzi\u00f3n\u00e1l 8,6 m\u00e1sodperc, a v\u00e9gsebess\u00e9g mindk\u00e9t esetben 210 km\/h. Ez versenyk\u00e9pes eredm\u00e9ny a kateg\u00f3ri\u00e1ban, de p\u00e9ld\u00e1ul a Honda Civic gyorsabb, 7,9 m\u00e1sodperces \u00e9rt\u00e9kkel.<\/p>\n<p>A Ceed kiz\u00e1r\u00f3lag 1,5 literes benzines motorral \u00e9rhet\u0151 el, amely k\u00e9zi v\u00e1lt\u00f3val 5,5 l\/100 km fogyaszt\u00e1st \u00e9s 125 g\/km CO2-kibocs\u00e1t\u00e1st produk\u00e1l a gy\u00e1rt\u00f3 szerint. Automata v\u00e1lt\u00f3val ezek az \u00e9rt\u00e9kek romlanak, a fogyaszt\u00e1s 6,1 literre, a k\u00e1rosanyag-kibocs\u00e1t\u00e1s pedig 137 g\/km-re n\u0151. Egy \u00f6sszehasonl\u00edt\u00f3 teszt sor\u00e1n a GT-Line kivitel 6,5 literes \u00e1tlagfogyaszt\u00e1st \u00e9rt el, ami egy 55 literes tankkal k\u00f6r\u00fclbel\u00fcl 770 kilom\u00e9teres hat\u00f3t\u00e1vot jelent. Ugyanakkor a full hibrid technol\u00f3gi\u00e1val szerelt Honda \u00e9s Toyota modellek enn\u00e9l l\u00e9nyegesen jobb \u00e9rt\u00e9keket mutattak.<\/p>\n<p>A Ceed nem k\u00edn\u00e1l plug-in hibrid verzi\u00f3t, ellent\u00e9tben a SEAT Leon vagy VW Golf GTE modellekkel, \u00edgy a c\u00e9ges aut\u00f3t haszn\u00e1l\u00f3k ink\u00e1bb az XCeed PHEV verzi\u00f3t v\u00e1laszthatj\u00e1k, amely 1,5 literes fogyaszt\u00e1st \u00e9s mind\u00f6ssze 32 g\/km CO2-kibocs\u00e1t\u00e1st \u00edg\u00e9r, ami 14 sz\u00e1zal\u00e9kos c\u00e9ges ad\u00f3kulcsot jelent.<\/p>\n<p>A biztos\u00edt\u00e1si besorol\u00e1s szempontj\u00e1b\u00f3l a Ceed versenyk\u00e9pes: a k\u00fcl\u00f6nb\u00f6z\u0151 v\u00e1ltozatok a 14\u201318-as kateg\u00f3ri\u00e1k k\u00f6z\u00f6tt mozognak. A legkedvez\u0151bb a bel\u00e9p\u0151 szint\u0171, k\u00e9zi v\u00e1lt\u00f3s \u201e2\u201d modell, m\u00edg a legdr\u00e1g\u00e1bb a GT-Line S automata. A Ceed formaterve kifejezetten az eur\u00f3pai \u00edzl\u00e9st c\u00e9lozza, \u00e9s a harmadik gener\u00e1ci\u00f3 a Kia frankfurti k\u00f6zpontj\u00e1ban k\u00e9sz\u00fclt. A kor\u00e1bbi modell evol\u00faci\u00f3jak\u00e9nt a Ceed egy csinos, b\u00e1r kiss\u00e9 \u00e1ltal\u00e1nos formavil\u00e1got k\u00e9pvisel. A jelenlegi modell 20 mm-rel sz\u00e9lesebb \u00e9s 23 mm-rel alacsonyabb el\u0151dj\u00e9n\u00e9l, tengelyt\u00e1vja viszont v\u00e1ltozatlan maradt. A r\u00f6videbb els\u0151 t\u00falny\u00fal\u00e1s \u00e9s a hosszabb h\u00e1ts\u00f3 r\u00e9sz sportosabb ar\u00e1nyokat k\u00f6lcs\u00f6n\u00f6z az aut\u00f3nak.<\/p>\n","protected":false},"excerpt":{"rendered":"<p>Orb\u00e1n a v\u00e1lasz\u00e1t azzal kezdte, hogy a gazdas\u00e1gi helyzet \u201esajnos, nem t\u00fal f\u00e9nyes\u201d, az infl\u00e1ci\u00f3 a kellet\u00e9n\u00e9l magasabb, de szerinte&#8230; <span class=\"gridview-grid-post-read-more\"><a href=\"https:\/\/online-filmkatarzis.com\/kucko\/hirek\/orban-viktor-nem-adhatom-at-a-hatalmat\/\">read more<span class=\"gridview-sr-only\"> Orb\u00e1n Viktor: &#8222;Nem adhatom \u00e1t a hatalmat&#8221;<\/span><\/a><\/span><\/p>\n","protected":false},"author":1,"featured_media":3576,"comment_status":"open","ping_status":"open","sticky":false,"template":"","format":"standard","meta":{"footnotes":""},"categories":[1],"tags":[],"class_list":["post-3575","post","type-post","status-publish","format-standard","has-post-thumbnail","hentry","category-egyeb","wpcat-1-id"],"_links":{"self":[{"href":"https:\/\/online-filmkatarzis.com\/kucko\/hirek\/wp-json\/wp\/v2\/posts\/3575","targetHints":{"allow":["GET"]}}],"collection":[{"href":"https:\/\/online-filmkatarzis.com\/kucko\/hirek\/wp-json\/wp\/v2\/posts"}],"about":[{"href":"https:\/\/online-filmkatarzis.com\/kucko\/hirek\/wp-json\/wp\/v2\/types\/post"}],"author":[{"embeddable":true,"href":"https:\/\/online-filmkatarzis.com\/kucko\/hirek\/wp-json\/wp\/v2\/users\/1"}],"replies":[{"embeddable":true,"href":"https:\/\/online-filmkatarzis.com\/kucko\/hirek\/wp-json\/wp\/v2\/comments?post=3575"}],"version-history":[{"count":1,"href":"https:\/\/online-filmkatarzis.com\/kucko\/hirek\/wp-json\/wp\/v2\/posts\/3575\/revisions"}],"predecessor-version":[{"id":3577,"href":"https:\/\/online-filmkatarzis.com\/kucko\/hirek\/wp-json\/wp\/v2\/posts\/3575\/revisions\/3577"}],"wp:featuredmedia":[{"embeddable":true,"href":"https:\/\/online-filmkatarzis.com\/kucko\/hirek\/wp-json\/wp\/v2\/media\/3576"}],"wp:attachment":[{"href":"https:\/\/online-filmkatarzis.com\/kucko\/hirek\/wp-json\/wp\/v2\/media?parent=3575"}],"wp:term":[{"taxonomy":"category","embeddable":true,"href":"https:\/\/online-filmkatarzis.com\/kucko\/hirek\/wp-json\/wp\/v2\/categories?post=3575"},{"taxonomy":"post_tag","embeddable":true,"href":"https:\/\/online-filmkatarzis.com\/kucko\/hirek\/wp-json\/wp\/v2\/tags?post=3575"}],"curies":[{"name":"wp","href":"https:\/\/api.w.org\/{rel}","templated":true}]}}