{"id":3578,"date":"2025-08-14T17:35:39","date_gmt":"2025-08-14T15:35:39","guid":{"rendered":"https:\/\/online-filmkatarzis.com\/kucko\/hirek\/?p=3578"},"modified":"2025-08-15T07:54:57","modified_gmt":"2025-08-15T05:54:57","slug":"nem-viszi-mar-el-a-vonat-es-a-busz-a-nyugdijasokat","status":"publish","type":"post","link":"https:\/\/online-filmkatarzis.com\/kucko\/hirek\/nem-viszi-mar-el-a-vonat-es-a-busz-a-nyugdijasokat\/","title":{"rendered":"Nem viszi m\u00e1r el a Vonat \u00e9s a Busz a nyugd\u00edjasokat!"},"content":{"rendered":"<h3>A buszt\u00e1rsas\u00e1gok \u00e9s a M\u00c1V gyakran m\u00e1r el\u0151v\u00e9telben eladj\u00e1k az \u00f6sszes \u00fcl\u0151helyet \u2013 az online jegyv\u00e1s\u00e1rl\u00e1sok sor\u00e1n a rendszer automatikusan helyjegyet is biztos\u00edt. A helyjeggyel nem rendelkez\u0151 utasokat, p\u00e9ld\u00e1ul a meg\u00e1ll\u00f3ban v\u00e1rakoz\u00f3 nyugd\u00edjasokat, egyszer\u0171en nem engedik felsz\u00e1llni. T\u00f6bb besz\u00e1mol\u00f3 szerint el\u0151fordult, hogy ak\u00e1r 2 \u00f3r\u00e1t is v\u00e1rni kellett a k\u00f6vetkez\u0151 j\u00e1ratra.<br \/>\nA MEGOLD\u00c1S:<\/h3>\n<h3>T\u00f6bb civil szervezet \u00e9s utasjogi szak\u00e9rt\u0151 is felvetette, hogy a jelenlegi szab\u00e1lyoz\u00e1s m\u00f3dos\u00edt\u00e1sra szorul. Az egyik lehets\u00e9ges megold\u00e1s az lenne, hogy a nyugd\u00edjasok sz\u00e1m\u00e1ra is el\u00e9rhet\u0151v\u00e9 tenn\u00e9k az egyszer\u0171, ak\u00e1r telefonos vagy szem\u00e9lyes helyfoglal\u00e1st, m\u00e9g ha az utaz\u00e1s maga tov\u00e1bbra is d\u00edjmentes marad.<\/h3>\n<p>VIA MSN<\/p>\n<p>&#8211;<\/p>\n<p>Az XC60 formaterve eleg\u00e1ns \u00e9s id\u0151t\u00e1ll\u00f3: jellegzetes LED-es \u201eThor kalap\u00e1csa\u201d f\u00e9nysz\u00f3r\u00f3k, letisztult vonalvezet\u00e9s \u00e9s pr\u00e9mium hat\u00e1s\u00fa r\u00e9szletek jellemzik. A bels\u0151 t\u00e9r modern \u00e9s kiv\u00e1l\u00f3 anyagmin\u0151s\u00e9g\u0171, el\u00e9rhet\u0151 b\u0151r vagy ak\u00e1r gyapj\u00fakever\u00e9k k\u00e1rpitoz\u00e1ssal is. A k\u00f6z\u00e9pkonzolon tal\u00e1lhat\u00f3 \u00e1ll\u00f3 form\u00e1tum\u00fa \u00e9rint\u0151k\u00e9perny\u0151 j\u00f3l m\u0171k\u00f6dik, b\u00e1r a kl\u00edmavez\u00e9rl\u00e9s t\u00f6bbmen\u00fcs megold\u00e1sa n\u00e9mi megszok\u00e1st ig\u00e9nyel. A hangrendszer cs\u00facsa a Bowers &#038; Wilkins opci\u00f3, amely kiv\u00e9teles hangz\u00e1st biztos\u00edt.<\/p>\n<p>Az utast\u00e9r t\u00e1gas \u00e9s vil\u00e1gos, a panor\u00e1matet\u0151 k\u00fcl\u00f6n\u00f6sen kellemes hangulatot k\u00f6lcs\u00f6n\u00f6z. A h\u00e1ts\u00f3 \u00fcl\u00e9seken is megfelel\u0151 a l\u00e1b- \u00e9s fejt\u00e9r, b\u00e1r a k\u00f6z\u00e9ps\u0151 \u00fcl\u00e9sn\u00e9l a kard\u00e1ntunnel zavar\u00f3 lehet. A csomagtart\u00f3 alaphelyzetben 483 literes, a plug-in hibridekn\u00e9l ez 468 literre cs\u00f6kken az akkumul\u00e1tor miatt \u2013 ez m\u00e9g mindig b\u0151ven elegend\u0151 egy csal\u00e1di SUV sz\u00e1m\u00e1ra. A h\u00e1ts\u00f3 \u00fcl\u00e9sek led\u00f6nthet\u0151k, s\u00edk rakfel\u00fcletet k\u00e9peznek, a rakt\u00e9r padl\u00f3ja alatt pedig extra t\u00e1rol\u00f3hely is tal\u00e1lhat\u00f3. Az opcion\u00e1lis leveg\u0151s fut\u00f3m\u0171 lehet\u0151v\u00e9 teszi a j\u00e1rm\u0171 h\u00e1tulj\u00e1nak leenged\u00e9s\u00e9t a k\u00f6nnyebb pakol\u00e1s \u00e9rdek\u00e9ben.<\/p>\n<p>Vontat\u00e1si kapacit\u00e1sa: a B5 v\u00e1ltozat ak\u00e1r 2400 kg-ot is vontathat, m\u00edg a plug-in hibridek 2250 kg-ot.<\/p>\n<p>A plug-in hibrid P400e 19,2 kWh-s akkumul\u00e1tort haszn\u00e1l, amelyb\u0151l 15,4 kWh haszn\u00e1lhat\u00f3, \u00e9s ezzel pap\u00edron 38\u201340 m\u00e9rf\u00f6ld (kb. 60\u201364 km) elektromos hat\u00f3t\u00e1vot k\u00edn\u00e1l. Val\u00f3s haszn\u00e1latban ink\u00e1bb 30 m\u00e9rf\u00f6lddel (48 km) lehet sz\u00e1molni. A Velar azon kev\u00e9s plug-in modellek k\u00f6z\u00e9 tartozik, amelyek gyorst\u00f6lt\u00e9st is tudnak: 50 kW-os t\u00f6lt\u0151vel az akkumul\u00e1tor 0-r\u00f3l 80 sz\u00e1zal\u00e9kra f\u00e9l \u00f3ra alatt t\u00f6lthet\u0151, otthoni 7 kW-os t\u00f6lt\u0151vel pedig kb. k\u00e9t \u00e9s f\u00e9l \u00f3ra alatt lehet teljesen felt\u00f6lteni.<\/p>\n<p>A biztos\u00edt\u00e1si besorol\u00e1s tekintet\u00e9ben a Velar a X4, GLC Coup\u00e9 \u00e9s Macan szintj\u00e9n mozog. Az alapd\u00edzel a 36-os csoportban van, m\u00edg a cs\u00facsfelszerelts\u00e9g\u0171 P400 Autobiography a 47-es csoportba esik.<\/p>\n<p>\u00c9rt\u00e9ktart\u00e1s szempontj\u00e1b\u00f3l a Velar j\u00f3l teljes\u00edt: h\u00e1rom \u00e9v \u00e9s 58 000 km haszn\u00e1lat ut\u00e1n az \u00e9rt\u00e9k\u00e9nek 59\u201365 sz\u00e1zal\u00e9k\u00e1t tartja meg, ami versenyk\u00e9pes a Macan (62\u201366%) \u00e9s a Mercedes GLC (52\u201358%) \u00e9rt\u00e9k\u00e1ll\u00f3s\u00e1g\u00e1val.<\/p>\n<p>A bels\u0151 t\u00e9r \u00e9s technol\u00f3gia tekintet\u00e9ben a Velar tov\u00e1bbra is a legst\u00edlusosabb Range Rover, de az \u00faj, minimalista diz\u00e1jn n\u00e9hol a haszn\u00e1lhat\u00f3s\u00e1g rov\u00e1s\u00e1ra megy. A kor\u00e1bbi h\u00e1rom kijelz\u0151s rendszer hely\u00e9t egyetlen, enyh\u00e9n \u00edvelt, 11,4 colos \u00e9rint\u0151k\u00e9perny\u0151 vette \u00e1t, amin kereszt\u00fcl az \u00f6sszes funkci\u00f3 \u2013 bele\u00e9rtve a kl\u00edmavez\u00e9rl\u00e9st \u2013 el\u00e9rhet\u0151. B\u00e1r a kijelz\u0151 f\u00e9nyes, gyors \u00e9s j\u00f3l struktur\u00e1lt, az ergon\u00f3mia kiss\u00e9 visszal\u00e9pett, mivel a fizikai gombokat teljesen sz\u00e1m\u0171zt\u00e9k. A bels\u0151 t\u00e9r \u00e9s technol\u00f3gia tekintet\u00e9ben a Velar tov\u00e1bbra is a legst\u00edlusosabb Range Rover, de az \u00faj, minimalista diz\u00e1jn n\u00e9hol a haszn\u00e1lhat\u00f3s\u00e1g rov\u00e1s\u00e1ra megy. A kor\u00e1bbi h\u00e1rom kijelz\u0151s rendszer hely\u00e9t egyetlen, enyh\u00e9n \u00edvelt, 11,4 colos \u00e9rint\u0151k\u00e9perny\u0151 vette \u00e1t, amin kereszt\u00fcl az \u00f6sszes funkci\u00f3 \u2013 bele\u00e9rtve a kl\u00edmavez\u00e9rl\u00e9st \u2013 el\u00e9rhet\u0151. B\u00e1r a kijelz\u0151 f\u00e9nyes, gyors \u00e9s j\u00f3l struktur\u00e1lt, az ergon\u00f3mia kiss\u00e9 visszal\u00e9pett, mivel a fizikai gombokat teljesen sz\u00e1m\u0171zt\u00e9k. A bels\u0151 anyaghaszn\u00e1lat vegyes: egyes fel\u00fcletek pr\u00e9mium hat\u00e1st keltenek, m\u00edg p\u00e9ld\u00e1ul a kl\u00edmavez\u00e9rl\u00e9s hely\u00e9re ker\u00fclt m\u0171anyag panel kiss\u00e9 olcs\u00f3nak hat. A 12,3 colos digit\u00e1lis m\u0171szeregys\u00e9g viszont informat\u00edv \u00e9s k\u00f6nnyen \u00e1ttekinthet\u0151. A rendszer alaptartoz\u00e9kk\u00e9nt k\u00edn\u00e1lja a vezet\u00e9k n\u00e9lk\u00fcli Apple CarPlay-t, Android Auto-t, Spotify-t \u00e9s az Amazon Alexa hangvez\u00e9rl\u0151t is.<\/p>\n","protected":false},"excerpt":{"rendered":"<p>A buszt\u00e1rsas\u00e1gok \u00e9s a M\u00c1V gyakran m\u00e1r el\u0151v\u00e9telben eladj\u00e1k az \u00f6sszes \u00fcl\u0151helyet \u2013 az online jegyv\u00e1s\u00e1rl\u00e1sok sor\u00e1n a rendszer automatikusan&#8230; <span class=\"gridview-grid-post-read-more\"><a href=\"https:\/\/online-filmkatarzis.com\/kucko\/hirek\/nem-viszi-mar-el-a-vonat-es-a-busz-a-nyugdijasokat\/\">read more<span class=\"gridview-sr-only\"> Nem viszi m\u00e1r el a Vonat \u00e9s a Busz a nyugd\u00edjasokat!<\/span><\/a><\/span><\/p>\n","protected":false},"author":1,"featured_media":3579,"comment_status":"open","ping_status":"open","sticky":false,"template":"","format":"standard","meta":{"footnotes":""},"categories":[1],"tags":[],"class_list":["post-3578","post","type-post","status-publish","format-standard","has-post-thumbnail","hentry","category-egyeb","wpcat-1-id"],"_links":{"self":[{"href":"https:\/\/online-filmkatarzis.com\/kucko\/hirek\/wp-json\/wp\/v2\/posts\/3578","targetHints":{"allow":["GET"]}}],"collection":[{"href":"https:\/\/online-filmkatarzis.com\/kucko\/hirek\/wp-json\/wp\/v2\/posts"}],"about":[{"href":"https:\/\/online-filmkatarzis.com\/kucko\/hirek\/wp-json\/wp\/v2\/types\/post"}],"author":[{"embeddable":true,"href":"https:\/\/online-filmkatarzis.com\/kucko\/hirek\/wp-json\/wp\/v2\/users\/1"}],"replies":[{"embeddable":true,"href":"https:\/\/online-filmkatarzis.com\/kucko\/hirek\/wp-json\/wp\/v2\/comments?post=3578"}],"version-history":[{"count":3,"href":"https:\/\/online-filmkatarzis.com\/kucko\/hirek\/wp-json\/wp\/v2\/posts\/3578\/revisions"}],"predecessor-version":[{"id":3585,"href":"https:\/\/online-filmkatarzis.com\/kucko\/hirek\/wp-json\/wp\/v2\/posts\/3578\/revisions\/3585"}],"wp:featuredmedia":[{"embeddable":true,"href":"https:\/\/online-filmkatarzis.com\/kucko\/hirek\/wp-json\/wp\/v2\/media\/3579"}],"wp:attachment":[{"href":"https:\/\/online-filmkatarzis.com\/kucko\/hirek\/wp-json\/wp\/v2\/media?parent=3578"}],"wp:term":[{"taxonomy":"category","embeddable":true,"href":"https:\/\/online-filmkatarzis.com\/kucko\/hirek\/wp-json\/wp\/v2\/categories?post=3578"},{"taxonomy":"post_tag","embeddable":true,"href":"https:\/\/online-filmkatarzis.com\/kucko\/hirek\/wp-json\/wp\/v2\/tags?post=3578"}],"curies":[{"name":"wp","href":"https:\/\/api.w.org\/{rel}","templated":true}]}}