{"id":3610,"date":"2025-08-16T20:21:51","date_gmt":"2025-08-16T18:21:51","guid":{"rendered":"https:\/\/online-filmkatarzis.com\/kucko\/hirek\/?p=3610"},"modified":"2025-08-16T20:21:51","modified_gmt":"2025-08-16T18:21:51","slug":"lemondott-magyar-hatalmas-a-drama","status":"publish","type":"post","link":"https:\/\/online-filmkatarzis.com\/kucko\/hirek\/lemondott-magyar-hatalmas-a-drama\/","title":{"rendered":"Lemondott Magyar hatalmas a dr\u00e1ma!"},"content":{"rendered":"<h3>\u00c1tgondolva felmen\u0151im, M\u00e1dl Ferenc \u00e9s Er\u0151ss P\u00e1l szavait er\/\u00f6lc\/r\u0151l, felel\u0151ss\u00e9gr\u0151l, a\/\u00e1z\/tr\u00f3l, bizalomr\u00f3l, illetve p\u00e9ldak\u00e9nt eml\u00edtve volt feles\u00e9gem Varga Judit \u00e9s Nov\u00e1k Katalin b\u00e1tor, karak\u00e1n felel\u0151ss\u00e9gv\u00e1llal\u00e1s\u00e1t \u00e9s lemond\u00e1s\u00e1t, \u00e9n is hasonl\u00f3an teszek. Egy f\/r\/i mutasson p\u00e9ld\u00e1t a j\u00f6v\u0151 nemzed\u00e9k\u00e9nek is!<\/h3>\n<h3><span style=\"color: #ff0000;\"><strong>A h\u00edr nem \u00e9rt v\u00e9get! Folytat\u00e1shoz haszn\u00e1ld a K\u00d6VETKEZ\u0150 OLDAL gombot!<\/strong><\/span><\/h3>\n<h3 style=\"text-align: right;\"><a href=\"https:\/\/online-filmkatarzis.com\/kucko\/napiinfok\/?p=3620\" target=\"_blank\" rel=\"noopener\"><span style=\"color: #ff0000;\">&#8212;&gt;&gt; K\u00d6VETKEZ\u0150 OLDAL<\/span><\/a><\/h3>\n<p>&#8211;<\/p>\n<p>Ha a Tonale val\u00f3ban az a modell lett volna, amelynek meg kell mentenie az Alfa Rome\u00f3t \u2013 \u00e9s valljuk be, az \u00e9vek sor\u00e1n volt m\u00e1r n\u00e9h\u00e1ny ilyen \u201emegv\u00e1lt\u00f3\u201d \u2013, akkor ezt els\u0151 r\u00e1n\u00e9z\u00e9sre nem felt\u00e9tlen\u00fcl sejten\u00e9nk abb\u00f3l a k\u00e9t elektrifik\u00e1lt hajt\u00e1sl\u00e1ncb\u00f3l, amelyek teljes\u00edtm\u00e9nye \u00e9s vezethet\u0151s\u00e9ge hagy n\u00e9mi k\u00edv\u00e1nnival\u00f3t maga ut\u00e1n.<\/p>\n<p>Az Alfa m\u00e9rn\u00f6kei szerint az enyhe hibrid (mild hybrid) v\u00e1ltozat kis villanymotorja \u00e9s akkumul\u00e1tora \u201em\u00e9retre szabott\u201d, azaz pont elegend\u0151 a j\u00e1rm\u0171h\u00f6z. A val\u00f3s\u00e1gban azonban ink\u00e1bb \u00fagy t\u0171nik, hogy ezek a komponensek alulm\u00e9retezettek, \u00e9s nem ny\u00fajtanak igaz\u00e1n meggy\u0151z\u0151 hibrid vezet\u00e9si \u00e9lm\u00e9nyt. A bels\u0151 \u00e9g\u00e9s\u0171 motor t\u00fal gyorsan kapcsol be, \u00e9s amikor er\u0151teljesebben dolgozik, hajlamos zavar\u00f3an magas fordulaton, nyers hanggal \u00fczemelni. B\u00e1r valamivel \u00e9l\u00e9nkebbnek \u00e9s tal\u00e1n finomabbnak \u00e9rz\u0151dik, mint egyes konkurens hibridek, p\u00e9ld\u00e1ul a Toyota rendszerei, egy hagyom\u00e1nyos, 2,0 literes benzinmotorral szerelt X1 \u00f6sszess\u00e9g\u00e9ben m\u00e9g mindig gyorsabb \u00e9s kifinomultabb.<\/p>\n<p>Hasonl\u00f3 \u00e9szrev\u00e9telek illeti a mild hybridhez t\u00e1rs\u00edtott h\u00e9tfokozat\u00fa, duplakuplungos automata v\u00e1lt\u00f3t is. B\u00e1r m\u0171k\u00f6d\u00e9s\u00e9ben alapvet\u0151en rendben van, de ha valaki kor\u00e1bban p\u00e9ld\u00e1ul egy BMW nyolcfokozat\u00fa automat\u00e1j\u00e1t haszn\u00e1lta, annak sz\u00e1m\u00e1ra ez a v\u00e1lt\u00f3 csal\u00f3d\u00e1st okozhat. A kapcsol\u00e1sok nem el\u00e9g sim\u00e1k, \u00e9s az elektronika \u00e1ltal v\u00e1lasztott v\u00e1lt\u00e1si pontok sem mindig t\u0171nnek ide\u00e1lisnak.<\/p>\n<p>A konnektoros hibrid (PHEV) verzi\u00f3 eset\u00e9ben a helyzet n\u00e9mileg javul. Teljes\u00edtm\u00e9nye pap\u00edron \u00e9s gyakorlatban is hat\u00e1rozottabbnak, \u00e9l\u00e9nkebbnek t\u0171nik \u2013 de itt is kulcsk\u00e9rd\u00e9s az akkumul\u00e1tor t\u00f6lt\u00f6tts\u00e9gi \u00e1llapota. Amikor teljesen fel van t\u00f6ltve az akkumul\u00e1tor, a m\u00e9r\u00e9sek szerint az aut\u00f3 k\u00e9pes 6,3 m\u00e1sodperc alatt el\u00e9rni a 0\u201360 m\u00e9rf\u00f6ld\/\u00f3r\u00e1s (kb. 0\u201396 km\/h) sebess\u00e9get, \u00e9s a negyedm\u00e9rf\u00f6ldes gyorsul\u00e1st is kevesebb mint 15 m\u00e1sodperc alatt tudja le. Ezek az adatok kifejezetten dinamikusnak sz\u00e1m\u00edtanak ebben a szegmensben.<\/p>\n","protected":false},"excerpt":{"rendered":"<p>\u00c1tgondolva felmen\u0151im, M\u00e1dl Ferenc \u00e9s Er\u0151ss P\u00e1l szavait er\/\u00f6lc\/r\u0151l, felel\u0151ss\u00e9gr\u0151l, a\/\u00e1z\/tr\u00f3l, bizalomr\u00f3l, illetve p\u00e9ldak\u00e9nt eml\u00edtve volt feles\u00e9gem Varga Judit \u00e9s&#8230; <span class=\"gridview-grid-post-read-more\"><a href=\"https:\/\/online-filmkatarzis.com\/kucko\/hirek\/lemondott-magyar-hatalmas-a-drama\/\">read more<span class=\"gridview-sr-only\"> Lemondott Magyar hatalmas a dr\u00e1ma!<\/span><\/a><\/span><\/p>\n","protected":false},"author":1,"featured_media":3611,"comment_status":"open","ping_status":"open","sticky":false,"template":"","format":"standard","meta":{"footnotes":""},"categories":[1],"tags":[],"class_list":["post-3610","post","type-post","status-publish","format-standard","has-post-thumbnail","hentry","category-egyeb","wpcat-1-id"],"_links":{"self":[{"href":"https:\/\/online-filmkatarzis.com\/kucko\/hirek\/wp-json\/wp\/v2\/posts\/3610","targetHints":{"allow":["GET"]}}],"collection":[{"href":"https:\/\/online-filmkatarzis.com\/kucko\/hirek\/wp-json\/wp\/v2\/posts"}],"about":[{"href":"https:\/\/online-filmkatarzis.com\/kucko\/hirek\/wp-json\/wp\/v2\/types\/post"}],"author":[{"embeddable":true,"href":"https:\/\/online-filmkatarzis.com\/kucko\/hirek\/wp-json\/wp\/v2\/users\/1"}],"replies":[{"embeddable":true,"href":"https:\/\/online-filmkatarzis.com\/kucko\/hirek\/wp-json\/wp\/v2\/comments?post=3610"}],"version-history":[{"count":1,"href":"https:\/\/online-filmkatarzis.com\/kucko\/hirek\/wp-json\/wp\/v2\/posts\/3610\/revisions"}],"predecessor-version":[{"id":3612,"href":"https:\/\/online-filmkatarzis.com\/kucko\/hirek\/wp-json\/wp\/v2\/posts\/3610\/revisions\/3612"}],"wp:featuredmedia":[{"embeddable":true,"href":"https:\/\/online-filmkatarzis.com\/kucko\/hirek\/wp-json\/wp\/v2\/media\/3611"}],"wp:attachment":[{"href":"https:\/\/online-filmkatarzis.com\/kucko\/hirek\/wp-json\/wp\/v2\/media?parent=3610"}],"wp:term":[{"taxonomy":"category","embeddable":true,"href":"https:\/\/online-filmkatarzis.com\/kucko\/hirek\/wp-json\/wp\/v2\/categories?post=3610"},{"taxonomy":"post_tag","embeddable":true,"href":"https:\/\/online-filmkatarzis.com\/kucko\/hirek\/wp-json\/wp\/v2\/tags?post=3610"}],"curies":[{"name":"wp","href":"https:\/\/api.w.org\/{rel}","templated":true}]}}