{"id":3632,"date":"2025-08-18T17:53:24","date_gmt":"2025-08-18T15:53:24","guid":{"rendered":"https:\/\/online-filmkatarzis.com\/kucko\/hirek\/?p=3632"},"modified":"2025-08-19T12:29:41","modified_gmt":"2025-08-19T10:29:41","slug":"kiderult-hogy-hogyan-halt-meg-az-eltunt-futo","status":"publish","type":"post","link":"https:\/\/online-filmkatarzis.com\/kucko\/hirek\/kiderult-hogy-hogyan-halt-meg-az-eltunt-futo\/","title":{"rendered":"Kider\u00fclt, hogy hogyan halt meg az elt\u0171nt fut\u00f3!"},"content":{"rendered":"<h3>Val\u00f3ban megtal\u00e1ltuk a f\u00e9rfi holtt-st\u00e9t a telep\u00fcl\u00e9s hat\u00e1r\u00e1ban. B\u0171ncselekm\u00e9ny gyan\u00faja nem mer\u00fclt fel. \u2013 Er\u0151s\u00edtette meg a Blikknek Janas\u00f3czki Attila, a Borsod-Aba\u00faj-Zempl\u00e9n V\u00e1rmegyei Rend\u0151r-f\u0151kapit\u00e1nys\u00e1g sz\u00f3viv\u0151je. A Fut\u00f3 \u00e9let\u00e9t val\u00f3sz\u00edn\u0171s\u00edthet\u0151en h\u00edrtelen sz\u00edvle\u00e1ll\u00e1s okozhatta.<br \/>\n\u00c1M A LEGFURCS\u00c1BB, HOGY NEM A FUT\u00d3VERSENY \u00daTVONAL\u00c1N TAL\u00c1LT\u00c1K MEG.<\/h3>\n<h3><span style=\"color: #ff0000;\"><strong>A h\u00edr nem \u00e9rt v\u00e9get! Folytat\u00e1shoz haszn\u00e1ld a K\u00d6VETKEZ\u0150 OLDAL gombot!<\/strong><\/span><\/h3>\n<h3 style=\"text-align: right;\"><a href=\"https:\/\/online-filmkatarzis.com\/kucko\/napiinfok\/?p=3643\" target=\"_blank\" rel=\"noopener\"><span style=\"color: #ff0000;\">&#8212;&gt;&gt; K\u00d6VETKEZ\u0150 OLDAL<\/span><\/a><\/h3>\n<p>&#8211;<\/p>\n<p>A CR-V viszont szinte minden felszerelts\u00e9gi szinten gazdagon van ell\u00e1tva: panor\u00e1matet\u0151, elektromosan \u00e1ll\u00edthat\u00f3 \u00e9s f\u0171thet\u0151 els\u0151 \u00fcl\u00e9sek, f\u0171thet\u0151 korm\u00e1nyker\u00e9k, b\u0151rk\u00e1rpitoz\u00e1s, elektromos csomagt\u00e9rajt\u00f3, tolat\u00f3kamera, automatikus LED f\u00e9nysz\u00f3r\u00f3k, n\u00e9gyf\u00e9le vezet\u00e9si m\u00f3d, vezet\u00e9k n\u00e9lk\u00fcli telefont\u00f6lt\u0151, kulcs n\u00e9lk\u00fcli nyit\u00e1s \u00e9s a Honda Sensing 360 biztons\u00e1gi technol\u00f3gia is megtal\u00e1lhat\u00f3 benne. Az Advance felszerelts\u00e9gi szinttel jobb hangrendszer, mem\u00f3riafunkci\u00f3s vezet\u0151\u00fcl\u00e9s, head-up display, f\u0171thet\u0151 h\u00e1ts\u00f3 \u00fcl\u00e9sek \u00e9s szell\u0151ztethet\u0151 els\u0151 \u00fcl\u00e9sek is j\u00e1rnak, tov\u00e1bb\u00e1 adapt\u00edv f\u00e9nysz\u00f3r\u00f3k is. Az Advance Tech kivitel az egyetlen m\u00f3dja annak, hogy valaki a plug-in hibridhez hozz\u00e1jusson, ez fekete k\u00f6nny\u0171f\u00e9m felniket, fekete k\u00fcls\u0151 elemeket, s\u00f6t\u00e9t tet\u0151k\u00e1rpitot \u00e9s parkol\u00e1sseg\u00edt\u0151 rendszert is tartalmaz.<\/p>\n<p>Mindk\u00e9t CR-V v\u00e1ltozat ugyanazt a 2,0 literes Atkinson-ciklus\u00fa benzinmotort \u00e9s elektromos motort haszn\u00e1lja, mint a Civic vagy a ZR-V. A hibrid CR-V vezet\u00e9se egyszer\u0171, m\u00e9g ha a h\u00e1tt\u00e9rben sok minden is t\u00f6rt\u00e9nik. A benzinmotor els\u0151sorban gener\u00e1tork\u00e9nt m\u0171k\u00f6dik, elektromos \u00e1ramot termelve, amely az elektromos motorokat hajtja. Ennek eredm\u00e9nyek\u00e9pp olyan sima \u00e9s z\u00f6kken\u0151mentes halad\u00e1st kapunk, mint egy tiszt\u00e1n elektromos aut\u00f3n\u00e1l. Az akkumul\u00e1torba bet\u00e1pl\u00e1lt energia el\u00e9g arra, hogy alacsony sebess\u00e9gn\u00e9l r\u00f6vid ideig tiszt\u00e1n elektromosan k\u00f6zlekedj\u00fcnk, illetve gyors\u00edt\u00e1skor extra teljes\u00edtm\u00e9nyt biztos\u00edtson, p\u00e9ld\u00e1ul el\u0151z\u00e9sn\u00e9l. Az er\u0151\u00e1tvitel meglep\u0151en gyors \u00e9s egyenletes, nem tapasztaltunk olyan k\u00e9sleked\u00e9st, mint p\u00e9ld\u00e1ul a Mazda CX-60 vagy a Renault Austral eset\u00e9ben.<\/p>\n","protected":false},"excerpt":{"rendered":"<p>Val\u00f3ban megtal\u00e1ltuk a f\u00e9rfi holtt-st\u00e9t a telep\u00fcl\u00e9s hat\u00e1r\u00e1ban. B\u0171ncselekm\u00e9ny gyan\u00faja nem mer\u00fclt fel. \u2013 Er\u0151s\u00edtette meg a Blikknek Janas\u00f3czki Attila,&#8230; <span class=\"gridview-grid-post-read-more\"><a href=\"https:\/\/online-filmkatarzis.com\/kucko\/hirek\/kiderult-hogy-hogyan-halt-meg-az-eltunt-futo\/\">read more<span class=\"gridview-sr-only\"> Kider\u00fclt, hogy hogyan halt meg az elt\u0171nt fut\u00f3!<\/span><\/a><\/span><\/p>\n","protected":false},"author":1,"featured_media":3635,"comment_status":"open","ping_status":"open","sticky":false,"template":"","format":"standard","meta":{"footnotes":""},"categories":[1],"tags":[],"class_list":["post-3632","post","type-post","status-publish","format-standard","has-post-thumbnail","hentry","category-egyeb","wpcat-1-id"],"_links":{"self":[{"href":"https:\/\/online-filmkatarzis.com\/kucko\/hirek\/wp-json\/wp\/v2\/posts\/3632","targetHints":{"allow":["GET"]}}],"collection":[{"href":"https:\/\/online-filmkatarzis.com\/kucko\/hirek\/wp-json\/wp\/v2\/posts"}],"about":[{"href":"https:\/\/online-filmkatarzis.com\/kucko\/hirek\/wp-json\/wp\/v2\/types\/post"}],"author":[{"embeddable":true,"href":"https:\/\/online-filmkatarzis.com\/kucko\/hirek\/wp-json\/wp\/v2\/users\/1"}],"replies":[{"embeddable":true,"href":"https:\/\/online-filmkatarzis.com\/kucko\/hirek\/wp-json\/wp\/v2\/comments?post=3632"}],"version-history":[{"count":2,"href":"https:\/\/online-filmkatarzis.com\/kucko\/hirek\/wp-json\/wp\/v2\/posts\/3632\/revisions"}],"predecessor-version":[{"id":3643,"href":"https:\/\/online-filmkatarzis.com\/kucko\/hirek\/wp-json\/wp\/v2\/posts\/3632\/revisions\/3643"}],"wp:featuredmedia":[{"embeddable":true,"href":"https:\/\/online-filmkatarzis.com\/kucko\/hirek\/wp-json\/wp\/v2\/media\/3635"}],"wp:attachment":[{"href":"https:\/\/online-filmkatarzis.com\/kucko\/hirek\/wp-json\/wp\/v2\/media?parent=3632"}],"wp:term":[{"taxonomy":"category","embeddable":true,"href":"https:\/\/online-filmkatarzis.com\/kucko\/hirek\/wp-json\/wp\/v2\/categories?post=3632"},{"taxonomy":"post_tag","embeddable":true,"href":"https:\/\/online-filmkatarzis.com\/kucko\/hirek\/wp-json\/wp\/v2\/tags?post=3632"}],"curies":[{"name":"wp","href":"https:\/\/api.w.org\/{rel}","templated":true}]}}