{"id":3640,"date":"2025-08-18T19:18:11","date_gmt":"2025-08-18T17:18:11","guid":{"rendered":"https:\/\/online-filmkatarzis.com\/kucko\/hirek\/?p=3640"},"modified":"2025-08-18T19:18:11","modified_gmt":"2025-08-18T17:18:11","slug":"nyugdijasokat-allitananak-ismet-munkaba","status":"publish","type":"post","link":"https:\/\/online-filmkatarzis.com\/kucko\/hirek\/nyugdijasokat-allitananak-ismet-munkaba\/","title":{"rendered":"Nyugd\u00edjasokat \u00e1ll\u00edtan\u00e1nak ism\u00e9t munk\u00e1ba!"},"content":{"rendered":"<h3>A jelenlegi gazdas\u00e1gi aktivit\u00e1s m\u00e9g messze van ett\u0151l a c\u00e9lt\u00f3l, de a nyugd\u00edjasok bevon\u00e1sa kulcsfontoss\u00e1g\u00fa lehet a fejl\u0151d\u00e9s szempontj\u00e1b\u00f3l. A ny\u00e1ri id\u0151szakban soha nem l\u00e1tott m\u00e9rt\u00e9kben l\u00e9ptek munk\u00e1ba a nyugd\u00edjasok, j\u00faliusban t\u00f6bb mint sz\u00e1zezer id\u0151s akt\u00edv munkav\u00e1llal\u00f3t tartottak sz\u00e1mon. Azonban augusztusra m\u00e1r jelent\u0151sen visszaesett ez a sz\u00e1m, a KSH adatai szerint 60 ezern\u00e9l kevesebben dolgoztak nyugd\u00edj mellett.<\/h3>\n<h3><span style=\"color: #ff0000;\"><strong>A h\u00edr nem \u00e9rt v\u00e9get! Folytat\u00e1shoz haszn\u00e1ld a K\u00d6VETKEZ\u0150 OLDAL gombot!<\/strong><\/span><\/h3>\n<h3 style=\"text-align: right;\"><a href=\"https:\/\/online-filmkatarzis.com\/kucko\/napiinfok\/?p=3651\" target=\"_blank\" rel=\"noopener\"><span style=\"color: #ff0000;\">&#8212;&gt;&gt; K\u00d6VETKEZ\u0150 OLDAL<\/span><\/a><\/h3>\n<p>&#8211;<\/p>\n<p>A tesztaut\u00f3ink illeszt\u00e9sei \u00e9s kidolgoz\u00e1sa kiv\u00e1l\u00f3ak voltak \u2013 pontosan \u00fagy, ahogy azt az ember el is v\u00e1rn\u00e1 a Crewe-b\u0151l sz\u00e1rmaz\u00f3, magukat \u201emesterembereknek\u201d nevez\u0151 szakemberekt\u0151l, akiknek r\u00e9szletek ir\u00e1nti megsz\u00e1llott figyelme m\u00e9g mindig p\u00e9ldak\u00e9nt szolg\u00e1lhat az eg\u00e9sz aut\u00f3ipar sz\u00e1m\u00e1ra. Minden varr\u00e1s, illeszt\u00e9s \u00e9s fel\u00fclet azt sug\u00e1rozza, hogy ez egy k\u00e9zzel k\u00e9sz\u00edtett, nagy odafigyel\u00e9ssel megalkotott luxusterm\u00e9k.<\/p>\n<p>A bels\u0151 t\u00e9r legnagyobb v\u00e1ltoz\u00e1s\u00e1t a k\u00e9t \u00faj, karcs\u00fas\u00edtott, kagyl\u00f3s kialak\u00edt\u00e1s\u00fa els\u0151 \u00fcl\u00e9s hozza, amelyek Bentley szerint 46 millim\u00e9terrel t\u00f6bb l\u00e1bteret biztos\u00edtanak a h\u00e1tul utaz\u00f3knak. Ez a plusz hely k\u00e9ts\u00e9gk\u00edv\u00fcl hasznos \u2013 f\u0151k\u00e9nt hosszabb utakon, amikor a h\u00e1ts\u00f3 utasoknak minden centi sz\u00e1m\u00edt \u2013, de \u00f6nmag\u00e1ban nem teszi a Continental GT-t igazi n\u00e9gyf\u0151s aut\u00f3v\u00e1. A h\u00e1ts\u00f3 t\u00e9r tov\u00e1bbra is ink\u00e1bb kompromisszumos megold\u00e1s, k\u00fcl\u00f6n\u00f6sen a magasabb \u2013 mondjuk 180 cm feletti \u2013 utasok sz\u00e1m\u00e1ra, akiknek a fejt\u00e9r meglehet\u0151sen sz\u0171k\u00f6s marad, m\u00e9g ha a l\u00e1bt\u00e9r javult is.<\/p>\n<p>Az els\u0151 \u00fcl\u00e9sekben \u00fclve \u00fcdv\u00f6zlend\u0151 fejleszt\u00e9s a Bentley \u00faj, saj\u00e1t fejleszt\u00e9s\u0171 \u00e9rint\u0151k\u00e9perny\u0151s multim\u00e9di\u00e1s rendszere, amely modern megjelen\u00e9st \u00e9s b\u0151v\u00edtett funkcionalit\u00e1st k\u00edn\u00e1l. Mindez azonban nem jelenti azt, hogy a kezelhet\u0151s\u00e9g t\u00f6k\u00e9letes lenne \u2013 bizonyos ter\u00fcleteken m\u00e9g mindig van hova fejl\u0151dni. P\u00e9ld\u00e1ul a korm\u00e1nyoszlop kapcsol\u00f3i ergonomikus szempontb\u00f3l kiss\u00e9 szerencs\u00e9tlen elrendez\u00e9s\u0171ek: nem egyszer fordul el\u0151, hogy a vezet\u0151 a bal oldali v\u00e1lt\u00f3f\u00fclet h\u00fazza meg, mik\u00f6zben az ir\u00e1nyjelz\u0151 kapcsol\u00f3t pr\u00f3b\u00e1lja el\u00e9rni. Ez frusztr\u00e1l\u00f3 lehet, k\u00fcl\u00f6n\u00f6sen a megszok\u00e1st ig\u00e9nyl\u0151 v\u00e1rosi k\u00f6zleked\u00e9s sor\u00e1n.<\/p>\n<p>Hasonl\u00f3an zavar\u00f3 a leng\u00e9scsillap\u00edt\u00f3-be\u00e1ll\u00edt\u00e1sok kezel\u00e9se is. Az, hogy a Comfort \u00fczemm\u00f3dt\u00f3l eg\u00e9szen a Sport fokozatig v\u00e9gig kell nyomkodni egy men\u00fcrendszert az \u00e9rint\u0151k\u00e9perny\u0151n, mik\u00f6zben el\u0151tte m\u00e9g a v\u00e1lt\u00f3alag\u00faton elhelyezett gombot is meg kell nyomni, nem felt\u00e9tlen\u00fcl az intuit\u00edv felhaszn\u00e1l\u00f3i \u00e9lm\u00e9nyt szolg\u00e1lja. Egy ilyen kateg\u00f3ri\u00e1j\u00fa aut\u00f3ban enn\u00e9l kifinomultabb, k\u00f6zvetlenebb kezel\u00e9st v\u00e1rna az ember.<\/p>\n<p>A v\u00e1s\u00e1rl\u00f3k sz\u00e1m\u00e1ra ma m\u00e1r szinte v\u00e9gtelen lehet\u0151s\u00e9g \u00e1ll rendelkez\u00e9sre, miel\u0151tt saj\u00e1t ig\u00e9nyeik szerint testreszabn\u00e1k Continental GT-j\u00fcket. Az els\u0151 nagy d\u00f6nt\u00e9s, hogy a z\u00e1rt karossz\u00e9ri\u00e1s Coup\u00e9 vagy ink\u00e1bb a nyitott tetej\u0171 Cabrio v\u00e1ltozatot v\u00e1lassz\u00e1k. Ezut\u00e1n k\u00f6vetkezik a motor kiv\u00e1laszt\u00e1sa: a tekint\u00e9lyes, 6,0 literes W12 vagy a sportosabb, takar\u00e9kosabb 4,0 literes V8.<\/p>\n","protected":false},"excerpt":{"rendered":"<p>A jelenlegi gazdas\u00e1gi aktivit\u00e1s m\u00e9g messze van ett\u0151l a c\u00e9lt\u00f3l, de a nyugd\u00edjasok bevon\u00e1sa kulcsfontoss\u00e1g\u00fa lehet a fejl\u0151d\u00e9s szempontj\u00e1b\u00f3l. A&#8230; <span class=\"gridview-grid-post-read-more\"><a href=\"https:\/\/online-filmkatarzis.com\/kucko\/hirek\/nyugdijasokat-allitananak-ismet-munkaba\/\">read more<span class=\"gridview-sr-only\"> Nyugd\u00edjasokat \u00e1ll\u00edtan\u00e1nak ism\u00e9t munk\u00e1ba!<\/span><\/a><\/span><\/p>\n","protected":false},"author":1,"featured_media":3641,"comment_status":"open","ping_status":"open","sticky":false,"template":"","format":"standard","meta":{"footnotes":""},"categories":[1],"tags":[],"class_list":["post-3640","post","type-post","status-publish","format-standard","has-post-thumbnail","hentry","category-egyeb","wpcat-1-id"],"_links":{"self":[{"href":"https:\/\/online-filmkatarzis.com\/kucko\/hirek\/wp-json\/wp\/v2\/posts\/3640","targetHints":{"allow":["GET"]}}],"collection":[{"href":"https:\/\/online-filmkatarzis.com\/kucko\/hirek\/wp-json\/wp\/v2\/posts"}],"about":[{"href":"https:\/\/online-filmkatarzis.com\/kucko\/hirek\/wp-json\/wp\/v2\/types\/post"}],"author":[{"embeddable":true,"href":"https:\/\/online-filmkatarzis.com\/kucko\/hirek\/wp-json\/wp\/v2\/users\/1"}],"replies":[{"embeddable":true,"href":"https:\/\/online-filmkatarzis.com\/kucko\/hirek\/wp-json\/wp\/v2\/comments?post=3640"}],"version-history":[{"count":1,"href":"https:\/\/online-filmkatarzis.com\/kucko\/hirek\/wp-json\/wp\/v2\/posts\/3640\/revisions"}],"predecessor-version":[{"id":3642,"href":"https:\/\/online-filmkatarzis.com\/kucko\/hirek\/wp-json\/wp\/v2\/posts\/3640\/revisions\/3642"}],"wp:featuredmedia":[{"embeddable":true,"href":"https:\/\/online-filmkatarzis.com\/kucko\/hirek\/wp-json\/wp\/v2\/media\/3641"}],"wp:attachment":[{"href":"https:\/\/online-filmkatarzis.com\/kucko\/hirek\/wp-json\/wp\/v2\/media?parent=3640"}],"wp:term":[{"taxonomy":"category","embeddable":true,"href":"https:\/\/online-filmkatarzis.com\/kucko\/hirek\/wp-json\/wp\/v2\/categories?post=3640"},{"taxonomy":"post_tag","embeddable":true,"href":"https:\/\/online-filmkatarzis.com\/kucko\/hirek\/wp-json\/wp\/v2\/tags?post=3640"}],"curies":[{"name":"wp","href":"https:\/\/api.w.org\/{rel}","templated":true}]}}