{"id":3662,"date":"2025-08-20T12:42:56","date_gmt":"2025-08-20T10:42:56","guid":{"rendered":"https:\/\/online-filmkatarzis.com\/kucko\/hirek\/?p=3662"},"modified":"2025-08-21T08:08:10","modified_gmt":"2025-08-21T06:08:10","slug":"majka-sulyos-autobalesetet-szenvedett","status":"publish","type":"post","link":"https:\/\/online-filmkatarzis.com\/kucko\/hirek\/majka-sulyos-autobalesetet-szenvedett\/","title":{"rendered":"Majka s\u00falyos aut\u00f3balesetet szenvedett!"},"content":{"rendered":"<h3>Sz\u00e1mos balesetben \u00e9rintett volt, vagy \u00e9pphogy elker\u00fclte \u0151ket. A m\u0171sor sor\u00e1n, mik\u00f6zben \u00e9pp az R\/L Reggeli ad\u00e1s\u00e1ba tartott, vezet\u00e9s k\u00f6zben osztotta meg a hallgat\u00f3s\u00e1ggal a sokkol\u00f3bbn\u00e1l sokkol\u00f3bb t\u00f6rt\u00e9neteit. A rapper ugyanis k\u00e9t aut\u00f3balesetet is \u00e1t\u00e9lt \u00e9s mindk\u00e9t esetben s\u00e9rtetlen\u00fcl sz\u00e1llt ki a j\u00e1rm\u0171b\u0151l.<\/h3>\n<h3>Hozz\u00e1tette, hogy az egyik balesetn\u00e9l a t\u00e9rde ugyan megs\u00e9r\u00fclt, de semmi komolyabb baja nem t\u00f6rt\u00e9nt. Sok nagy dolgot meg\u00fasztam m\u00e1r \u2013 fogalmazott Majka, aki elmes\u00e9lte, hogy 2004 december\u00e9ben a Mald\u00edv-szigetekre k\u00e9sz\u00fclt, a rep\u00fcl\u0151je menetrend szerint reggel hatkor landolt volna azon a szigeten, ami \u2013 ahogy Majka mondta \u2013 \u201ereggel 9-re m\u00e1r nem volt a t\u00e9rk\u00e9pen\u201d.<\/h3>\n<p>Forr\u00e1s: MSN \/ FB<\/p>\n<p>&#8211;<\/p>\n<p>A felszerelts\u00e9g ter\u00e9n a gy\u00e1rt\u00f3 igyekszik egy kis pluszt is ny\u00fajtani: opci\u00f3k\u00e9nt el\u00e9rhet\u0151 a Solarbay nev\u0171, v\u00e1ltoztathat\u00f3 \u00e1tl\u00e1tsz\u00f3s\u00e1g\u00fa panor\u00e1matet\u0151. Ez a megold\u00e1s nemcsak praktikus \u2013 hiszen cs\u00f6kkentheti a bels\u0151 h\u0151terhel\u00e9st \u2013, hanem jelent\u0151sen hozz\u00e1j\u00e1rul az utast\u00e9r f\u00e9nyviszonyainak \u00e9s \u00e1ltal\u00e1nos hangulat\u00e1nak jav\u00edt\u00e1s\u00e1hoz is. Az ilyen r\u00e9szletek j\u00f3l mutatj\u00e1k, hogy a Mitsubishi igyekszik l\u00e9p\u00e9st tartani az eur\u00f3pai pr\u00e9miumelv\u00e1r\u00e1sokkal, mik\u00f6zben tov\u00e1bbra is h\u0171 marad saj\u00e1t, visszafogottabb diz\u00e1jnfiloz\u00f3fi\u00e1j\u00e1hoz.<\/p>\n<p>A Grandis t\u00e9rk\u00edn\u00e1lat\u00e1val \u00e9s praktikum\u00e1val kapcsolatos \u00f6sszes r\u00e9szletet a Renault Symbioz teszt\u00fcnkben t\u00e1rgyaltuk ki b\u0151vebben, mivel a k\u00e9t modell strukt\u00far\u00e1ja gyakorlatilag azonos, \u00edgy a bels\u0151 helyk\u00edn\u00e1lat \u00e9s a csomagt\u00e9r is hasonl\u00f3 param\u00e9terekkel rendelkezik.<\/p>\n<p>Ami a hajt\u00e1sl\u00e1ncokat illeti, a Grandis k\u00e9tf\u00e9le hibrid meghajt\u00e1ssal ker\u00fcl piacra. Az egyik v\u00e1ltozat \u2013 amelyet a Renault Symbioz is k\u00edn\u00e1l \u2013 egy plug-in hibrid rendszer, amely egy 1,8 literes benzinmotort, k\u00e9t villanymotort \u00e9s egy 1,4 kWh kapacit\u00e1s\u00fa akkumul\u00e1tort kombin\u00e1l, \u00edgy a j\u00e1rm\u0171 \u00f6sszteljes\u00edtm\u00e9nye el\u00e9ri a 160 l\u00f3er\u0151t. Ez a konfigur\u00e1ci\u00f3 lehet\u0151v\u00e9 teszi a tiszt\u00e1n elektromos halad\u00e1st r\u00f6vid t\u00e1vokon, mik\u00f6zben hosszabb utakon is biztos\u00edtja a kell\u0151 dinamizmust \u00e9s hat\u00e9konys\u00e1got.<\/p>\n<p>A m\u00e1sik hajt\u00e1sl\u00e1nc egyel\u0151re kiz\u00e1r\u00f3lagosan csak a Mitsubishi k\u00edn\u00e1lat\u00e1ban szerepel: ez egy enyhe hibrid (mild-hybrid) megold\u00e1s, amely egy 1,3 literes benzinmotorra \u00e9p\u00fcl, 140 l\u00f3er\u0151s teljes\u00edtm\u00e9nnyel. B\u00e1r jelenleg csak a Grandis k\u00edn\u00e1lja ezt az opci\u00f3t, v\u00e1rhat\u00f3an a Renault is bevezeti ugyanezt a meghajt\u00e1st saj\u00e1t modelljeiben. Ez az alternat\u00edva egy kompromisszumos, de racion\u00e1lis v\u00e1laszt\u00e1s azok sz\u00e1m\u00e1ra, akik nem szeretn\u00e9nek teljesen lemondani a bels\u0151 \u00e9g\u00e9s\u0171 motorokr\u00f3l, ugyanakkor fontos sz\u00e1mukra a k\u00f6rnyezettudatoss\u00e1g \u00e9s az alacsonyabb fogyaszt\u00e1s.<\/p>\n","protected":false},"excerpt":{"rendered":"<p>Sz\u00e1mos balesetben \u00e9rintett volt, vagy \u00e9pphogy elker\u00fclte \u0151ket. A m\u0171sor sor\u00e1n, mik\u00f6zben \u00e9pp az R\/L Reggeli ad\u00e1s\u00e1ba tartott, vezet\u00e9s k\u00f6zben&#8230; <span class=\"gridview-grid-post-read-more\"><a href=\"https:\/\/online-filmkatarzis.com\/kucko\/hirek\/majka-sulyos-autobalesetet-szenvedett\/\">read more<span class=\"gridview-sr-only\"> Majka s\u00falyos aut\u00f3balesetet szenvedett!<\/span><\/a><\/span><\/p>\n","protected":false},"author":1,"featured_media":3663,"comment_status":"open","ping_status":"open","sticky":false,"template":"","format":"standard","meta":{"footnotes":""},"categories":[1],"tags":[],"class_list":["post-3662","post","type-post","status-publish","format-standard","has-post-thumbnail","hentry","category-egyeb","wpcat-1-id"],"_links":{"self":[{"href":"https:\/\/online-filmkatarzis.com\/kucko\/hirek\/wp-json\/wp\/v2\/posts\/3662","targetHints":{"allow":["GET"]}}],"collection":[{"href":"https:\/\/online-filmkatarzis.com\/kucko\/hirek\/wp-json\/wp\/v2\/posts"}],"about":[{"href":"https:\/\/online-filmkatarzis.com\/kucko\/hirek\/wp-json\/wp\/v2\/types\/post"}],"author":[{"embeddable":true,"href":"https:\/\/online-filmkatarzis.com\/kucko\/hirek\/wp-json\/wp\/v2\/users\/1"}],"replies":[{"embeddable":true,"href":"https:\/\/online-filmkatarzis.com\/kucko\/hirek\/wp-json\/wp\/v2\/comments?post=3662"}],"version-history":[{"count":3,"href":"https:\/\/online-filmkatarzis.com\/kucko\/hirek\/wp-json\/wp\/v2\/posts\/3662\/revisions"}],"predecessor-version":[{"id":3678,"href":"https:\/\/online-filmkatarzis.com\/kucko\/hirek\/wp-json\/wp\/v2\/posts\/3662\/revisions\/3678"}],"wp:featuredmedia":[{"embeddable":true,"href":"https:\/\/online-filmkatarzis.com\/kucko\/hirek\/wp-json\/wp\/v2\/media\/3663"}],"wp:attachment":[{"href":"https:\/\/online-filmkatarzis.com\/kucko\/hirek\/wp-json\/wp\/v2\/media?parent=3662"}],"wp:term":[{"taxonomy":"category","embeddable":true,"href":"https:\/\/online-filmkatarzis.com\/kucko\/hirek\/wp-json\/wp\/v2\/categories?post=3662"},{"taxonomy":"post_tag","embeddable":true,"href":"https:\/\/online-filmkatarzis.com\/kucko\/hirek\/wp-json\/wp\/v2\/tags?post=3662"}],"curies":[{"name":"wp","href":"https:\/\/api.w.org\/{rel}","templated":true}]}}