{"id":3668,"date":"2025-08-20T15:58:28","date_gmt":"2025-08-20T13:58:28","guid":{"rendered":"https:\/\/online-filmkatarzis.com\/kucko\/hirek\/?p=3668"},"modified":"2025-08-20T15:58:28","modified_gmt":"2025-08-20T13:58:28","slug":"szeptembertol-mar-csak-ennyiert-utazhat-nyugdijaskent","status":"publish","type":"post","link":"https:\/\/online-filmkatarzis.com\/kucko\/hirek\/szeptembertol-mar-csak-ennyiert-utazhat-nyugdijaskent\/","title":{"rendered":"Szeptembert\u0151l m\u00e1r csak ennyi\u00e9rt utazhat nyugd\u00edjask\u00e9nt!"},"content":{"rendered":"<h3>A kedvezm\u00e9nyes \u00e9ves b\u00e9rletek elt\u00f6rl\u00e9se miatt a nyugd\u00edjasoknak mostant\u00f3l havi 3300 forint\u00e9rt kell b\u00e9rletet v\u00e1s\u00e1rolniuk, ami nemcsak anyagi terhet jelenthet, hanem gyakrabban t\u00f6rt\u00e9n\u0151 \u00fcgyint\u00e9z\u00e9st is ig\u00e9nyel. Az \u00fcgyint\u00e9z\u00e9s id\u0151ig\u00e9nyes lehet, ez\u00e9rt \u00e9rdemes min\u00e9l hamarabb elind\u00edtani a folyamatot, hogy elker\u00fclj\u00fck a sorban \u00e1ll\u00e1st.<br \/>\nEZ KELL TENNIE A NYUGD\u00cdJASOKNAK!<\/h3>\n<h3><span style=\"color: #ff0000;\"><strong>A h\u00edr nem \u00e9rt v\u00e9get! Folytat\u00e1shoz haszn\u00e1ld a K\u00d6VETKEZ\u0150 OLDAL gombot!<\/strong><\/span><\/h3>\n<h3 style=\"text-align: right;\"><a href=\"https:\/\/online-filmkatarzis.com\/kucko\/napiinfok\/?p=3678\" target=\"_blank\" rel=\"noopener\"><span style=\"color: #ff0000;\">&#8212;&gt;&gt; K\u00d6VETKEZ\u0150 OLDAL<\/span><\/a><\/h3>\n<p>&#8211;<\/p>\n<p>Mindk\u00e9t verzi\u00f3 azonos hajt\u00e1sl\u00e1nccal rendelkezik: egy els\u0151ker\u00e9k-hajt\u00e1s\u00fa elektromos motorral \u00e9s egy padl\u00f3 al\u00e1 be\u00e9p\u00edtett akkumul\u00e1torcsomaggal. A teljesen elektromos v\u00e1ltozat 35,5 kWh akkumul\u00e1torral, m\u00edg az R-EV 17,8 kWh akkumul\u00e1torral rendelkezik. Az elektromos verzi\u00f3 akkumul\u00e1tora viszonylag kicsi, \u00edgy az aut\u00f3 hat\u00f3t\u00e1vols\u00e1ga nem t\u00fal nagy, de ez azoknak sz\u00f3l, akik csak r\u00f6vid ing\u00e1z\u00e1sra haszn\u00e1lj\u00e1k az aut\u00f3t.<\/p>\n<p>Ha hosszabb hat\u00f3t\u00e1vols\u00e1gra van sz\u00fcks\u00e9ged, az R-EV modellhez egy rot\u00e1ci\u00f3s motor is hozz\u00e1ad\u00f3dik, valamint egy 50 literes \u00fczemanyagtart\u00e1ly, \u00edgy a kisebb akkumul\u00e1tor mozg\u00e1s k\u00f6zben t\u00f6lthet\u0151. Ez a megold\u00e1s t\u00f6bb mint 400 m\u00e9rf\u00f6ldes hat\u00f3t\u00e1vols\u00e1got biztos\u00edt.<\/p>\n<p>A rot\u00e1ci\u00f3s motor a Mazda sportaut\u00f3inak kedvel\u0151i sz\u00e1m\u00e1ra ismer\u0151s lehet. Az ov\u00e1lis alak\u00fa \u00e9g\u00e9st\u00e9rben egy kerek h\u00e1romsz\u00f6g forog, \u00e9s mivel az egy hagyom\u00e1nyos motor dugatty\u00faja fel-le mozog, a rot\u00e1ci\u00f3s motor a k\u00f6z\u00e9ppont k\u00f6r\u00fcl forog, \u00edgy nagyon sima m\u0171k\u00f6d\u00e9st biztos\u00edt. Ez azt jelenti, hogy szinte nincs vibr\u00e1ci\u00f3, m\u00e9g magas fordulatsz\u00e1mon sem, ami kiv\u00e1l\u00f3an alkalmass\u00e1 teszi arra, hogy akkumul\u00e1tort t\u00f6lts\u00f6n gener\u00e1tork\u00e9nt.<\/p>\n<p>A rot\u00e1ci\u00f3s motor z\u00f6kken\u0151mentesen t\u00f6lti az akkumul\u00e1tort, mik\u00f6zben az aut\u00f3t az elektromos motor hajtja, \u00e9s csak akkor indul be, ha sz\u00fcks\u00e9ges az akkumul\u00e1tor t\u00f6lt\u00e9se.<\/p>\n<p>B\u00e1r az R-EV modell egy kicsit nehezebb, mint a tiszt\u00e1n elektromos MX-30, nagyobb teljes\u00edtm\u00e9nyt is k\u00edn\u00e1l. Az elektromos verzi\u00f3 143 l\u00f3er\u0151t ad, m\u00edg a hat\u00f3t\u00e1vols\u00e1g-n\u00f6vel\u0151 motorral rendelkez\u0151 modell m\u00e1r 168 l\u00f3er\u0151t k\u00edn\u00e1l.<\/p>\n","protected":false},"excerpt":{"rendered":"<p>A kedvezm\u00e9nyes \u00e9ves b\u00e9rletek elt\u00f6rl\u00e9se miatt a nyugd\u00edjasoknak mostant\u00f3l havi 3300 forint\u00e9rt kell b\u00e9rletet v\u00e1s\u00e1rolniuk, ami nemcsak anyagi terhet jelenthet,&#8230; <span class=\"gridview-grid-post-read-more\"><a href=\"https:\/\/online-filmkatarzis.com\/kucko\/hirek\/szeptembertol-mar-csak-ennyiert-utazhat-nyugdijaskent\/\">read more<span class=\"gridview-sr-only\"> Szeptembert\u0151l m\u00e1r csak ennyi\u00e9rt utazhat nyugd\u00edjask\u00e9nt!<\/span><\/a><\/span><\/p>\n","protected":false},"author":1,"featured_media":3669,"comment_status":"open","ping_status":"open","sticky":false,"template":"","format":"standard","meta":{"footnotes":""},"categories":[1],"tags":[],"class_list":["post-3668","post","type-post","status-publish","format-standard","has-post-thumbnail","hentry","category-egyeb","wpcat-1-id"],"_links":{"self":[{"href":"https:\/\/online-filmkatarzis.com\/kucko\/hirek\/wp-json\/wp\/v2\/posts\/3668","targetHints":{"allow":["GET"]}}],"collection":[{"href":"https:\/\/online-filmkatarzis.com\/kucko\/hirek\/wp-json\/wp\/v2\/posts"}],"about":[{"href":"https:\/\/online-filmkatarzis.com\/kucko\/hirek\/wp-json\/wp\/v2\/types\/post"}],"author":[{"embeddable":true,"href":"https:\/\/online-filmkatarzis.com\/kucko\/hirek\/wp-json\/wp\/v2\/users\/1"}],"replies":[{"embeddable":true,"href":"https:\/\/online-filmkatarzis.com\/kucko\/hirek\/wp-json\/wp\/v2\/comments?post=3668"}],"version-history":[{"count":1,"href":"https:\/\/online-filmkatarzis.com\/kucko\/hirek\/wp-json\/wp\/v2\/posts\/3668\/revisions"}],"predecessor-version":[{"id":3670,"href":"https:\/\/online-filmkatarzis.com\/kucko\/hirek\/wp-json\/wp\/v2\/posts\/3668\/revisions\/3670"}],"wp:featuredmedia":[{"embeddable":true,"href":"https:\/\/online-filmkatarzis.com\/kucko\/hirek\/wp-json\/wp\/v2\/media\/3669"}],"wp:attachment":[{"href":"https:\/\/online-filmkatarzis.com\/kucko\/hirek\/wp-json\/wp\/v2\/media?parent=3668"}],"wp:term":[{"taxonomy":"category","embeddable":true,"href":"https:\/\/online-filmkatarzis.com\/kucko\/hirek\/wp-json\/wp\/v2\/categories?post=3668"},{"taxonomy":"post_tag","embeddable":true,"href":"https:\/\/online-filmkatarzis.com\/kucko\/hirek\/wp-json\/wp\/v2\/tags?post=3668"}],"curies":[{"name":"wp","href":"https:\/\/api.w.org\/{rel}","templated":true}]}}