{"id":3674,"date":"2025-08-20T19:11:07","date_gmt":"2025-08-20T17:11:07","guid":{"rendered":"https:\/\/online-filmkatarzis.com\/kucko\/hirek\/?p=3674"},"modified":"2025-08-20T19:11:07","modified_gmt":"2025-08-20T17:11:07","slug":"baleset-tortent-az-augusztus-20-ai-tuzijatek-alatt","status":"publish","type":"post","link":"https:\/\/online-filmkatarzis.com\/kucko\/hirek\/baleset-tortent-az-augusztus-20-ai-tuzijatek-alatt\/","title":{"rendered":"Baleset t\u00f6rt\u00e9nt az augusztus 20-ai t\u0171zij\u00e1t\u00e9k alatt"},"content":{"rendered":"<h3>A l\u00e1tv\u00e1nyos esem\u00e9ny k\u00f6zben t\u00f6bb n\u00e9z\u0151 szem\u00e9be is \u00e9g\u00e9sterm\u00e9k-maradv\u00e1ny ker\u00fclt, ami s\u00falyos irrit\u00e1ci\u00f3t, illetve s\u00e9r\u00fcl\u00e9seket okozott. A ment\u0151k t\u00e1j\u00e9koztat\u00e1sa szerint legal\u00e1bb n\u00e9gy embert sz\u00e1ll\u00edtottak k\u00f3rh\u00e1zba a t\u0171zij\u00e1t\u00e9kot k\u00f6vet\u0151en, miut\u00e1n panaszokat tettek \u00e9get\u0151, sz\u00far\u00f3 \u00e9rz\u00e9sre a szem\u00fckben. Az els\u0151dleges vizsg\u00e1latok alapj\u00e1n a sz\u00e9lir\u00e1ny \u00e9s a t\u0171zij\u00e1t\u00e9k sor\u00e1n keletkezett f\u00fcst, illetve pernye egy r\u00e9sze k\u00f6zvetlen\u00fcl a n\u00e9z\u0151t\u00e9r ir\u00e1ny\u00e1ba sodr\u00f3dott, \u00e9s a leveg\u0151ben sz\u00e1ll\u00f3 apr\u00f3 \u00e9g\u00e9smaradv\u00e1nyok n\u00e9h\u00e1ny ember szem\u00e9be ker\u00fcltek.<\/h3>\n<h3><span style=\"color: #ff0000;\"><strong>A h\u00edr nem \u00e9rt v\u00e9get! Folytat\u00e1shoz haszn\u00e1ld a K\u00d6VETKEZ\u0150 OLDAL gombot!<\/strong><\/span><\/h3>\n<h3 style=\"text-align: right;\"><a href=\"https:\/\/online-filmkatarzis.com\/kucko\/napiinfok\/?p=3684\" target=\"_blank\" rel=\"noopener\"><span style=\"color: #ff0000;\">&#8212;&gt;&gt; K\u00d6VETKEZ\u0150 OLDAL<\/span><\/a><\/h3>\n<p>&#8211;<\/p>\n<p>Az \u00e1ra \u00f6nmag\u00e1ban sem kev\u00e9s, 64 420 eur\u00f3t k\u00e9rnek \u00e9rte \u2013 \u00e9s ez m\u00e9g nem tartalmazza az \u00f6kol\u00f3giai ad\u00f3t, a h\u00edres-neves malus \u00e9cologique-ot. A francia sz\u00e9n-dioxid-ad\u00f3 azonban brut\u00e1lis: ebben az esetben 58 134 eur\u00f3t tesz ki, aminek k\u00f6vetkezt\u00e9ben a v\u00e9gs\u0151 \u00e1r meghaladja a 120 000 eur\u00f3t. Ez a borsos \u00f6sszeg azt jelenti, hogy ezt az aut\u00f3t val\u00f3sz\u00edn\u0171leg csak egy szenved\u00e9lyes \u00e9s egyben tehet\u0151s gy\u0171jt\u0151 engedheti majd meg mag\u00e1nak. Cser\u00e9be viszont egy val\u00f3di ritkas\u00e1g tulajdonosa lehet, egy darabka Honda-t\u00f6rt\u00e9nelem\u00e9, amelyb\u0151l az adott piacon csak ez az egyetlen p\u00e9ld\u00e1ny l\u00e9tezik.<\/p>\n<p>Fontos kiemelni, hogy a borsos v\u00e9tel\u00e1r\u00e9rt nem a Honda okolhat\u00f3 \u2013 a k\u00f6rnyezetv\u00e9delmi szab\u00e1lyoz\u00e1sok k\u00e9nyszer\u00edtik ki az ilyen m\u00e9rt\u00e9k\u0171 ad\u00f3terhel\u00e9st. Ennek ellen\u00e9re a gy\u00e1rt\u00f3 igyekszik biztos\u00edtani, hogy ez a k\u00fcl\u00f6nkiad\u00e1s ne csak a leggyorsabb, hanem a legm\u00e9lt\u00f3bb kezekbe ker\u00fclj\u00f6n. Franciaorsz\u00e1gban p\u00e9ld\u00e1ul sorsol\u00e1s \u00fatj\u00e1n v\u00e1lasztj\u00e1k ki a szerencs\u00e9s v\u00e1s\u00e1rl\u00f3t: a jelentkez\u0151knek mind\u00f6ssze annyit kell tenni\u00fck, hogy felkeresik helyi Honda-m\u00e1rkakeresked\u00e9s\u00fcket, \u00e9s regisztr\u00e1lnak az esem\u00e9nyre. A kiv\u00e1lasztott tulajdonos nemcsak az aut\u00f3t kapja meg, hanem egy egyedi sorsz\u00e1mmal ell\u00e1tott gy\u0171jt\u0151i dobozt is, amely tartalmaz egy sz\u00e9nsz\u00e1las kulcstart\u00f3t, egyedi padl\u00f3sz\u0151nyegeket \u00e9s egy aut\u00f3takar\u00f3 huzatot is \u2013 apr\u00f3, de k\u00fcl\u00f6nleges r\u00e9szletek, amelyek m\u00e9g egyedibb\u00e9 teszik ezt az am\u00fagy is kiv\u00e9teles t\u00edpust.<\/p>\n<p>K\u00fcls\u0151 megjelen\u00e9s\u00e9t tekintve a Toyota nem a radik\u00e1lis \u00fajratervez\u00e9s, hanem ink\u00e1bb egy alapos r\u00e1ncfelvarr\u00e1s mellett d\u00f6nt\u00f6tt a RAV4 eset\u00e9ben. Az \u00faj modell meg\u0151rzi az el\u0151dje robusztus, mark\u00e1ns sziluettj\u00e9t, valamint v\u00e1ltozatlan marad a m\u00e9rete is: 4,60 m\u00e9ter hossz\u00fa, 1,85 m\u00e9ter sz\u00e9les \u00e9s 1,69 m\u00e9ter magas. Azonban m\u00e9g ha az ar\u00e1nyok v\u00e1ltozatlanok is, a r\u00e9szletek komoly \u00e1talakul\u00e1son mentek kereszt\u00fcl. A friss\u00edtett RAV4 diz\u00e1jnja m\u00e1r a Toyota leg\u00fajabb formanyelv\u00e9t t\u00fckr\u00f6zi, amelyet els\u0151k\u00e9nt a legut\u00f3bbi Prius mutatott be \u2013 ezt a letisztult, futurisztikus ir\u00e1nyvonalat most a SUV szegmensben is alkalmazz\u00e1k.<\/p>\n<p>Az aut\u00f3 orr-r\u00e9sze karakteresebb lett: a f\u00e9nysz\u00f3r\u00f3k C-alakot form\u00e1znak, ami modern, dinamikus megjelen\u00e9st k\u00f6lcs\u00f6n\u00f6z a j\u00e1rm\u0171nek. A h\u0171t\u0151r\u00e1cs hangs\u00falyosabb\u00e1 v\u00e1lt, mik\u00f6zben a motorh\u00e1ztet\u0151t is \u00fajra form\u00e1zt\u00e1k, hogy jobban illeszkedjen a sportos, m\u00e9gis eleg\u00e1ns arculathoz. Oldaln\u00e9zetb\u0151l a vonalak hat\u00e1rozottabbak \u00e9s izmosabbak lettek, ami m\u00e9g ink\u00e1bb kiemeli a RAV4 terepj\u00e1r\u00f3s, strapab\u00edr\u00f3 karakter\u00e9t. A h\u00e1ts\u00f3 r\u00e9szen is t\u00f6rt\u00e9ntek l\u00e1tv\u00e1nyos v\u00e1ltoz\u00e1sok: a h\u00e1ts\u00f3 l\u00e1mp\u00e1kat egy fekete dekorcs\u00edk k\u00f6ti \u00f6ssze, amelynek k\u00f6zep\u00e9n j\u00f3l l\u00e1that\u00f3an, b\u00fcszk\u00e9n szerepel a modell neve \u2013 ez a megold\u00e1s nemcsak eszt\u00e9tikus, hanem pr\u00e9mium hat\u00e1st is kelt.<\/p>\n","protected":false},"excerpt":{"rendered":"<p>A l\u00e1tv\u00e1nyos esem\u00e9ny k\u00f6zben t\u00f6bb n\u00e9z\u0151 szem\u00e9be is \u00e9g\u00e9sterm\u00e9k-maradv\u00e1ny ker\u00fclt, ami s\u00falyos irrit\u00e1ci\u00f3t, illetve s\u00e9r\u00fcl\u00e9seket okozott. A ment\u0151k t\u00e1j\u00e9koztat\u00e1sa szerint&#8230; <span class=\"gridview-grid-post-read-more\"><a href=\"https:\/\/online-filmkatarzis.com\/kucko\/hirek\/baleset-tortent-az-augusztus-20-ai-tuzijatek-alatt\/\">read more<span class=\"gridview-sr-only\"> Baleset t\u00f6rt\u00e9nt az augusztus 20-ai t\u0171zij\u00e1t\u00e9k alatt<\/span><\/a><\/span><\/p>\n","protected":false},"author":1,"featured_media":3675,"comment_status":"open","ping_status":"open","sticky":false,"template":"","format":"standard","meta":{"footnotes":""},"categories":[1],"tags":[],"class_list":["post-3674","post","type-post","status-publish","format-standard","has-post-thumbnail","hentry","category-egyeb","wpcat-1-id"],"_links":{"self":[{"href":"https:\/\/online-filmkatarzis.com\/kucko\/hirek\/wp-json\/wp\/v2\/posts\/3674","targetHints":{"allow":["GET"]}}],"collection":[{"href":"https:\/\/online-filmkatarzis.com\/kucko\/hirek\/wp-json\/wp\/v2\/posts"}],"about":[{"href":"https:\/\/online-filmkatarzis.com\/kucko\/hirek\/wp-json\/wp\/v2\/types\/post"}],"author":[{"embeddable":true,"href":"https:\/\/online-filmkatarzis.com\/kucko\/hirek\/wp-json\/wp\/v2\/users\/1"}],"replies":[{"embeddable":true,"href":"https:\/\/online-filmkatarzis.com\/kucko\/hirek\/wp-json\/wp\/v2\/comments?post=3674"}],"version-history":[{"count":1,"href":"https:\/\/online-filmkatarzis.com\/kucko\/hirek\/wp-json\/wp\/v2\/posts\/3674\/revisions"}],"predecessor-version":[{"id":3676,"href":"https:\/\/online-filmkatarzis.com\/kucko\/hirek\/wp-json\/wp\/v2\/posts\/3674\/revisions\/3676"}],"wp:featuredmedia":[{"embeddable":true,"href":"https:\/\/online-filmkatarzis.com\/kucko\/hirek\/wp-json\/wp\/v2\/media\/3675"}],"wp:attachment":[{"href":"https:\/\/online-filmkatarzis.com\/kucko\/hirek\/wp-json\/wp\/v2\/media?parent=3674"}],"wp:term":[{"taxonomy":"category","embeddable":true,"href":"https:\/\/online-filmkatarzis.com\/kucko\/hirek\/wp-json\/wp\/v2\/categories?post=3674"},{"taxonomy":"post_tag","embeddable":true,"href":"https:\/\/online-filmkatarzis.com\/kucko\/hirek\/wp-json\/wp\/v2\/tags?post=3674"}],"curies":[{"name":"wp","href":"https:\/\/api.w.org\/{rel}","templated":true}]}}