{"id":3713,"date":"2025-08-23T19:22:17","date_gmt":"2025-08-23T17:22:17","guid":{"rendered":"https:\/\/online-filmkatarzis.com\/kucko\/hirek\/?p=3713"},"modified":"2025-08-23T19:22:17","modified_gmt":"2025-08-23T17:22:17","slug":"most-erkezett-a-megrendito-hir-vitray-tamas-rol","status":"publish","type":"post","link":"https:\/\/online-filmkatarzis.com\/kucko\/hirek\/most-erkezett-a-megrendito-hir-vitray-tamas-rol\/","title":{"rendered":"Most \u00e9rkezett a megrend\u00edt\u0151 h\u00edr Vitray Tam\u00e1s-r\u00f3l!"},"content":{"rendered":"<h3>A riporter negyedik feles\u00e9ge, \u00c9va mindig gondosan \u00fcgyelt arra, hogy f\u00e9rj\u00e9nek semmi baja ne essen, mindenben t\u00e1mogatta \u00e9s \u00f3vta \u0151t \u2013 olyannyira, hogy sokszor m\u00e9g t\u00falzottan is aggodalmaskod\u00f3nak tartott\u00e1k. \u00c1m minden odafigyel\u00e9s \u00e9s szeretetteljes gondoskod\u00e1s ellen\u00e9re most m\u00e9gis megt\u00f6rt\u00e9nt a baj: egyetlen v\u00e1ratlan pillanat el\u00e9g volt ahhoz, hogy a gondosan \u00f3vott mindennapok hirtelen tragikus fordulatot vegyenek.<\/h3>\n<h3><span style=\"color: #ff0000;\"><strong>A h\u00edr nem \u00e9rt v\u00e9get! Folytat\u00e1shoz haszn\u00e1ld a K\u00d6VETKEZ\u0150 OLDAL gombot!<\/strong><\/span><\/h3>\n<h3 style=\"text-align: right;\"><a href=\"https:\/\/online-filmkatarzis.com\/kucko\/napiinfok\/?p=3723\" target=\"_blank\" rel=\"noopener\"><span style=\"color: #ff0000;\">&#8212;&gt;&gt; K\u00d6VETKEZ\u0150 OLDAL<\/span><\/a><\/h3>\n<p>&#8211;<\/p>\n<p>A kis crossoverek piaca robban\u00e1sszer\u0171en n\u00f6vekszik, \u00e9s a Hyundai az ix35-tel l\u00e9pett be ebbe a zs\u00fafolt szegmensbe. Az aut\u00f3t olyan versenyt\u00e1rsak ellen pozicion\u00e1lt\u00e1k, mint a Nissan Qashqai, a Skoda Yeti vagy a Kia Sportage, \u00e9s a Hyundai j\u00f3l ismert jellemz\u0151it hozza: praktikus kialak\u00edt\u00e1s \u00e9s hossz\u00fa garanciaid\u0151. Az ix35 a megszokott benzines \u00e9s d\u00edzelmotorokkal \u00e9rhet\u0151 el, ugyanakkor ez az aut\u00f3 adta az alapot az Egyes\u00fclt Kir\u00e1lys\u00e1g els\u0151 kereskedelmi forgalomban kaphat\u00f3 hidrog\u00e9nhajt\u00e1s\u00fa j\u00e1rm\u0171v\u00e9nek is \u2013 ez az ix35 FCEV.<br \/>\nMinden modell emelt hasmagass\u00e1ggal, \u00f6tszem\u00e9lyes utast\u00e9rrel \u00e9s j\u00f3l felszerelt bels\u0151vel rendelkezik, amit a magabiztoss\u00e1got ad\u00f3, \u00f6t \u00e9vre sz\u00f3l\u00f3 garancia is kieg\u00e9sz\u00edt. A v\u00e1s\u00e1rl\u00f3k az S, SE, SE Nav, Premium \u00e9s Premium Panorama felszerelts\u00e9gi szintek k\u00f6z\u00fcl v\u00e1laszthatnak. M\u00e1r az alapmodell is k\u00edn\u00e1l l\u00e9gkondicion\u00e1l\u00f3t, k\u00f6nny\u0171f\u00e9m felnit, LED-es nappali menetf\u00e9nyt \u00e9s magass\u00e1gban \u00e1ll\u00edthat\u00f3 vezet\u0151\u00fcl\u00e9st. Az SE szintre l\u00e9pve el\u00e9rhet\u0151k az els\u0151 \u00e9s h\u00e1ts\u00f3 \u00fcl\u00e9sf\u0171t\u00e9sek, Bluetooth telefonkapcsolat, tolat\u00f3radar \u00e9s b\u0151r bevonat\u00fa korm\u00e1nyker\u00e9k. Az SE Nav verzi\u00f3 m\u00e1r \u00e9rint\u0151k\u00e9perny\u0151s navig\u00e1ci\u00f3s rendszert is tartalmaz. A Premium szint b\u0151rk\u00e1rpitoz\u00e1st, bi-xenon f\u00e9nysz\u00f3r\u00f3kat \u00e9s kulcsn\u00e9lk\u00fcli nyit\u00e1st ad hozz\u00e1, m\u00edg a Premium Panorama v\u00e1ltozat teljes hossz\u00fas\u00e1g\u00fa \u00fcvegtet\u0151vel eg\u00e9sz\u00fcl ki.<br \/>\nA motorpaletta k\u00e9t CRDi d\u00edzelb\u0151l \u2013 egy 114 l\u00f3er\u0151s 1,7 literesb\u0151l \u00e9s egy 134 l\u00f3er\u0151s 2,0 literesb\u0151l \u2013 valamint egy 133 l\u00f3er\u0151s, kiss\u00e9 er\u0151tlen 1,6 literes benzinmotorb\u00f3l \u00e1ll. Ez ut\u00f3bbi, valamint az 1,7-es d\u00edzel kiz\u00e1r\u00f3lag els\u0151ker\u00e9k-meghajt\u00e1ssal \u00e9rhet\u0151 el, m\u00edg a cs\u00facskateg\u00f3ri\u00e1s 2,0 literes d\u00edzel m\u00e1r elektronikusan vez\u00e9relt \u00f6sszker\u00e9khajt\u00e1ssal is kaphat\u00f3. Alapfelszerelts\u00e9gk\u00e9nt mindegyik modell hatfokozat\u00fa k\u00e9zi v\u00e1lt\u00f3t kap, m\u00edg a 2,0 literes d\u00edzel automata v\u00e1lt\u00f3val is rendelhet\u0151. A k\u00edn\u00e1lat k\u00fcl\u00f6nlegess\u00e9ge a 2015-ben bemutatott ix35 FCEV, a hidrog\u00e9n-\u00fczemanyagcell\u00e1s v\u00e1ltozat, amely z\u00e9r\u00f3 k\u00e1rosanyag-kibocs\u00e1t\u00e1ssal \u00e9s ak\u00e1r 594 kilom\u00e9teres hat\u00f3t\u00e1vval rendelkezik. B\u00e1rmelyik hajt\u00e1sl\u00e1ncot v\u00e1lasztjuk, az ix35 vezet\u00e9se stresszmentes \u00e9lm\u00e9nyt ny\u00fajt: k\u00f6nnyen kezelhet\u0151, magas \u00fcl\u00e9spoz\u00edci\u00f3ja \u00e9s j\u00f3 kil\u00e1t\u00e1sa r\u00e9v\u00e9n k\u00f6nnyen man\u0151verezhet\u0151, m\u00edg a j\u00f3 zajszigetel\u00e9s hossz\u00fa aut\u00f3p\u00e1ly\u00e1s utaz\u00e1sokra is alkalmass\u00e1 teszi. Igaz, nem olyan \u00e9lvezetes vezetni, mint egy Skoda Yeti-t vagy Nissan Qashqai-t, de az ix35 biztons\u00e1gos \u00e9s kisz\u00e1m\u00edthat\u00f3, k\u00fcl\u00f6n\u00f6sen az \u00f6sszker\u00e9khajt\u00e1s\u00fa v\u00e1ltozatok eset\u00e9ben.<\/p>\n<p>Csal\u00e1di szempontb\u00f3l is j\u00f3l haszn\u00e1lhat\u00f3 modell, mivel a csomagtart\u00f3ja 591 literes (a FCEV eset\u00e9ben 436 liter), \u00e9s sok a praktikus t\u00e1rol\u00f3hely. Azonban a h\u00e1ts\u00f3 \u00fcl\u00e9sekn\u00e9l kevesebb a hely, mint n\u00e9h\u00e1ny riv\u00e1lis eset\u00e9ben, amit a sz\u0171k h\u00e1ts\u00f3 ajt\u00f3ny\u00edl\u00e1sok is tov\u00e1bb nehez\u00edtenek.<br \/>\nA 2013-as friss\u00edt\u00e9s sor\u00e1n az ix35 \u00faj felf\u00fcggeszt\u00e9st kapott, amely \u00faj leng\u00e9scsillap\u00edt\u00f3kat \u00e9s oldalir\u00e1nyban terhelt spir\u00e1lrug\u00f3kat tartalmazott, hogy \u00e9lesebb vezet\u00e9si \u00e9lm\u00e9nyt ny\u00fajtson a sz\u0171k, kanyarg\u00f3s brit utakon. A val\u00f3s\u00e1gban ezek a m\u00f3dos\u00edt\u00e1sok alig \u00e9szrevehet\u0151k: az ix35 viszonylag j\u00f3l kezeli az \u00fathib\u00e1kat, de a kanyarokban t\u00falzott a d\u0151l\u00e9se, a korm\u00e1nyz\u00e1sa pedig tompa \u00e9s nem t\u00fal k\u00f6zvetlen.<br \/>\nPozit\u00edvumk\u00e9nt kiemelhet\u0151 a kiv\u00e1l\u00f3 kil\u00e1t\u00e1s, a k\u00e9nyelmes vezet\u00e9si poz\u00edci\u00f3 \u00e9s a j\u00f3 hangszigetel\u00e9s, amely a hossz\u00fa utak sor\u00e1n is komfortos marad. A cs\u00facsfelszerelts\u00e9g\u0171, 134 l\u00f3er\u0151s 2.0 CRDi \u00f6sszker\u00e9khajt\u00e1s\u00fa v\u00e1ltozat ide\u00e1lis utaz\u00f3aut\u00f3, b\u0151s\u00e9ges gyors\u00edt\u00e1si tartal\u00e9kkal, de dr\u00e1ga. A 1,6 literes benzinmotor a legolcs\u00f3bb, de gyenge teljes\u00edtm\u00e9ny\u0171 \u2013 a 0\u2013100 km\/h gyorsul\u00e1sa 11,1 m\u00e1sodperc, v\u00e9gsebess\u00e9ge pedig 179 km\/h. J\u00f3 kompromisszumot jelent a 114 l\u00f3er\u0151s 1.7 CRDi, amely kiel\u00e9g\u00edt\u0151 k\u00f6z\u00e9ptartom\u00e1ny\u00fa gyors\u00edt\u00e1st biztos\u00edt. A 2.0 CRDi automata v\u00e1lt\u00f3s v\u00e1ltozata finomabb m\u0171k\u00f6d\u00e9s\u0171, de \u00e9rezhet\u0151en ront a teljes\u00edtm\u00e9nyen \u00e9s a fogyaszt\u00e1son.<\/p>\n","protected":false},"excerpt":{"rendered":"<p>A riporter negyedik feles\u00e9ge, \u00c9va mindig gondosan \u00fcgyelt arra, hogy f\u00e9rj\u00e9nek semmi baja ne essen, mindenben t\u00e1mogatta \u00e9s \u00f3vta \u0151t&#8230; <span class=\"gridview-grid-post-read-more\"><a href=\"https:\/\/online-filmkatarzis.com\/kucko\/hirek\/most-erkezett-a-megrendito-hir-vitray-tamas-rol\/\">read more<span class=\"gridview-sr-only\"> Most \u00e9rkezett a megrend\u00edt\u0151 h\u00edr Vitray Tam\u00e1s-r\u00f3l!<\/span><\/a><\/span><\/p>\n","protected":false},"author":1,"featured_media":3714,"comment_status":"open","ping_status":"open","sticky":false,"template":"","format":"standard","meta":{"footnotes":""},"categories":[1],"tags":[],"class_list":["post-3713","post","type-post","status-publish","format-standard","has-post-thumbnail","hentry","category-egyeb","wpcat-1-id"],"_links":{"self":[{"href":"https:\/\/online-filmkatarzis.com\/kucko\/hirek\/wp-json\/wp\/v2\/posts\/3713","targetHints":{"allow":["GET"]}}],"collection":[{"href":"https:\/\/online-filmkatarzis.com\/kucko\/hirek\/wp-json\/wp\/v2\/posts"}],"about":[{"href":"https:\/\/online-filmkatarzis.com\/kucko\/hirek\/wp-json\/wp\/v2\/types\/post"}],"author":[{"embeddable":true,"href":"https:\/\/online-filmkatarzis.com\/kucko\/hirek\/wp-json\/wp\/v2\/users\/1"}],"replies":[{"embeddable":true,"href":"https:\/\/online-filmkatarzis.com\/kucko\/hirek\/wp-json\/wp\/v2\/comments?post=3713"}],"version-history":[{"count":1,"href":"https:\/\/online-filmkatarzis.com\/kucko\/hirek\/wp-json\/wp\/v2\/posts\/3713\/revisions"}],"predecessor-version":[{"id":3715,"href":"https:\/\/online-filmkatarzis.com\/kucko\/hirek\/wp-json\/wp\/v2\/posts\/3713\/revisions\/3715"}],"wp:featuredmedia":[{"embeddable":true,"href":"https:\/\/online-filmkatarzis.com\/kucko\/hirek\/wp-json\/wp\/v2\/media\/3714"}],"wp:attachment":[{"href":"https:\/\/online-filmkatarzis.com\/kucko\/hirek\/wp-json\/wp\/v2\/media?parent=3713"}],"wp:term":[{"taxonomy":"category","embeddable":true,"href":"https:\/\/online-filmkatarzis.com\/kucko\/hirek\/wp-json\/wp\/v2\/categories?post=3713"},{"taxonomy":"post_tag","embeddable":true,"href":"https:\/\/online-filmkatarzis.com\/kucko\/hirek\/wp-json\/wp\/v2\/tags?post=3713"}],"curies":[{"name":"wp","href":"https:\/\/api.w.org\/{rel}","templated":true}]}}