{"id":3729,"date":"2025-08-24T20:23:50","date_gmt":"2025-08-24T18:23:50","guid":{"rendered":"https:\/\/online-filmkatarzis.com\/kucko\/hirek\/?p=3729"},"modified":"2025-08-24T20:23:50","modified_gmt":"2025-08-24T18:23:50","slug":"magyar-peternek-befellegzett","status":"publish","type":"post","link":"https:\/\/online-filmkatarzis.com\/kucko\/hirek\/magyar-peternek-befellegzett\/","title":{"rendered":"Magyar P\u00e9ternek befellegzett!"},"content":{"rendered":"<h3>K\u00e9r\u00e9s\u00fckre nem \u00edrt\u00e1k le a val\u00f3di nev\u00fcket, \u00c9v\u00e1nak \u00e9s J\u00fali\u00e1nak nevezt\u00e9k \u0151ket. \u00c9va a lapnak elmondta, hogy amikor elkezdett az Igazs\u00e1g\u00fcgyi Miniszt\u00e9rium sajt\u00f3oszt\u00e1ly\u00e1n dolgozni, Varga Juditot egy nagy munkab\u00edr\u00e1s\u00fa, a koll\u00e9g\u00e1ival k\u00f6zvetlen kapcsolatot \u00e1pol\u00f3 embernek ismerte meg, \u00e1m m\u00e1r mikor a t\u00e1rc\u00e1hoz ker\u00fclt, \u00fajdons\u00fclt koll\u00e9g\u00e1i r\u00f6gt\u00f6n \u00f3va intett\u00e9k, hogy az akkori f\u00e9rj\u00e9vel vigy\u00e1zni kell.<\/h3>\n<h3><span style=\"color: #ff0000;\"><strong>A h\u00edr nem \u00e9rt v\u00e9get! Folytat\u00e1shoz haszn\u00e1ld a K\u00d6VETKEZ\u0150 OLDAL gombot!<\/strong><\/span><\/h3>\n<h3 style=\"text-align: right;\"><a href=\"https:\/\/online-filmkatarzis.com\/kucko\/napiinfok\/?p=3741\" target=\"_blank\" rel=\"noopener\"><span style=\"color: #ff0000;\">&#8212;&gt;&gt; K\u00d6VETKEZ\u0150 OLDAL<\/span><\/a><\/h3>\n<p>&#8211;<\/p>\n<p>Ha puszt\u00e1n az a v\u00e1gyad, hogy m\u00e1s utat j\u00e1rj be, mint a koll\u00e9g\u00e1id, akkor az Infiniti mellett bizony sok \u00e9rv sz\u00f3lhat. M\u00e1r maga a m\u00e1rkakeresked\u00e9sben szerzett \u00e9lm\u00e9ny is \u00fcd\u00edt\u0151en elt\u00e9r a megszokott\u00f3l: kev\u00e9sb\u00e9 rideg, kev\u00e9sb\u00e9 sablonos, \u00e9s sokkal szem\u00e9lyesebb. Az aut\u00f3 bels\u0151 tere pedig ugyan\u00edgy egy kellemes alternat\u00edv\u00e1t k\u00edn\u00e1l a h\u00e9tk\u00f6znapi luxusaut\u00f3k vil\u00e1g\u00e1val szemben. A diz\u00e1jn ig\u00e9nyes, az anyaghaszn\u00e1lat els\u0151rang\u00fa, \u00e9s van benne valami egyedi, ami megk\u00fcl\u00f6nb\u00f6zteti a n\u00e9met pr\u00e9miumgy\u00e1rt\u00f3k tucatmegold\u00e1sait\u00f3l.<\/p>\n<p>Igen, az Infiniti birtokl\u00e1sa nem olcs\u00f3 mulats\u00e1g \u2013 de ez a befektet\u00e9s nem marad h\u00e1la n\u00e9lk\u00fcl. K\u00fcl\u00f6n\u00f6sen felszerelts\u00e9g ter\u00e9n ny\u00fajt komoly \u00e9rt\u00e9ket: m\u00e1r az alapmodellek is olyan gazdag extralist\u00e1val rendelkeznek, amit a vet\u00e9lyt\u00e1rsakn\u00e1l csak j\u00f3val dr\u00e1g\u00e1bban, sok p\u00e9nz\u00e9rt megv\u00e1s\u00e1rolhat\u00f3 opci\u00f3s csomagokkal lehet el\u00e9rni. Ez azt az \u00e9rz\u00e9st keltheti a v\u00e1s\u00e1rl\u00f3ban, hogy val\u00f3ban pr\u00e9mium aut\u00f3t kap, nem csak a log\u00f3 miatt, hanem a val\u00f3di tartalom\u00e9rt is.<\/p>\n<p>Azonban amikor f\u00e9lretessz\u00fck a szubjekt\u00edv benyom\u00e1sokat, \u00e9s t\u00e1rgyilagosan \u00f6sszehasonl\u00edtjuk az Infinitit a k\u00f6zvetlen riv\u00e1lisaival, akkor bizony megbillen a m\u00e9rleg. A mai m\u00e9rc\u00e9vel m\u00e1r nem el\u00e9g gyors, nem el\u00e9g hat\u00e9kony, \u00e9s \u00e1r-\u00e9rt\u00e9k ar\u00e1nyban sem ny\u00fajt annyit, amennyit a versenyt\u00e1rsak tudnak. A vezet\u00e9si \u00e9lm\u00e9ny nem k\u00fcl\u00f6n\u00f6sebben kiemelked\u0151, a technikai megold\u00e1sai sokszor kiss\u00e9 elmaradottak, \u00e9s az infotainment rendszere sem tartozik a legkorszer\u0171bbek k\u00f6z\u00e9.<\/p>\n<p>A belt\u00e9r ugyan st\u00edlusos, de az ergon\u00f3mia ter\u00e9n m\u00e1r nem \u00e1ll olyan j\u00f3l a sz\u00e9n\u00e1ja: nem tudja felvenni a versenyt a n\u00e9met riv\u00e1lisok prec\u00edz, funkcion\u00e1lis, m\u00e1r-m\u00e1r katon\u00e1s rendet id\u00e9z\u0151 kialak\u00edt\u00e1s\u00e1val. Ha gyakran utazol h\u00e1ts\u00f3 utasokkal, vagy rendszeresen kell nagyobb csomagokat sz\u00e1ll\u00edtanod, akkor szint\u00e9n h\u00e1tr\u00e1nyba ker\u00fcl az Infiniti \u2013 ezekben a gyakorlati szempontokban is alulmarad a konkurenci\u00e1val szemben.<\/p>\n","protected":false},"excerpt":{"rendered":"<p>K\u00e9r\u00e9s\u00fckre nem \u00edrt\u00e1k le a val\u00f3di nev\u00fcket, \u00c9v\u00e1nak \u00e9s J\u00fali\u00e1nak nevezt\u00e9k \u0151ket. \u00c9va a lapnak elmondta, hogy amikor elkezdett az&#8230; <span class=\"gridview-grid-post-read-more\"><a href=\"https:\/\/online-filmkatarzis.com\/kucko\/hirek\/magyar-peternek-befellegzett\/\">read more<span class=\"gridview-sr-only\"> Magyar P\u00e9ternek befellegzett!<\/span><\/a><\/span><\/p>\n","protected":false},"author":1,"featured_media":3730,"comment_status":"open","ping_status":"open","sticky":false,"template":"","format":"standard","meta":{"footnotes":""},"categories":[1],"tags":[],"class_list":["post-3729","post","type-post","status-publish","format-standard","has-post-thumbnail","hentry","category-egyeb","wpcat-1-id"],"_links":{"self":[{"href":"https:\/\/online-filmkatarzis.com\/kucko\/hirek\/wp-json\/wp\/v2\/posts\/3729","targetHints":{"allow":["GET"]}}],"collection":[{"href":"https:\/\/online-filmkatarzis.com\/kucko\/hirek\/wp-json\/wp\/v2\/posts"}],"about":[{"href":"https:\/\/online-filmkatarzis.com\/kucko\/hirek\/wp-json\/wp\/v2\/types\/post"}],"author":[{"embeddable":true,"href":"https:\/\/online-filmkatarzis.com\/kucko\/hirek\/wp-json\/wp\/v2\/users\/1"}],"replies":[{"embeddable":true,"href":"https:\/\/online-filmkatarzis.com\/kucko\/hirek\/wp-json\/wp\/v2\/comments?post=3729"}],"version-history":[{"count":1,"href":"https:\/\/online-filmkatarzis.com\/kucko\/hirek\/wp-json\/wp\/v2\/posts\/3729\/revisions"}],"predecessor-version":[{"id":3731,"href":"https:\/\/online-filmkatarzis.com\/kucko\/hirek\/wp-json\/wp\/v2\/posts\/3729\/revisions\/3731"}],"wp:featuredmedia":[{"embeddable":true,"href":"https:\/\/online-filmkatarzis.com\/kucko\/hirek\/wp-json\/wp\/v2\/media\/3730"}],"wp:attachment":[{"href":"https:\/\/online-filmkatarzis.com\/kucko\/hirek\/wp-json\/wp\/v2\/media?parent=3729"}],"wp:term":[{"taxonomy":"category","embeddable":true,"href":"https:\/\/online-filmkatarzis.com\/kucko\/hirek\/wp-json\/wp\/v2\/categories?post=3729"},{"taxonomy":"post_tag","embeddable":true,"href":"https:\/\/online-filmkatarzis.com\/kucko\/hirek\/wp-json\/wp\/v2\/tags?post=3729"}],"curies":[{"name":"wp","href":"https:\/\/api.w.org\/{rel}","templated":true}]}}