{"id":3766,"date":"2025-08-26T16:42:54","date_gmt":"2025-08-26T14:42:54","guid":{"rendered":"https:\/\/online-filmkatarzis.com\/kucko\/hirek\/?p=3766"},"modified":"2025-08-26T16:42:54","modified_gmt":"2025-08-26T14:42:54","slug":"almaban-veszitette-eletet-soma","status":"publish","type":"post","link":"https:\/\/online-filmkatarzis.com\/kucko\/hirek\/almaban-veszitette-eletet-soma\/","title":{"rendered":"\u00c1lm\u00e1ban vesz\u00edtette \u00e9let\u00e9t Soma"},"content":{"rendered":"<h3>Soma, egy interj\u00faban elmondta: Az \u00e1lmomban meghaltam, noha azt tartj\u00e1k, hogy az ember nem halhat meg az \u00e1lmaiban. L\u00e1ttam magamat k\u00edv\u00fclr\u0151l, \u00e9s ott volt mellettem a f\u00e9rjem. \u00dagy \u00e9reztem, mintha egy l\u00e1thatatlan fal v\u00e1lasztana el t\u0151l\u00fck. Szerettem volna sz\u00f3lni, elmondani, hogy itt vagyok, ne s\u00edrjatok, szeretlek titeket, \u00e9s m\u00e9g k\u00e1v\u00e9t is f\u0151z\u00f6k nektek. Ez a k\u00fcl\u00f6n\u00f6s \u00e9rz\u00e9s napokig, s\u0151t hetekig elk\u00eds\u00e9rt: mintha besz\u00e9ln\u00e9k hozz\u00e1juk, de a hangom nem jutna el hozz\u00e1juk.<br \/>\nEKKORA A BAJ? BIZONY EL\u00c1RULTA AZT IS:<\/h3>\n<h3><span style=\"color: #ff0000;\"><strong>A h\u00edr nem \u00e9rt v\u00e9get! Folytat\u00e1shoz haszn\u00e1ld a K\u00d6VETKEZ\u0150 OLDAL gombot!<\/strong><\/span><\/h3>\n<h3 style=\"text-align: right;\"><a href=\"https:\/\/online-filmkatarzis.com\/kucko\/napiinfok\/?p=3779\" target=\"_blank\" rel=\"noopener\"><span style=\"color: #ff0000;\">&#8212;&gt;&gt; K\u00d6VETKEZ\u0150 OLDAL<\/span><\/a><\/h3>\n<p>&#8211;<\/p>\n<p>Az \u00faj modell 2025 j\u00fanius\u00e1t\u00f3l lesz el\u00e9rhet\u0151, nagyj\u00e1b\u00f3l 35\u201339 ezer fontos \u00e1rkateg\u00f3ri\u00e1ban, ami megegyezik az el\u0151z\u0151 modell \u00e1raival, \u00e9s m\u00e9g mindig kedvez\u0151bb, mint p\u00e9ld\u00e1ul a Hyundai Tucson Hybrid. A felszerelts\u00e9gi szintek nem v\u00e1ltoznak \u2013 marad a Techno, a Techno Esprit Alpine \u00e9s az Iconic Esprit Alpine \u2013, a pontos felszerelts\u00e9gek bejelent\u00e9se azonban m\u00e9g h\u00e1tra van. Minden Austral modell hossz\u00fa extralist\u00e1val \u00e9rkezik, hiszen m\u00e1r az alapv\u00e1ltozatban is 19 colos alufelnik, 12,3 colos portr\u00e9-orient\u00e1lt \u00e9rint\u0151k\u00e9perny\u0151, digit\u00e1lis m\u0171szeregys\u00e9g, Apple CarPlay \u00e9s Android Auto, vezet\u00e9k n\u00e9lk\u00fcli telefont\u00f6lt\u0151, tolat\u00f3kamera, adapt\u00edv tempomat \u00e9s LED-f\u00e9nysz\u00f3r\u00f3k kaptak helyet, valamint sz\u00e1mos vezet\u00e9st\u00e1mogat\u00f3 rendszer.<\/p>\n<p>A magasabb felszerelts\u00e9gi szinteken 20 colos kerekek, panor\u00e1matet\u0151, 9,3 colos head-up display, pr\u00e9mium Harman Kardon hangrendszer \u00e9s 360 fokos kamerarendszer is megjelenik, emellett tov\u00e1bbi k\u00e9nyelmi \u00e9s biztons\u00e1gi extr\u00e1k \u2013 p\u00e9ld\u00e1ul s\u00e1vtart\u00e1s \u00e9s automata parkol\u00e1s \u2013 is j\u00e1rnak. A hajt\u00e1sl\u00e1nc maradt a kor\u00e1bbi, teljes \u00e9rt\u00e9k\u0171 hibrid rendszer, amely egy 1,2 literes, h\u00e1romhengeres turb\u00f3motort kombin\u00e1l egy elektromotorral, amely kiz\u00e1r\u00f3lag az els\u0151 kerekeket hajtja, \u00e9s egy 2 kWh-s akkumul\u00e1torral m\u0171k\u00f6dik. A Renault szerint ez a rendszer a v\u00e1rosi k\u00f6zleked\u00e9s 80 sz\u00e1zal\u00e9k\u00e1t k\u00e9pes benzinfogyaszt\u00e1s n\u00e9lk\u00fcl teljes\u00edteni.<\/p>\n<p>Az aut\u00f3 \u00e1ra hivatalosan 33.990 \u00e9s 38.490 font k\u00f6z\u00f6tt alakul, de a k\u00fcl\u00f6nb\u00f6z\u0151 aj\u00e1nlatokon kereszt\u00fcl ak\u00e1r 30.890 font\u00e9rt is el\u00e9rhet\u0151, vagy havi 314 fontos l\u00edzingd\u00edj\u00e9rt is vihet\u0151. Menet k\u00f6zben a hibrid rendszer sim\u00e1n m\u0171k\u00f6dik, f\u0151leg v\u00e1rosban, ahol villanymotorral csendben suhan, de aut\u00f3p\u00e1ly\u00e1n, vagy nagyobb sebess\u00e9gn\u00e9l a h\u00e1romhengeres benzinmotor darabos hangja, a k\u00e9sleked\u0151 v\u00e1lt\u00f3 \u00e9s a nem mindig finoman dolgoz\u00f3 hajt\u00e1sl\u00e1nc rontja az \u00f6sszhat\u00e1st. A gyorsul\u00e1s 8,4 m\u00e1sodperc alatt zajlik 0-r\u00f3l 100 km\/\u00f3r\u00e1ra, de a fokozatv\u00e1lt\u00e1s nem mindig id\u0151z\u00edtett t\u00f6k\u00e9letesen.<\/p>\n","protected":false},"excerpt":{"rendered":"<p>Soma, egy interj\u00faban elmondta: Az \u00e1lmomban meghaltam, noha azt tartj\u00e1k, hogy az ember nem halhat meg az \u00e1lmaiban. L\u00e1ttam magamat&#8230; <span class=\"gridview-grid-post-read-more\"><a href=\"https:\/\/online-filmkatarzis.com\/kucko\/hirek\/almaban-veszitette-eletet-soma\/\">read more<span class=\"gridview-sr-only\"> \u00c1lm\u00e1ban vesz\u00edtette \u00e9let\u00e9t Soma<\/span><\/a><\/span><\/p>\n","protected":false},"author":1,"featured_media":3767,"comment_status":"open","ping_status":"open","sticky":false,"template":"","format":"standard","meta":{"footnotes":""},"categories":[1],"tags":[],"class_list":["post-3766","post","type-post","status-publish","format-standard","has-post-thumbnail","hentry","category-egyeb","wpcat-1-id"],"_links":{"self":[{"href":"https:\/\/online-filmkatarzis.com\/kucko\/hirek\/wp-json\/wp\/v2\/posts\/3766","targetHints":{"allow":["GET"]}}],"collection":[{"href":"https:\/\/online-filmkatarzis.com\/kucko\/hirek\/wp-json\/wp\/v2\/posts"}],"about":[{"href":"https:\/\/online-filmkatarzis.com\/kucko\/hirek\/wp-json\/wp\/v2\/types\/post"}],"author":[{"embeddable":true,"href":"https:\/\/online-filmkatarzis.com\/kucko\/hirek\/wp-json\/wp\/v2\/users\/1"}],"replies":[{"embeddable":true,"href":"https:\/\/online-filmkatarzis.com\/kucko\/hirek\/wp-json\/wp\/v2\/comments?post=3766"}],"version-history":[{"count":1,"href":"https:\/\/online-filmkatarzis.com\/kucko\/hirek\/wp-json\/wp\/v2\/posts\/3766\/revisions"}],"predecessor-version":[{"id":3768,"href":"https:\/\/online-filmkatarzis.com\/kucko\/hirek\/wp-json\/wp\/v2\/posts\/3766\/revisions\/3768"}],"wp:featuredmedia":[{"embeddable":true,"href":"https:\/\/online-filmkatarzis.com\/kucko\/hirek\/wp-json\/wp\/v2\/media\/3767"}],"wp:attachment":[{"href":"https:\/\/online-filmkatarzis.com\/kucko\/hirek\/wp-json\/wp\/v2\/media?parent=3766"}],"wp:term":[{"taxonomy":"category","embeddable":true,"href":"https:\/\/online-filmkatarzis.com\/kucko\/hirek\/wp-json\/wp\/v2\/categories?post=3766"},{"taxonomy":"post_tag","embeddable":true,"href":"https:\/\/online-filmkatarzis.com\/kucko\/hirek\/wp-json\/wp\/v2\/tags?post=3766"}],"curies":[{"name":"wp","href":"https:\/\/api.w.org\/{rel}","templated":true}]}}