{"id":3850,"date":"2025-08-31T20:15:31","date_gmt":"2025-08-31T18:15:31","guid":{"rendered":"https:\/\/online-filmkatarzis.com\/kucko\/hirek\/?p=3850"},"modified":"2025-08-31T20:15:31","modified_gmt":"2025-08-31T18:15:31","slug":"drama-magyar-peterrel","status":"publish","type":"post","link":"https:\/\/online-filmkatarzis.com\/kucko\/hirek\/drama-magyar-peterrel\/","title":{"rendered":"Dr\u00e1ma Magyar P\u00e9terrel!"},"content":{"rendered":"<h3>Magyar P\u00e9ter (Budapest, 1981. m\u00e1rcius 16. \u2013) magyar jog\u00e1sz, diplomata, politikus. 2024. m\u00e1rcius 15-\u00e9n bejelentette p\u00e1rtalap\u00edt\u00e1si sz\u00e1nd\u00e9k\u00e1t, \u00e9s egy alternat\u00edv\u00e1t k\u00edn\u00e1l a szerinte \u201cmegosztott\u201d t\u00e1rsadalomnak, akiknek az ellen\/\u00e9kb\u0151l \u00e9s a kor\/\u00e1nyp\u00e1r\/okb\u00f3l is e\/ege van. Nagyanyja M\u00e1dl Ter\u00e9z, M\u00e1dl Ferenc egykori k\u00f6zt\u00e1rsas\u00e1gi eln\u00f6k testv\u00e9re. Nagyapja a rendszerv\u00e1lt\u00e1s el\u0151tti Magyar Telev\u00edzi\u00f3 Jogi esetek c\u00edm\u0171 m\u0171sor\u00e1ban f\u0151szerepl\u0151 Er\u0151ss P\u00e1l, a Legfels\u0151bb B\u00edr\u00f3s\u00e1g egykori b\u00edr\u00e1ja volt.<\/h3>\n<h3><span style=\"color: #ff0000;\"><strong>A h\u00edr nem \u00e9rt v\u00e9get! Folytat\u00e1shoz haszn\u00e1ld a K\u00d6VETKEZ\u0150 OLDAL gombot!<\/strong><\/span><\/h3>\n<h3 style=\"text-align: right;\"><a href=\"https:\/\/online-filmkatarzis.com\/kucko\/napiinfok\/?p=3859\" target=\"_blank\" rel=\"noopener\"><span style=\"color: #ff0000;\">&#8212;&gt;&gt; K\u00d6VETKEZ\u0150 OLDAL<\/span><\/a><\/h3>\n<p>&#8211;<\/p>\n<p>Ha gyors\u00edt\u00e1sra ker\u00fcl a sor, \u00e9s hirtelen lenyomjuk a g\u00e1zped\u00e1lt \u2013 ak\u00e1r a hibrid, ak\u00e1r a plug-in hibrid verzi\u00f3ban \u2013, akkor a motorhang els\u0151re kiss\u00e9 nyersnek, \u00e9rdesnek t\u0171nhet. Ez a hang azonban nem tart sok\u00e1ig, mert amint el\u00e9rj\u00fck az utaz\u00f3sebess\u00e9get, a zaj csillapodik, \u00e9s sokkal nyugodtabb, kev\u00e9sb\u00e9 zavar\u00f3 hang\u00e9lm\u00e9ny lesz az aut\u00f3ban.<\/p>\n<p>A vezet\u00e9si \u00e9lm\u00e9ny tekintet\u00e9ben nem mondan\u00e1nk, hogy a Niro kifejezetten sz\u00f3rakoztat\u00f3 vagy izgalmas aut\u00f3 lenne. Ink\u00e1bb egy kis m\u00e9ret\u0171 SUV-r\u00f3l van sz\u00f3, amelynek tervez\u00e9sekor a k\u00e9nyelem \u00e9s a praktikum sokkal fontosabb szempont volt, mint az, hogy \u00e9lm\u00e9nyaut\u00f3t kapjunk. Ennek ellen\u00e9re k\u00f6nnyen meg lehet szokni a vezet\u00e9s\u00e9t, \u00e9s hamar kialakul egyfajta magabiztoss\u00e1g a vol\u00e1n m\u00f6g\u00f6tt. \u00c9rdekes m\u00f3don a Niro eg\u00e9sz j\u00f3l \u201eel tudja hitetni\u201d vel\u00fcnk, hogy val\u00f3j\u00e1ban egy kisebb aut\u00f3t vezet\u00fcnk \u2013 k\u00f6nnyen man\u0151verezhet\u0151, j\u00f3 a kil\u00e1t\u00e1s bel\u0151le, \u00e9s emiatt sz\u0171kebb helyeken is j\u00f3l boldogulunk vele.<\/p>\n<p>A Niro Hybrid v\u00e1ltozata egy 1,6 literes, n\u00e9gyhengeres benzinmotorral m\u0171k\u00f6dik, amelyhez egy 1,32 kilowatt\u00f3r\u00e1s akkumul\u00e1tor \u00e9s egy elektromos motor csatlakozik. Ezek egy\u00fcttesen \u00f6sszesen 127 l\u00f3er\u0151s teljes\u00edtm\u00e9nyt (azaz bhp-t) \u00e9s 265 Nm nyomat\u00e9kot biztos\u00edtanak. A meghajt\u00e1s kiz\u00e1r\u00f3lag az els\u0151 kerekekre ker\u00fcl \u2013 ez minden Niro modellre igaz \u2013, \u00e9s ennek eredm\u00e9nyek\u00e9nt a hibrid modell k\u00f6r\u00fclbel\u00fcl 11,3 m\u00e1sodperc alatt gyorsul fel 0-r\u00f3l 100 km\/h-ra (azaz 62 m\u00e9rf\u00f6ld per \u00f3r\u00e1ra). A v\u00e9gsebess\u00e9ge pedig 99 m\u00e9rf\u00f6ld per \u00f3ra, ami nagyj\u00e1b\u00f3l 159 kilom\u00e9ter per \u00f3r\u00e1nak felel meg. Ez alapj\u00e1n elmondhat\u00f3, hogy a Niro Hybrid nem egy sportaut\u00f3, viszont a h\u00e9tk\u00f6znapi haszn\u00e1latra t\u00f6bb mint elegend\u0151 teljes\u00edtm\u00e9nyt k\u00edn\u00e1l, k\u00fcl\u00f6n\u00f6sen v\u00e1rosban vagy r\u00f6videbb utak sor\u00e1n.<\/p>\n<p>A Kia Niro alapv\u00e1ltozata, teh\u00e1t a sima hibrid hajt\u00e1sl\u00e1nccal felszerelt modell, valamivel kevesebb er\u0151t tud kifejteni alacsony fordulatsz\u00e1mon, mint a plug-in hibrid vagy a teljesen elektromos v\u00e1ltozatok. Ez azt jelenti, hogy amikor gyors el\u0151z\u00e9st szeretn\u00e9nk v\u00e9grehajtani, p\u00e9ld\u00e1ul orsz\u00e1g\u00faton vagy aut\u00f3p\u00e1ly\u00e1n, vagy ha \u00e9pp be kell sorolnunk az aut\u00f3p\u00e1lya forgalm\u00e1ba, akkor nem olyan gyors \u00e9s nem olyan dinamikus, mint a m\u00e1sik k\u00e9t v\u00e1ltozat. Emiatt ez az alap hibrid verzi\u00f3 sokkal ink\u00e1bb olyan helyzetekre val\u00f3, amikor nem kell sietni, hanem k\u00e9nyelmes temp\u00f3ban haladunk, p\u00e9ld\u00e1ul v\u00e1rosban k\u00f6zleked\u00fcnk, kis sebess\u00e9ggel, laza st\u00edlusban, ink\u00e1bb csak kom\u00f3tosan haladunk egyik helyr\u0151l a m\u00e1sikra, mintsem hogy sietn\u00e9nk valahova.<\/p>\n<p>A plug-in hibrid, vagyis a konnektorr\u00f3l t\u00f6lthet\u0151 hibrid v\u00e1ltozat ugyanazt a benzines motort haszn\u00e1lja, mint az alap hibrid, viszont ehhez kapcsol\u00f3dik m\u00e9g egy 11,1 kilowatt\u00f3r\u00e1s akkumul\u00e1tor is, ami jelent\u0151sen megn\u00f6veli az aut\u00f3 elektromos teljes\u00edtm\u00e9ny\u00e9t. Ennek az \u00f6sszteljes\u00edtm\u00e9nye \u00edgy 168 l\u00f3er\u0151, a forgat\u00f3nyomat\u00e9ka pedig 265 newtonm\u00e9ter, ami azt jelenti, hogy \u00e1ll\u00f3 helyzetb\u0151l 100 kilom\u00e9ter\/\u00f3r\u00e1s sebess\u00e9gre 9,6 m\u00e1sodperc alatt gyorsul fel. A v\u00e9gsebess\u00e9ge pedig el\u00e9ri a 104 m\u00e9rf\u00f6ld\/\u00f3r\u00e1t, ami k\u00f6r\u00fclbel\u00fcl 167 kilom\u00e9ter\/\u00f3r\u00e1nak felel meg. Ez m\u00e1r eg\u00e9sz dinamikus teljes\u00edtm\u00e9nyt biztos\u00edt, b\u00e1r m\u00e9g \u00edgy sem ez a leggyorsabb v\u00e1ltozat.<\/p>\n","protected":false},"excerpt":{"rendered":"<p>Magyar P\u00e9ter (Budapest, 1981. m\u00e1rcius 16. \u2013) magyar jog\u00e1sz, diplomata, politikus. 2024. m\u00e1rcius 15-\u00e9n bejelentette p\u00e1rtalap\u00edt\u00e1si sz\u00e1nd\u00e9k\u00e1t, \u00e9s egy alternat\u00edv\u00e1t&#8230; <span class=\"gridview-grid-post-read-more\"><a href=\"https:\/\/online-filmkatarzis.com\/kucko\/hirek\/drama-magyar-peterrel\/\">read more<span class=\"gridview-sr-only\"> Dr\u00e1ma Magyar P\u00e9terrel!<\/span><\/a><\/span><\/p>\n","protected":false},"author":1,"featured_media":3851,"comment_status":"open","ping_status":"open","sticky":false,"template":"","format":"standard","meta":{"footnotes":""},"categories":[1],"tags":[],"class_list":["post-3850","post","type-post","status-publish","format-standard","has-post-thumbnail","hentry","category-egyeb","wpcat-1-id"],"_links":{"self":[{"href":"https:\/\/online-filmkatarzis.com\/kucko\/hirek\/wp-json\/wp\/v2\/posts\/3850","targetHints":{"allow":["GET"]}}],"collection":[{"href":"https:\/\/online-filmkatarzis.com\/kucko\/hirek\/wp-json\/wp\/v2\/posts"}],"about":[{"href":"https:\/\/online-filmkatarzis.com\/kucko\/hirek\/wp-json\/wp\/v2\/types\/post"}],"author":[{"embeddable":true,"href":"https:\/\/online-filmkatarzis.com\/kucko\/hirek\/wp-json\/wp\/v2\/users\/1"}],"replies":[{"embeddable":true,"href":"https:\/\/online-filmkatarzis.com\/kucko\/hirek\/wp-json\/wp\/v2\/comments?post=3850"}],"version-history":[{"count":2,"href":"https:\/\/online-filmkatarzis.com\/kucko\/hirek\/wp-json\/wp\/v2\/posts\/3850\/revisions"}],"predecessor-version":[{"id":3853,"href":"https:\/\/online-filmkatarzis.com\/kucko\/hirek\/wp-json\/wp\/v2\/posts\/3850\/revisions\/3853"}],"wp:featuredmedia":[{"embeddable":true,"href":"https:\/\/online-filmkatarzis.com\/kucko\/hirek\/wp-json\/wp\/v2\/media\/3851"}],"wp:attachment":[{"href":"https:\/\/online-filmkatarzis.com\/kucko\/hirek\/wp-json\/wp\/v2\/media?parent=3850"}],"wp:term":[{"taxonomy":"category","embeddable":true,"href":"https:\/\/online-filmkatarzis.com\/kucko\/hirek\/wp-json\/wp\/v2\/categories?post=3850"},{"taxonomy":"post_tag","embeddable":true,"href":"https:\/\/online-filmkatarzis.com\/kucko\/hirek\/wp-json\/wp\/v2\/tags?post=3850"}],"curies":[{"name":"wp","href":"https:\/\/api.w.org\/{rel}","templated":true}]}}