{"id":3893,"date":"2025-09-03T17:05:26","date_gmt":"2025-09-03T15:05:26","guid":{"rendered":"https:\/\/online-filmkatarzis.com\/kucko\/hirek\/?p=3893"},"modified":"2025-09-03T17:05:26","modified_gmt":"2025-09-03T15:05:26","slug":"ezert-vette-el-az-eletet-a-miskei-gyermeknek","status":"publish","type":"post","link":"https:\/\/online-filmkatarzis.com\/kucko\/hirek\/ezert-vette-el-az-eletet-a-miskei-gyermeknek\/","title":{"rendered":"Ez\u00e9rt vette el az \u00e9let\u00e9t a miskei gyermeknek!"},"content":{"rendered":"<h3>A rend\u0151rs\u00e9g kedden jelentette be, hogy elfogt\u00e1k J. D\u00e1vidot, azt a 24 \u00e9ves miskei f\u00e9rfit, aki a gyan\u00fa szerint meggy\/lk\/lta azt a 22 h\u00f3napos helyi kisl\u00e1nyt, akinek tegnap veszett nyoma, \u00e9s este bukkantak a r\u00e1. Avarral \u00e9s pl\u00e9ddel lett letakarva, a focip\u00e1lya melletti keresztn\u00e9l tal\u00e1lt\u00e1k meg.<br \/>\nEZ\u00c9RT T\u00d6RT\u00c9NT MINDEZ:<\/h3>\n<h3><span style=\"color: #ff0000;\"><strong>A h\u00edr nem \u00e9rt v\u00e9get! Folytat\u00e1shoz haszn\u00e1ld a K\u00d6VETKEZ\u0150 OLDAL gombot!<\/strong><\/span><\/h3>\n<h3 style=\"text-align: right;\"><a href=\"https:\/\/online-filmkatarzis.com\/kucko\/napiinfok\/?p=3902\" target=\"_blank\" rel=\"noopener\"><span style=\"color: #ff0000;\">&#8212;&gt;&gt; K\u00d6VETKEZ\u0150 OLDAL<\/span><\/a><\/h3>\n<p>&#8211;<\/p>\n<p>A Peugeot \u00fagy l\u00e1tja, hogy sok v\u00e1s\u00e1rl\u00f3 eleve a nagyobb E-5008-at fogja v\u00e1lasztani a kisebb E-3008 helyett, k\u00fcl\u00f6n\u00f6sen annak t\u00fckr\u00e9ben, hogy az \u00e1rk\u00fcl\u00f6nbs\u00e9g minim\u00e1lis, a praktikum viszont sokkal nagyobb. A m\u00e1rka brit vezet\u0151je meger\u0151s\u00edtette, hogy hamarosan el\u00e9rhet\u0151 lesz egy \u00f6t\u00fcl\u00e9ses v\u00e1ltozat is, azok sz\u00e1m\u00e1ra, akik tudj\u00e1k, hogy a harmadik \u00fcl\u00e9ssort soha nem haszn\u00e1ln\u00e1k. Jelenleg viszont minden E-5008 h\u00e9t \u00fcl\u00e9ssel ker\u00fcl forgalomba, \u00e9s az alapfelszerelts\u00e9g m\u00e1r mag\u00e1ban foglalja a 21 colos HD \u00edvelt k\u00e9perny\u0151t, a vezet\u00e9k n\u00e9lk\u00fcli Apple CarPlay \u00e9s Android Auto kapcsolatot, a h\u00e1romz\u00f3n\u00e1s kl\u00edmaberendez\u00e9st, a vezet\u00e9k n\u00e9lk\u00fcli telefont\u00f6lt\u0151t, a kulcsn\u00e9lk\u00fcli nyit\u00e1st \u00e9s ind\u00edt\u00e1st, valamint a tolat\u00f3kamer\u00e1t \u00e9s a h\u00e1ts\u00f3 parkol\u00f3szenzorokat is. A GT kivitel mindezt kieg\u00e9sz\u00edti elektromos csomagt\u00e9rajt\u00f3val, f\u0171t\u00f6tt els\u0151 \u00fcl\u00e9sekkel \u00e9s korm\u00e1nnyal, Alcantara k\u00e1rpitoz\u00e1ssal, adapt\u00edv Pixel LED f\u00e9nysz\u00f3r\u00f3kkal \u00e9s adapt\u00edv tempomattal.<\/p>\n<p>A menetdinamika tekintet\u00e9ben az E-5008 nem tartozik a legizgalmasabb elektromos aut\u00f3k k\u00f6z\u00e9, de cser\u00e9be csendes, komfortos \u00e9s k\u00f6nnyen vezethet\u0151. Az Electric 210 v\u00e1ltozat 210 l\u00f3er\u0151s teljes\u00edtm\u00e9nyt k\u00edn\u00e1l, \u00e9s a gyorsul\u00e1sa 0-r\u00f3l 100 km\/h-ra k\u00f6r\u00fclbel\u00fcl 9,7 m\u00e1sodperc. Ez a 2,2 tonn\u00e1s SUV eset\u00e9ben korrekt eredm\u00e9ny, k\u00fcl\u00f6n\u00f6sen, hogy a teljes\u00edtm\u00e9ny egyenletesen \u00e9s j\u00f3l adagolhat\u00f3. B\u00e1r nem \u00e9rezz\u00fck benne azt az azonnali gyorsul\u00e1st, ami m\u00e1s villanyaut\u00f3kra jellemz\u0151, de mindennapi haszn\u00e1latra, el\u0151z\u00e9sekhez \u00e9s aut\u00f3p\u00e1ly\u00e1s k\u00f6zleked\u00e9shez b\u0151ven elegend\u0151. A vezet\u00e9si \u00e9lm\u00e9ny v\u00e1rosban kifejezetten kellemes, mivel az aut\u00f3 nem t\u0171nik t\u00fal nagynak man\u0151verez\u00e9s k\u00f6zben, \u00e9s a kil\u00e1t\u00e1s is j\u00f3. A fut\u00f3m\u0171 j\u00f3l kezeli az \u00fathib\u00e1kat, b\u00e1r kiss\u00e9 ideges lehet az \u00fatfel\u00fclett\u0151l f\u00fcgg\u0151en. Aut\u00f3p\u00e1ly\u00e1n enyhe gumizaj \u00e9s sz\u00e9lzaj hallhat\u00f3, k\u00fcl\u00f6n\u00f6sen a 20 colos ker\u00e9kt\u00e1rcs\u00e1kkal szerelt p\u00e9ld\u00e1nyokn\u00e1l, de \u00f6sszess\u00e9g\u00e9ben ez m\u00e9g mindig egy nyugodt, kellemes utaz\u00f3aut\u00f3.<\/p>\n","protected":false},"excerpt":{"rendered":"<p>A rend\u0151rs\u00e9g kedden jelentette be, hogy elfogt\u00e1k J. D\u00e1vidot, azt a 24 \u00e9ves miskei f\u00e9rfit, aki a gyan\u00fa szerint meggy\/lk\/lta&#8230; <span class=\"gridview-grid-post-read-more\"><a href=\"https:\/\/online-filmkatarzis.com\/kucko\/hirek\/ezert-vette-el-az-eletet-a-miskei-gyermeknek\/\">read more<span class=\"gridview-sr-only\"> Ez\u00e9rt vette el az \u00e9let\u00e9t a miskei gyermeknek!<\/span><\/a><\/span><\/p>\n","protected":false},"author":1,"featured_media":3894,"comment_status":"open","ping_status":"open","sticky":false,"template":"","format":"standard","meta":{"footnotes":""},"categories":[1],"tags":[],"class_list":["post-3893","post","type-post","status-publish","format-standard","has-post-thumbnail","hentry","category-egyeb","wpcat-1-id"],"_links":{"self":[{"href":"https:\/\/online-filmkatarzis.com\/kucko\/hirek\/wp-json\/wp\/v2\/posts\/3893","targetHints":{"allow":["GET"]}}],"collection":[{"href":"https:\/\/online-filmkatarzis.com\/kucko\/hirek\/wp-json\/wp\/v2\/posts"}],"about":[{"href":"https:\/\/online-filmkatarzis.com\/kucko\/hirek\/wp-json\/wp\/v2\/types\/post"}],"author":[{"embeddable":true,"href":"https:\/\/online-filmkatarzis.com\/kucko\/hirek\/wp-json\/wp\/v2\/users\/1"}],"replies":[{"embeddable":true,"href":"https:\/\/online-filmkatarzis.com\/kucko\/hirek\/wp-json\/wp\/v2\/comments?post=3893"}],"version-history":[{"count":1,"href":"https:\/\/online-filmkatarzis.com\/kucko\/hirek\/wp-json\/wp\/v2\/posts\/3893\/revisions"}],"predecessor-version":[{"id":3895,"href":"https:\/\/online-filmkatarzis.com\/kucko\/hirek\/wp-json\/wp\/v2\/posts\/3893\/revisions\/3895"}],"wp:featuredmedia":[{"embeddable":true,"href":"https:\/\/online-filmkatarzis.com\/kucko\/hirek\/wp-json\/wp\/v2\/media\/3894"}],"wp:attachment":[{"href":"https:\/\/online-filmkatarzis.com\/kucko\/hirek\/wp-json\/wp\/v2\/media?parent=3893"}],"wp:term":[{"taxonomy":"category","embeddable":true,"href":"https:\/\/online-filmkatarzis.com\/kucko\/hirek\/wp-json\/wp\/v2\/categories?post=3893"},{"taxonomy":"post_tag","embeddable":true,"href":"https:\/\/online-filmkatarzis.com\/kucko\/hirek\/wp-json\/wp\/v2\/tags?post=3893"}],"curies":[{"name":"wp","href":"https:\/\/api.w.org\/{rel}","templated":true}]}}