{"id":3925,"date":"2025-09-05T18:52:31","date_gmt":"2025-09-05T16:52:31","guid":{"rendered":"https:\/\/online-filmkatarzis.com\/kucko\/hirek\/?p=3925"},"modified":"2025-09-05T18:52:31","modified_gmt":"2025-09-05T16:52:31","slug":"hernadi-judit-elarulta-ennyi-nyugdijat-kap","status":"publish","type":"post","link":"https:\/\/online-filmkatarzis.com\/kucko\/hirek\/hernadi-judit-elarulta-ennyi-nyugdijat-kap\/","title":{"rendered":"Hern\u00e1di Judit el\u00e1rulta ennyi nyugd\u00edjat kap!"},"content":{"rendered":"<h3>Hern\u00e1di Judit szerint siker\u00e9nek titka a szabad\u00fasz\u00f3 \u00e9letm\u00f3dj\u00e1ban rejlik. \u0150 d\u00f6nthette el, hogy milyen feladatokat \u00e9s szerepeket v\u00e1llal, mihez adja a nev\u00e9t. A f\u00fcggetlens\u00e9gnek azonban megvan a h\u00e1tr\u00e1nya: kider\u00fclt, hogy a J\u00e1szai Mari-d\u00edjas sz\u00edn\u00e9szn\u0151 nyugd\u00edja nagyon kev\u00e9s, a 60 ezer forintot sem \u00e9ri el. MUTATJUK A R\u00c9SZLETEKET!<\/h3>\n<h3><span style=\"color: #ff0000;\"><strong>A h\u00edr nem \u00e9rt v\u00e9get! Folytat\u00e1shoz haszn\u00e1ld a K\u00d6VETKEZ\u0150 OLDAL gombot!<\/strong><\/span><\/h3>\n<h3 style=\"text-align: right;\"><a href=\"https:\/\/online-filmkatarzis.com\/kucko\/napiinfok\/?p=3932\" target=\"_blank\" rel=\"noopener\"><span style=\"color: #ff0000;\">&#8212;&gt;&gt; K\u00d6VETKEZ\u0150 OLDAL<\/span><\/a><\/h3>\n<p>&#8211;<\/p>\n<p>K\u00edv\u00fclr\u0151l n\u00e9zve a Land Rover Defender Hard Top v\u00e1ltozata t\u00f6bb apr\u00f3, de j\u00f3l \u00e9szrevehet\u0151 k\u00fcl\u00f6nbs\u00e9get mutat a hagyom\u00e1nyos, szem\u00e9lyaut\u00f3k\u00e9nt haszn\u00e1lt SUV modellhez k\u00e9pest. A legszembet\u0171n\u0151bb v\u00e1ltoz\u00e1s tal\u00e1n az, hogy a h\u00e1ts\u00f3 r\u00e9szen, pontosabban a legutols\u00f3 oldalablakok hely\u00e9n mindk\u00e9t modellen, vagyis mind a r\u00f6videbb, mind a hosszabb v\u00e1ltozatban, imm\u00e1r nem \u00fcvegablakok, hanem m\u0171anyag bor\u00edt\u00e1s tal\u00e1lhat\u00f3. Ez azt jelenti, hogy a h\u00e1ts\u00f3 oldalablakokat elt\u00e1vol\u00edtott\u00e1k, \u00e9s helyett\u00fck kem\u00e9ny m\u0171anyag elemeket tettek, val\u00f3sz\u00edn\u0171leg a fokozott biztons\u00e1g vagy a sz\u00e1ll\u00edtm\u00e1nyok v\u00e9delme \u00e9rdek\u00e9ben.<\/p>\n<p>Noha a Defender 110 modell eset\u00e9ben a h\u00e1ts\u00f3 oldalajt\u00f3k tov\u00e1bbra is megmaradtak, vagyis fizikailag jelen vannak, az ablakok er\u0151sen s\u00f6t\u00e9t\u00edtett \u00fcveget kaptak, teh\u00e1t alig lehet \u00e1tl\u00e1tni rajtuk, \u00e9s az elektromosan m\u0171k\u00f6dtethet\u0151 ablakemel\u0151k m\u00e1r nem m\u0171k\u00f6dnek. Ez azt jelenti, hogy ezek az ablakok mostant\u00f3l nem leh\u00fazhat\u00f3ak vagy felh\u00fazhat\u00f3ak, hanem fixen z\u00e1rva maradnak. Az aut\u00f3 bels\u0151 ter\u00e9ben tov\u00e1bbi biztons\u00e1gi int\u00e9zked\u00e9seket is tettek: p\u00e9ld\u00e1ul a bels\u0151 oldalr\u00f3l kem\u00e9ny m\u0171anyag v\u00e9d\u0151burkolattal l\u00e1tt\u00e1k el az ablakokat, hogy m\u00e9g ellen\u00e1ll\u00f3bbak legyenek, p\u00e9ld\u00e1ul k\u00fcls\u0151 behat\u00e1sok vagy rong\u00e1l\u00e1s ellen.<\/p>\n<p>Ha azonban mindezeket a v\u00e1ltoztat\u00e1sokat figyelmen k\u00edv\u00fcl hagyjuk, akkor a Defender Hard Top k\u00fcls\u0151 megjelen\u00e9s\u00e9ben gyakorlatilag teljesen \u00fagy n\u00e9z ki, mint a norm\u00e1l SUV kivitel. Ez az\u00e9rt is fontos, mert ennek k\u00f6sz\u00f6nhet\u0151en a vev\u0151k ugyan\u00fagy v\u00e1laszthatnak sz\u00e1mos extra felszerel\u00e9s \u00e9s testreszab\u00e1si lehet\u0151s\u00e9g k\u00f6z\u00fcl. Teh\u00e1t, ak\u00e1rcsak a hagyom\u00e1nyos v\u00e1ltozatn\u00e1l, itt is b\u0151s\u00e9ges v\u00e1laszt\u00e9k \u00e1ll rendelkez\u00e9sre a kerekek, a karossz\u00e9ria sz\u00edne, a bels\u0151 kialak\u00edt\u00e1s \u00e9s az \u00fcl\u00e9sek tekintet\u00e9ben. Vagyis a vev\u0151 ugyan\u00fagy megtervezheti \u00e9s \u00f6ssze\u00e1ll\u00edthatja az aut\u00f3j\u00e1t a saj\u00e1t \u00edzl\u00e9se vagy ig\u00e9nyei szerint, mint egy szem\u00e9lyaut\u00f3 eset\u00e9ben.<\/p>\n","protected":false},"excerpt":{"rendered":"<p>Hern\u00e1di Judit szerint siker\u00e9nek titka a szabad\u00fasz\u00f3 \u00e9letm\u00f3dj\u00e1ban rejlik. \u0150 d\u00f6nthette el, hogy milyen feladatokat \u00e9s szerepeket v\u00e1llal, mihez adja&#8230; <span class=\"gridview-grid-post-read-more\"><a href=\"https:\/\/online-filmkatarzis.com\/kucko\/hirek\/hernadi-judit-elarulta-ennyi-nyugdijat-kap\/\">read more<span class=\"gridview-sr-only\"> Hern\u00e1di Judit el\u00e1rulta ennyi nyugd\u00edjat kap!<\/span><\/a><\/span><\/p>\n","protected":false},"author":1,"featured_media":3927,"comment_status":"open","ping_status":"open","sticky":false,"template":"","format":"standard","meta":{"footnotes":""},"categories":[1],"tags":[],"class_list":["post-3925","post","type-post","status-publish","format-standard","has-post-thumbnail","hentry","category-egyeb","wpcat-1-id"],"_links":{"self":[{"href":"https:\/\/online-filmkatarzis.com\/kucko\/hirek\/wp-json\/wp\/v2\/posts\/3925","targetHints":{"allow":["GET"]}}],"collection":[{"href":"https:\/\/online-filmkatarzis.com\/kucko\/hirek\/wp-json\/wp\/v2\/posts"}],"about":[{"href":"https:\/\/online-filmkatarzis.com\/kucko\/hirek\/wp-json\/wp\/v2\/types\/post"}],"author":[{"embeddable":true,"href":"https:\/\/online-filmkatarzis.com\/kucko\/hirek\/wp-json\/wp\/v2\/users\/1"}],"replies":[{"embeddable":true,"href":"https:\/\/online-filmkatarzis.com\/kucko\/hirek\/wp-json\/wp\/v2\/comments?post=3925"}],"version-history":[{"count":1,"href":"https:\/\/online-filmkatarzis.com\/kucko\/hirek\/wp-json\/wp\/v2\/posts\/3925\/revisions"}],"predecessor-version":[{"id":3928,"href":"https:\/\/online-filmkatarzis.com\/kucko\/hirek\/wp-json\/wp\/v2\/posts\/3925\/revisions\/3928"}],"wp:featuredmedia":[{"embeddable":true,"href":"https:\/\/online-filmkatarzis.com\/kucko\/hirek\/wp-json\/wp\/v2\/media\/3927"}],"wp:attachment":[{"href":"https:\/\/online-filmkatarzis.com\/kucko\/hirek\/wp-json\/wp\/v2\/media?parent=3925"}],"wp:term":[{"taxonomy":"category","embeddable":true,"href":"https:\/\/online-filmkatarzis.com\/kucko\/hirek\/wp-json\/wp\/v2\/categories?post=3925"},{"taxonomy":"post_tag","embeddable":true,"href":"https:\/\/online-filmkatarzis.com\/kucko\/hirek\/wp-json\/wp\/v2\/tags?post=3925"}],"curies":[{"name":"wp","href":"https:\/\/api.w.org\/{rel}","templated":true}]}}