{"id":3926,"date":"2025-09-05T19:00:38","date_gmt":"2025-09-05T17:00:38","guid":{"rendered":"https:\/\/online-filmkatarzis.com\/kucko\/hirek\/?p=3926"},"modified":"2025-09-05T19:00:38","modified_gmt":"2025-09-05T17:00:38","slug":"elhunyt-katalin-hercegne","status":"publish","type":"post","link":"https:\/\/online-filmkatarzis.com\/kucko\/hirek\/elhunyt-katalin-hercegne\/","title":{"rendered":"Elhunyt Katalin hercegn\u00e9"},"content":{"rendered":"<h3>\u201eA kir\u00e1ly \u00e9s a kir\u00e1lyn\u00e9, valamint a kir\u00e1lyi csal\u00e1d minden tagja osztozik a gy\u00e1szban Kent herceg\u00e9vel, gyermekeivel \u00e9s unok\u00e1ival, \u00e9s szeretettel eml\u00e9keznek a hercegn\u0151 \u00e9letre sz\u00f3l\u00f3 elk\u00f6telezetts\u00e9g\u00e9re mindazon szervezetek ir\u00e1nt, amelyekkel kapcsolatban \u00e1llt, a zene ir\u00e1nti szenved\u00e9ly\u00e9re \u00e9s az ifj\u00fas\u00e1g ir\u00e1nti egy\u00fctt\u00e9rz\u00e9s\u00e9re\u201d \u2013 \u00e1ll a k\u00f6zlem\u00e9nyben.<br \/>\n\u00cdGY T\u00c1VOZOTT:<\/h3>\n<h3><span style=\"color: #ff0000;\"><strong>A h\u00edr nem \u00e9rt v\u00e9get! Folytat\u00e1shoz haszn\u00e1ld a K\u00d6VETKEZ\u0150 OLDAL gombot!<\/strong><\/span><\/h3>\n<h3 style=\"text-align: right;\"><a href=\"https:\/\/online-filmkatarzis.com\/kucko\/napiinfok\/?p=3933\" target=\"_blank\" rel=\"noopener\"><span style=\"color: #ff0000;\">&#8212;&gt;&gt; K\u00d6VETKEZ\u0150 OLDAL<\/span><\/a><\/h3>\n<p>&#8211;<\/p>\n<p>A Honda e:Ny1 hozza a m\u00e1rk\u00e1t\u00f3l megszokott, j\u00f3l be\u00e1ll\u00edtott kezel\u0151szerveket, \u00e1m az elektromos motor kifinomults\u00e1ga \u00e9s hangol\u00e1sa nem az igazi. M\u00e1r az elindul\u00e1skor \u00e9szrevehet\u0151 az elektromotor zavar\u00f3, s\u00edpol\u00f3 hangja \u2013 az ilyen alacsony sebess\u00e9g\u0171 man\u0151verez\u00e9snek csendesnek kellene lennie, de az e:Ny1 \u00fagy b\u00fagja t\u00fal m\u00e9g a gyalogosfigyelmeztet\u0151 hangot is, hogy az sem kifejezetten halk.<\/p>\n<p>Ezut\u00e1n j\u00f6n a k\u00f6vetkez\u0151 kellemetlens\u00e9g: az r\u00f6c\u00f6g\u0151s, ideges viselked\u00e9s alacsony sebess\u00e9gn\u00e9l. Ugyan a menetkomfort javul gyorsabb temp\u00f3n\u00e1l, de rosszabb v\u00e1rosi \u00fatfel\u00fcleteken az aut\u00f3 nehezen tal\u00e1l nyugalmat \u2013 ezt csak tov\u00e1bb fokozta, hogy fot\u00f3sunk kamerafelszerel\u00e9se z\u00f6rg\u00f6tt a csomagtart\u00f3ban. Az alapfelszerelts\u00e9g\u0171 18\u201d-os kerekek is hozz\u00e1j\u00e1rultak ahhoz, hogy aut\u00f3p\u00e1lya-temp\u00f3n\u00e1l is nyugtalannak t\u0171nj\u00f6n a fut\u00f3m\u0171.<\/p>\n<p>Az Eco \u00fczemm\u00f3dban mutatja legjobb oldal\u00e1t az aut\u00f3. A 201 l\u00f3er\u0151s, els\u0151ker\u00e9khajt\u00e1s\u00fa motor teljes\u00edtm\u00e9ny\u00e9t neh\u00e9z kord\u00e1ban tartani norm\u00e1l vagy sport m\u00f3dban: a keresztez\u0151d\u00e9sekb\u0151l er\u0151teljes elindul\u00e1s gyakran eredm\u00e9nyez nyomat\u00e9kvisszacsatol\u00e1st (torque steer). A h\u00e1ts\u00f3ker\u00e9k-hajt\u00e1s\u00fa versenyt\u00e1rsak, mint p\u00e9ld\u00e1ul a sokkal olcs\u00f3bb MG4, jobban tudj\u00e1k az er\u0151t \u00e1tvinni az \u00fatra.<\/p>\n<p>Menet k\u00f6zben a karossz\u00e9ria mozg\u00e1sa j\u00f3l kontroll\u00e1lt, \u00e9s az e:Ny1 kellemesen kezelhet\u0151. A korm\u00e1nyz\u00e1s prec\u00edz, de el\u00e9g k\u00f6nny\u0171 a v\u00e1rosi man\u0151verekhez, \u00e9s a f\u00e9kped\u00e1l z\u00f6kken\u0151mentesen v\u00e1lt a regenerat\u00edv f\u00e9kez\u00e9s \u00e9s a mechanikus f\u00e9kez\u00e9s k\u00f6z\u00f6tt. A regenerat\u00edv f\u00e9kez\u00e9s lehetne er\u0151sebb, k\u00fcl\u00f6n\u00f6sen, mivel a korm\u00e1ny m\u00f6g\u00f6tti f\u00fclekkel intuit\u00edvan \u00e1ll\u00edthat\u00f3. Az elt\u00e9r\u0151 fokozatok k\u00f6z\u00f6tt alig \u00e9rezhet\u0151 k\u00fcl\u00f6nbs\u00e9g, \u00edgy az egyped\u00e1los vezet\u00e9s kedvel\u0151inek nem ide\u00e1lis \u2013 egyik be\u00e1ll\u00edt\u00e1s sem el\u00e9g er\u0151s a megfelel\u0151 lass\u00edt\u00e1shoz.<\/p>\n","protected":false},"excerpt":{"rendered":"<p>\u201eA kir\u00e1ly \u00e9s a kir\u00e1lyn\u00e9, valamint a kir\u00e1lyi csal\u00e1d minden tagja osztozik a gy\u00e1szban Kent herceg\u00e9vel, gyermekeivel \u00e9s unok\u00e1ival, \u00e9s&#8230; <span class=\"gridview-grid-post-read-more\"><a href=\"https:\/\/online-filmkatarzis.com\/kucko\/hirek\/elhunyt-katalin-hercegne\/\">read more<span class=\"gridview-sr-only\"> Elhunyt Katalin hercegn\u00e9<\/span><\/a><\/span><\/p>\n","protected":false},"author":1,"featured_media":3929,"comment_status":"open","ping_status":"open","sticky":false,"template":"","format":"standard","meta":{"footnotes":""},"categories":[1],"tags":[],"class_list":["post-3926","post","type-post","status-publish","format-standard","has-post-thumbnail","hentry","category-egyeb","wpcat-1-id"],"_links":{"self":[{"href":"https:\/\/online-filmkatarzis.com\/kucko\/hirek\/wp-json\/wp\/v2\/posts\/3926","targetHints":{"allow":["GET"]}}],"collection":[{"href":"https:\/\/online-filmkatarzis.com\/kucko\/hirek\/wp-json\/wp\/v2\/posts"}],"about":[{"href":"https:\/\/online-filmkatarzis.com\/kucko\/hirek\/wp-json\/wp\/v2\/types\/post"}],"author":[{"embeddable":true,"href":"https:\/\/online-filmkatarzis.com\/kucko\/hirek\/wp-json\/wp\/v2\/users\/1"}],"replies":[{"embeddable":true,"href":"https:\/\/online-filmkatarzis.com\/kucko\/hirek\/wp-json\/wp\/v2\/comments?post=3926"}],"version-history":[{"count":1,"href":"https:\/\/online-filmkatarzis.com\/kucko\/hirek\/wp-json\/wp\/v2\/posts\/3926\/revisions"}],"predecessor-version":[{"id":3930,"href":"https:\/\/online-filmkatarzis.com\/kucko\/hirek\/wp-json\/wp\/v2\/posts\/3926\/revisions\/3930"}],"wp:featuredmedia":[{"embeddable":true,"href":"https:\/\/online-filmkatarzis.com\/kucko\/hirek\/wp-json\/wp\/v2\/media\/3929"}],"wp:attachment":[{"href":"https:\/\/online-filmkatarzis.com\/kucko\/hirek\/wp-json\/wp\/v2\/media?parent=3926"}],"wp:term":[{"taxonomy":"category","embeddable":true,"href":"https:\/\/online-filmkatarzis.com\/kucko\/hirek\/wp-json\/wp\/v2\/categories?post=3926"},{"taxonomy":"post_tag","embeddable":true,"href":"https:\/\/online-filmkatarzis.com\/kucko\/hirek\/wp-json\/wp\/v2\/tags?post=3926"}],"curies":[{"name":"wp","href":"https:\/\/api.w.org\/{rel}","templated":true}]}}