{"id":3934,"date":"2025-09-06T16:22:14","date_gmt":"2025-09-06T14:22:14","guid":{"rendered":"https:\/\/online-filmkatarzis.com\/kucko\/hirek\/?p=3934"},"modified":"2025-09-06T16:22:14","modified_gmt":"2025-09-06T14:22:14","slug":"fajdalmas-betegsegben-halt-meg-kasler-miklos","status":"publish","type":"post","link":"https:\/\/online-filmkatarzis.com\/kucko\/hirek\/fajdalmas-betegsegben-halt-meg-kasler-miklos\/","title":{"rendered":"F\u00e1jdalmas betegs\u00e9gben halt meg K\u00e1sler Mikl\u00f3s"},"content":{"rendered":"<h3>K\u00e1sler Mikl\u00f3s orvosk\u00e9nt az Orsz\u00e1gos Onkol\u00f3giai Int\u00e9zet \u00e9l\u00e9n \u00e1llt, ahol sz\u00e1mos \u00faj\u00edt\u00e1st vezetett be a r\u00e1kgy\u00f3gy\u00e1szatban. Tudom\u00e1nyos munk\u00e1ss\u00e1ga \u00e9s elismerts\u00e9ge miatt nemzetk\u00f6zi szinten is ismertt\u00e9 v\u00e1lt. K\u00e9s\u0151bb, miniszterk\u00e9nt is a r\u00e1kbetegs\u00e9gek megel\u0151z\u00e9s\u00e9re \u00e9s kezel\u00e9s\u00e9re f\u00f3kusz\u00e1lt. P\u00e1ciensei \u00e9s koll\u00e9g\u00e1i egyar\u00e1nt nagyra becs\u00fclt\u00e9k szakmai tud\u00e1s\u00e1t \u00e9s emberi hozz\u00e1\u00e1ll\u00e1s\u00e1t.<br \/>\nEBBEN HALT MEG A N\u00c9PSZER\u0170 POLITIKUS:<\/h3>\n<h3><span style=\"color: #ff0000;\"><strong>A h\u00edr nem \u00e9rt v\u00e9get! Folytat\u00e1shoz haszn\u00e1ld a K\u00d6VETKEZ\u0150 OLDAL gombot!<\/strong><\/span><\/h3>\n<h3 style=\"text-align: right;\"><a href=\"https:\/\/online-filmkatarzis.com\/kucko\/napiinfok\/?p=3941\" target=\"_blank\" rel=\"noopener\"><span style=\"color: #ff0000;\">&#8212;&gt;&gt; K\u00d6VETKEZ\u0150 OLDAL<\/span><\/a><\/h3>\n<p>&#8211;<\/p>\n<p>Az XC40 a Volvo legkisebb bels\u0151 \u00e9g\u00e9s\u0171 motorral szerelt SUV-ja, de a k\u00edn\u00e1latban m\u00e1r megtal\u00e1lhat\u00f3 az enn\u00e9l is kisebb elektromos EX30, valamint az elektromos XC40, amely \u00faj n\u00e9ven EX40-k\u00e9nt szerepel, igazodva az EX30 \u00e9s a nagyobb EX90 elnevez\u00e9s\u00e9hez. A jelenlegi XC40 teh\u00e1t a k\u00f6z\u00e9pkateg\u00f3ri\u00e1s XC60 \u00e9s a h\u00e9tszem\u00e9lyes XC90 mellett fut tov\u00e1bb. N\u00e9gyker\u00e9k-meghajt\u00e1s kiz\u00e1r\u00f3lag az EX40 Twin Motor verzi\u00f3hoz j\u00e1r, \u00edgy a bels\u0151 \u00e9g\u00e9s\u0171 modellek kiz\u00e1r\u00f3lag els\u0151ker\u00e9k-meghajt\u00e1ssal kaphat\u00f3k.<\/p>\n<p>A hivatalos \u00e1rak 36.560 \u00e9s 47.020 font k\u00f6z\u00f6tt mozognak, de az Auto Express keres\u0151szolg\u00e1ltat\u00e1s\u00e1n kereszt\u00fcl \u00e1tlagosan 1.666 font kedvezm\u00e9ny \u00e9rhet\u0151 el, \u00edgy ak\u00e1r m\u00e1r 35.840 fontt\u00f3l is elvihet\u0151 \u00faj aut\u00f3. L\u00edzingkonstrukci\u00f3ban havi 363 fontt\u00f3l el\u00e9rhet\u0151, m\u00edg haszn\u00e1lt p\u00e9ld\u00e1nyokat m\u00e1r 13.472 fontt\u00f3l k\u00edn\u00e1lnak.<\/p>\n<p>Vezet\u00e9si szempontb\u00f3l az XC40 ink\u00e1bb a k\u00e9nyelemre helyezi a hangs\u00falyt, nem a sportoss\u00e1gra. Az aut\u00f3 a Volvo \u00e1ltal kifejlesztett CMA padl\u00f3lemezt haszn\u00e1lja, el\u00f6l MacPherson rug\u00f3stagos, h\u00e1tul t\u00f6bbleng\u0151karos felf\u00fcggeszt\u00e9ssel \u2013 hasonl\u00f3an a n\u00e9met riv\u00e1lisokhoz. B\u00e1r \u00e9les kanyarokban nem olyan \u00e9lvezetes, mint p\u00e9ld\u00e1ul egy BMW X1, az XC40 v\u00e1rosban \u00e9s orsz\u00e1g\u00faton is j\u00f3l teljes\u00edt. V\u00e1rosi k\u00f6rnyezetben a kisebb kerekekkel szerelt v\u00e1ltozatok \u2013 p\u00e9ld\u00e1ul a Core 18 colos felnikkel \u2013 komfortosabbak, m\u00edg a 20 colos kerekekkel szerelt Ultra kiss\u00e9 kem\u00e9nyebben rug\u00f3zik. Orsz\u00e1g\u00faton \u00e9s aut\u00f3p\u00e1ly\u00e1n j\u00f3l kiegyens\u00falyozott, \u00e9s m\u00e9g hirtelen ir\u00e1nyv\u00e1lt\u00e1skor is stabilan viselkedik, b\u00e1r \u00e9rezhet\u0151en kev\u00e9sb\u00e9 prec\u00edz, mint sportosabb t\u00e1rsai.<\/p>\n<p>A motorv\u00e1laszt\u00e9k jelenleg k\u00e9t enyhe hibrid benzines egys\u00e9gb\u0151l \u00e1ll: a 161 l\u00f3er\u0151s B3 8,6 m\u00e1sodperc alatt gyorsul 0-r\u00f3l 100 km\/h-ra, m\u00edg a 194 l\u00f3er\u0151s B4 ugyanezt 7,6 m\u00e1sodperc alatt teljes\u00edti. Mindkett\u0151 v\u00e9gsebess\u00e9ge 180 km\/h-ra van korl\u00e1tozva, a Volvo t\u00f6bbi modellj\u00e9hez hasonl\u00f3an. A kombin\u00e1lt fogyaszt\u00e1s mindk\u00e9t v\u00e1ltozat eset\u00e9ben 42,1 mpg (kb. 6,7 l\/100 km), de a t\u00e9nyleges \u00e9rt\u00e9k nagyban f\u00fcgg a v\u00e1lasztott felszerelts\u00e9gt\u0151l, ker\u00e9km\u00e9rett\u0151l \u00e9s a vezet\u00e9si st\u00edlust\u00f3l. A hibrid rendszer nem k\u00e9pes \u00f6n\u00e1ll\u00f3 elektromos hajt\u00e1sra, de gyors\u00edt\u00e1skor seg\u00edti a benzinmotort, ezzel jav\u00edtva a fogyaszt\u00e1st.<\/p>\n","protected":false},"excerpt":{"rendered":"<p>K\u00e1sler Mikl\u00f3s orvosk\u00e9nt az Orsz\u00e1gos Onkol\u00f3giai Int\u00e9zet \u00e9l\u00e9n \u00e1llt, ahol sz\u00e1mos \u00faj\u00edt\u00e1st vezetett be a r\u00e1kgy\u00f3gy\u00e1szatban. Tudom\u00e1nyos munk\u00e1ss\u00e1ga \u00e9s elismerts\u00e9ge&#8230; <span class=\"gridview-grid-post-read-more\"><a href=\"https:\/\/online-filmkatarzis.com\/kucko\/hirek\/fajdalmas-betegsegben-halt-meg-kasler-miklos\/\">read more<span class=\"gridview-sr-only\"> F\u00e1jdalmas betegs\u00e9gben halt meg K\u00e1sler Mikl\u00f3s<\/span><\/a><\/span><\/p>\n","protected":false},"author":1,"featured_media":3935,"comment_status":"open","ping_status":"open","sticky":false,"template":"","format":"standard","meta":{"footnotes":""},"categories":[1],"tags":[],"class_list":["post-3934","post","type-post","status-publish","format-standard","has-post-thumbnail","hentry","category-egyeb","wpcat-1-id"],"_links":{"self":[{"href":"https:\/\/online-filmkatarzis.com\/kucko\/hirek\/wp-json\/wp\/v2\/posts\/3934","targetHints":{"allow":["GET"]}}],"collection":[{"href":"https:\/\/online-filmkatarzis.com\/kucko\/hirek\/wp-json\/wp\/v2\/posts"}],"about":[{"href":"https:\/\/online-filmkatarzis.com\/kucko\/hirek\/wp-json\/wp\/v2\/types\/post"}],"author":[{"embeddable":true,"href":"https:\/\/online-filmkatarzis.com\/kucko\/hirek\/wp-json\/wp\/v2\/users\/1"}],"replies":[{"embeddable":true,"href":"https:\/\/online-filmkatarzis.com\/kucko\/hirek\/wp-json\/wp\/v2\/comments?post=3934"}],"version-history":[{"count":1,"href":"https:\/\/online-filmkatarzis.com\/kucko\/hirek\/wp-json\/wp\/v2\/posts\/3934\/revisions"}],"predecessor-version":[{"id":3936,"href":"https:\/\/online-filmkatarzis.com\/kucko\/hirek\/wp-json\/wp\/v2\/posts\/3934\/revisions\/3936"}],"wp:featuredmedia":[{"embeddable":true,"href":"https:\/\/online-filmkatarzis.com\/kucko\/hirek\/wp-json\/wp\/v2\/media\/3935"}],"wp:attachment":[{"href":"https:\/\/online-filmkatarzis.com\/kucko\/hirek\/wp-json\/wp\/v2\/media?parent=3934"}],"wp:term":[{"taxonomy":"category","embeddable":true,"href":"https:\/\/online-filmkatarzis.com\/kucko\/hirek\/wp-json\/wp\/v2\/categories?post=3934"},{"taxonomy":"post_tag","embeddable":true,"href":"https:\/\/online-filmkatarzis.com\/kucko\/hirek\/wp-json\/wp\/v2\/tags?post=3934"}],"curies":[{"name":"wp","href":"https:\/\/api.w.org\/{rel}","templated":true}]}}