{"id":3952,"date":"2025-09-07T14:29:57","date_gmt":"2025-09-07T12:29:57","guid":{"rendered":"https:\/\/online-filmkatarzis.com\/kucko\/hirek\/?p=3952"},"modified":"2025-09-07T14:29:57","modified_gmt":"2025-09-07T12:29:57","slug":"nagy-a-baj-mar-a-koncertre-sem-ment-el-fenyo-miklos","status":"publish","type":"post","link":"https:\/\/online-filmkatarzis.com\/kucko\/hirek\/nagy-a-baj-mar-a-koncertre-sem-ment-el-fenyo-miklos\/","title":{"rendered":"Nagy a baj! M\u00e1r a koncertre sem ment el Feny\u0151 Mikl\u00f3s!"},"content":{"rendered":"<h3>Rejt\u00e9lyes hallgat\u00e1sba burkol\u00f3zott az \u00e9nekes! Feny\u0151 k\u00f6r\u00fcl tov\u00e1bbra is nagy a csend: Facebook-oldal\u00e1n m\u00e1r csak napokkal ezel\u0151tt bukkant fel p\u00e1r fot\u00f3 erej\u00e9ig, Instagramja pedig j\u00falius \u00f3ta teljesen n\u00e9m\u00e1n \u00e1ll.<br \/>\nITT VANNAK AZ OKOK! MEGSZ\u00d3LALT R\u00d3NAI EGON:<\/h3>\n<h3><span style=\"color: #ff0000;\"><strong>A h\u00edr nem \u00e9rt v\u00e9get! Folytat\u00e1shoz haszn\u00e1ld a K\u00d6VETKEZ\u0150 OLDAL gombot!<\/strong><\/span><\/h3>\n<h3 style=\"text-align: right;\"><a href=\"https:\/\/online-filmkatarzis.com\/kucko\/napiinfok\/?p=3959\" target=\"_blank\" rel=\"noopener\"><span style=\"color: #ff0000;\">&#8212;&gt;&gt; K\u00d6VETKEZ\u0150 OLDAL<\/span><\/a><\/h3>\n<p>&#8211;<\/p>\n<p>Az \u00faj C3 \u00e9s e-C3 a Stellantis \u00faj STLA Smart Car platformj\u00e1ra \u00e9p\u00fcl, ami a m\u00e1r ismert CMP architekt\u00fara leegyszer\u0171s\u00edtett, k\u00f6lts\u00e9ghat\u00e9konyabb v\u00e1ltozata. A diz\u00e1jn teljesen megv\u00e1ltozott az el\u0151z\u0151 gener\u00e1ci\u00f3hoz k\u00e9pest: csup\u00e1n n\u00e9h\u00e1ny centivel lett hosszabb \u00e9s sz\u00e9lesebb, \u00e1m t\u00edz centim\u00e9terrel magasabb is, ami a SUV-szer\u0171 megjelen\u00e9s ir\u00e1ny\u00e1ba tolja. Ez a formai elmozdul\u00e1s teszi lehet\u0151v\u00e9, hogy az \u00faj C3 Aircross nagyobb, robusztusabb \u00e9s praktikusabb legyen \u2013 ak\u00e1r h\u00e9tszem\u00e9lyes kivitelben is. Az \u00faj diz\u00e1jn egyes elemei a Citroen Oli koncepci\u00f3aut\u00f3r\u00f3l ismer\u0151sek lehetnek, k\u00fcl\u00f6n\u00f6sen az \u00faj, f\u00fcgg\u0151leges h\u0171t\u0151r\u00e1cs \u00e9s a leg\u00fajabb Citroen-log\u00f3. A magasabb fel\u00e9p\u00edt\u00e9s lehet\u0151v\u00e9 teszi a nagyobb, ak\u00e1r 18 colos kerekek haszn\u00e1lat\u00e1t is, mik\u00f6zben a gumik oldalfala tov\u00e1bbra is komfortot szolg\u00e1l\u00f3 m\u00e9ret\u0171 marad.<\/p>\n<p>Az Egyes\u00fclt Kir\u00e1lys\u00e1gban h\u00e1rom felszerelts\u00e9gi szint lesz el\u00e9rhet\u0151. A bel\u00e9p\u0151szint\u0171 You! v\u00e1ltozatokban megtal\u00e1lhat\u00f3 a tempomat, l\u00e9gkondicion\u00e1l\u00f3, h\u00e1ts\u00f3 parkol\u00f3radar \u00e9s LED f\u00e9nysz\u00f3r\u00f3k, viszont k\u00f6zponti kijelz\u0151 helyett egy okostelefon-tart\u00f3val szerelik, teh\u00e1t a navig\u00e1ci\u00f3t \u00e9s sz\u00f3rakoztat\u00e1st a saj\u00e1t k\u00e9sz\u00fcl\u00e9k\u00fcnkkel kell megoldanunk. A k\u00f6z\u00e9ps\u0151 Plus szint 17 colos felniket, k\u00e9tsz\u00edn\u0171 f\u00e9nyez\u00e9st, 10,25 h\u00fcvelykes \u00e9rint\u0151k\u00e9perny\u0151t, osztottan d\u00f6nthet\u0151 h\u00e1ts\u00f3 \u00fcl\u00e9st\u00e1ml\u00e1kat, Citroen Advanced Comfort \u00fcl\u00e9seket, valamint elektromosan \u00e1ll\u00edthat\u00f3 \u00e9s f\u0171thet\u0151 k\u00fcls\u0151 t\u00fckr\u00f6ket k\u00edn\u00e1l. A cs\u00facsfelszerelts\u00e9g\u0171 Max kivitel LED h\u00e1ts\u00f3 l\u00e1mp\u00e1kkal, s\u00f6t\u00e9t\u00edtett \u00fcvegez\u00e9ssel, kl\u00edmaberendez\u00e9ssel, vezet\u00e9k n\u00e9lk\u00fcli telefont\u00f6lt\u0151vel \u00e9s elektromos h\u00e1ts\u00f3 ablakemel\u0151kkel \u00e9rkezik \u2013 ut\u00f3bbiak hi\u00e1nya az als\u00f3bb szinteken \u00e1r\u00e9rz\u00e9kenys\u00e9gre utal.<\/p>\n<p>A C3 f\u00f3kusz\u00e1ban egy\u00e9rtelm\u0171en a k\u00e9nyelem \u00e1ll, nem pedig a vezet\u00e9si \u00e9lm\u00e9ny. A k\u00edn\u00e1lat bel\u00e9p\u0151 modellje az 1,2 literes PureTech benzines v\u00e1ltozat, hatfokozat\u00fa k\u00e9zi v\u00e1lt\u00f3val \u00e9s 99 l\u00f3er\u0151vel, mindenf\u00e9le elektromos r\u00e1seg\u00edt\u00e9s n\u00e9lk\u00fcl. Akik emisszi\u00f3mentes k\u00f6zleked\u00e9sre is v\u00e1gynak, v\u00e1laszthatj\u00e1k a Hybrid 100 modellt, amely ugyanezt a motort kombin\u00e1lja egy 28 l\u00f3er\u0151s villanymotorral \u00e9s hatfokozat\u00fa automata v\u00e1lt\u00f3val. A tiszt\u00e1n elektromos e-C3 egy 44 kWh-s l\u00edtium-vas-foszf\u00e1t akkumul\u00e1torral \u00e9rkezik, hivatalosan 199 m\u00e9rf\u00f6ldes (kb. 320 km) hat\u00f3t\u00e1vval. A maxim\u00e1lis t\u00f6lt\u00e9si teljes\u00edtm\u00e9ny 100 kW, amivel 26 perc alatt 20-r\u00f3l 80%-ra t\u00f6lthet\u0151 az akkumul\u00e1tor, m\u00edg otthoni fali t\u00f6lt\u0151vel 7,4 kW-os t\u00f6lt\u00e9s \u00e9rhet\u0151 el \u2013 11 kW-os AC opci\u00f3 el\u00e9rhet\u0151, de h\u0151szivatty\u00fat nem k\u00edn\u00e1l a modell.<\/p>\n","protected":false},"excerpt":{"rendered":"<p>Rejt\u00e9lyes hallgat\u00e1sba burkol\u00f3zott az \u00e9nekes! Feny\u0151 k\u00f6r\u00fcl tov\u00e1bbra is nagy a csend: Facebook-oldal\u00e1n m\u00e1r csak napokkal ezel\u0151tt bukkant fel p\u00e1r&#8230; <span class=\"gridview-grid-post-read-more\"><a href=\"https:\/\/online-filmkatarzis.com\/kucko\/hirek\/nagy-a-baj-mar-a-koncertre-sem-ment-el-fenyo-miklos\/\">read more<span class=\"gridview-sr-only\"> Nagy a baj! M\u00e1r a koncertre sem ment el Feny\u0151 Mikl\u00f3s!<\/span><\/a><\/span><\/p>\n","protected":false},"author":1,"featured_media":3955,"comment_status":"open","ping_status":"open","sticky":false,"template":"","format":"standard","meta":{"footnotes":""},"categories":[1],"tags":[],"class_list":["post-3952","post","type-post","status-publish","format-standard","has-post-thumbnail","hentry","category-egyeb","wpcat-1-id"],"_links":{"self":[{"href":"https:\/\/online-filmkatarzis.com\/kucko\/hirek\/wp-json\/wp\/v2\/posts\/3952","targetHints":{"allow":["GET"]}}],"collection":[{"href":"https:\/\/online-filmkatarzis.com\/kucko\/hirek\/wp-json\/wp\/v2\/posts"}],"about":[{"href":"https:\/\/online-filmkatarzis.com\/kucko\/hirek\/wp-json\/wp\/v2\/types\/post"}],"author":[{"embeddable":true,"href":"https:\/\/online-filmkatarzis.com\/kucko\/hirek\/wp-json\/wp\/v2\/users\/1"}],"replies":[{"embeddable":true,"href":"https:\/\/online-filmkatarzis.com\/kucko\/hirek\/wp-json\/wp\/v2\/comments?post=3952"}],"version-history":[{"count":1,"href":"https:\/\/online-filmkatarzis.com\/kucko\/hirek\/wp-json\/wp\/v2\/posts\/3952\/revisions"}],"predecessor-version":[{"id":3956,"href":"https:\/\/online-filmkatarzis.com\/kucko\/hirek\/wp-json\/wp\/v2\/posts\/3952\/revisions\/3956"}],"wp:featuredmedia":[{"embeddable":true,"href":"https:\/\/online-filmkatarzis.com\/kucko\/hirek\/wp-json\/wp\/v2\/media\/3955"}],"wp:attachment":[{"href":"https:\/\/online-filmkatarzis.com\/kucko\/hirek\/wp-json\/wp\/v2\/media?parent=3952"}],"wp:term":[{"taxonomy":"category","embeddable":true,"href":"https:\/\/online-filmkatarzis.com\/kucko\/hirek\/wp-json\/wp\/v2\/categories?post=3952"},{"taxonomy":"post_tag","embeddable":true,"href":"https:\/\/online-filmkatarzis.com\/kucko\/hirek\/wp-json\/wp\/v2\/tags?post=3952"}],"curies":[{"name":"wp","href":"https:\/\/api.w.org\/{rel}","templated":true}]}}