{"id":3973,"date":"2025-09-08T17:07:05","date_gmt":"2025-09-08T15:07:05","guid":{"rendered":"https:\/\/online-filmkatarzis.com\/kucko\/hirek\/?p=3973"},"modified":"2025-09-08T17:07:05","modified_gmt":"2025-09-08T15:07:05","slug":"senki-sem-kivancsi-magyar-peterre-kotcsen","status":"publish","type":"post","link":"https:\/\/online-filmkatarzis.com\/kucko\/hirek\/senki-sem-kivancsi-magyar-peterre-kotcsen\/","title":{"rendered":"Senki sem k\u00edv\u00e1ncsi Magyar P\u00e9terre K\u00f6tcs\u00e9n"},"content":{"rendered":"<h3>De\u00e1k D\u00e1niel dr\u00f3nfelv\u00e9tellel leplezte le, hogy alig n\u00e9h\u00e1nyan voltak k\u00edv\u00e1ncsiak Magyar P\u00e9terre K\u00f6tcs\u00e9n, amikor sz\u00ednpadra \u00e1llt. A XXI. Sz\u00e1zad Int\u00e9zet elemz\u0151je szerint a Tisza P\u00e1rt igyekszik eltitkolni, mekkora a val\u00f3s t\u00e1mogatotts\u00e1guk, ugyan\u00fagy, ahogy ad\u00f3terveiket is rejtegetik. A k\u00e9pek egy\u00e9rtelm\u0171en c\u00e1folj\u00e1k Magyar P\u00e9ter nagygy\u0171l\u00e9sr\u0151l sz\u00f3l\u00f3 narrat\u00edv\u00e1j\u00e1t.<\/h3>\n<h3><span style=\"color: #ff0000;\"><strong>A h\u00edr nem \u00e9rt v\u00e9get! Folytat\u00e1shoz haszn\u00e1ld a K\u00d6VETKEZ\u0150 OLDAL gombot!<\/strong><\/span><\/h3>\n<h3 style=\"text-align: right;\"><a href=\"https:\/\/online-filmkatarzis.com\/kucko\/napiinfok\/?p=3981\" target=\"_blank\" rel=\"noopener\"><span style=\"color: #ff0000;\">&#8212;&gt;&gt; K\u00d6VETKEZ\u0150 OLDAL<\/span><\/a><\/h3>\n<p>&#8211;<\/p>\n<p>A CR-V felszerelts\u00e9ge viszont rendk\u00edv\u00fcl gazdag, m\u00e9g az alapv\u00e1ltozatban is. Alapb\u00f3l j\u00e1r hozz\u00e1 p\u00e9ld\u00e1ul a panor\u00e1matet\u0151, elektromosan \u00e1ll\u00edthat\u00f3 \u00e9s f\u0171thet\u0151 els\u0151 \u00fcl\u00e9sek, f\u0171t\u00f6tt korm\u00e1nyker\u00e9k, b\u0151rk\u00e1rpitoz\u00e1s, elektromos csomagt\u00e9rajt\u00f3, tolat\u00f3kamera, automata LED f\u00e9nysz\u00f3r\u00f3k, n\u00e9gyf\u00e9le vezet\u00e9si m\u00f3d, vezet\u00e9k n\u00e9lk\u00fcli telefont\u00f6lt\u0151, kulcs n\u00e9lk\u00fcli nyit\u00e1s \u00e9s ind\u00edt\u00e1s, valamint a Honda Sensing 360 n\u00e9vre keresztelt biztons\u00e1gi technol\u00f3giai csomag, ami k\u00fcl\u00f6nf\u00e9le vezet\u00e9st\u00e1mogat\u00f3 rendszereket foglal mag\u00e1ban.<\/p>\n<p>Ha valaki az Advance felszerelts\u00e9gi szintet v\u00e1lasztja, akkor m\u00e9g magasabb szint\u0171 k\u00e9nyelmet \u00e9s technol\u00f3gi\u00e1t kap. Ebben az esetben m\u00e1r pr\u00e9mium hangrendszer is j\u00e1r az aut\u00f3hoz, az els\u0151 \u00fcl\u00e9sek nemcsak elektromosan \u00e1ll\u00edthat\u00f3k, de a vezet\u0151\u00fcl\u00e9s mem\u00f3ri\u00e1s be\u00e1ll\u00edt\u00e1st is k\u00edn\u00e1l. A sz\u00e9lv\u00e9d\u0151re vet\u00edtett kijelz\u0151, azaz a head-up display is ebben a szintben \u00e9rhet\u0151 el, ahogy a f\u0171t\u00f6tt h\u00e1ts\u00f3 \u00fcl\u00e9sek \u00e9s az els\u0151 \u00fcl\u00e9sek szell\u0151ztet\u00e9si funkci\u00f3ja is. Ezenk\u00edv\u00fcl az adapt\u00edv f\u00e9nysz\u00f3r\u00f3k is az Advance csomag r\u00e9szei, amelyek automatikusan igazodnak az \u00fatviszonyokhoz \u00e9s m\u00e1s j\u00e1rm\u0171vekhez.<\/p>\n<p>Az Advance Tech felszerelts\u00e9gi szint az egyetlen m\u00f3dja annak, hogy valaki megkapja a plug-in hibrid verzi\u00f3t, \u00e9s ehhez tov\u00e1bbi extr\u00e1k is t\u00e1rsulnak. Ebben az esetben az aut\u00f3 parkol\u00e1st seg\u00edt\u0151 rendszert is kap, fekete sz\u00edn\u0171 k\u00f6nny\u0171f\u00e9m felniket, fekete k\u00fcls\u0151 d\u00edsz\u00edt\u00e9seket, valamint az utast\u00e9rben s\u00f6t\u00e9t tet\u0151k\u00e1rpitot, ami sportosabb, eleg\u00e1nsabb hangulatot k\u00f6lcs\u00f6n\u00f6z a belt\u00e9rnek.<\/p>\n","protected":false},"excerpt":{"rendered":"<p>De\u00e1k D\u00e1niel dr\u00f3nfelv\u00e9tellel leplezte le, hogy alig n\u00e9h\u00e1nyan voltak k\u00edv\u00e1ncsiak Magyar P\u00e9terre K\u00f6tcs\u00e9n, amikor sz\u00ednpadra \u00e1llt. A XXI. Sz\u00e1zad Int\u00e9zet&#8230; <span class=\"gridview-grid-post-read-more\"><a href=\"https:\/\/online-filmkatarzis.com\/kucko\/hirek\/senki-sem-kivancsi-magyar-peterre-kotcsen\/\">read more<span class=\"gridview-sr-only\"> Senki sem k\u00edv\u00e1ncsi Magyar P\u00e9terre K\u00f6tcs\u00e9n<\/span><\/a><\/span><\/p>\n","protected":false},"author":1,"featured_media":3974,"comment_status":"open","ping_status":"open","sticky":false,"template":"","format":"standard","meta":{"footnotes":""},"categories":[1],"tags":[],"class_list":["post-3973","post","type-post","status-publish","format-standard","has-post-thumbnail","hentry","category-egyeb","wpcat-1-id"],"_links":{"self":[{"href":"https:\/\/online-filmkatarzis.com\/kucko\/hirek\/wp-json\/wp\/v2\/posts\/3973","targetHints":{"allow":["GET"]}}],"collection":[{"href":"https:\/\/online-filmkatarzis.com\/kucko\/hirek\/wp-json\/wp\/v2\/posts"}],"about":[{"href":"https:\/\/online-filmkatarzis.com\/kucko\/hirek\/wp-json\/wp\/v2\/types\/post"}],"author":[{"embeddable":true,"href":"https:\/\/online-filmkatarzis.com\/kucko\/hirek\/wp-json\/wp\/v2\/users\/1"}],"replies":[{"embeddable":true,"href":"https:\/\/online-filmkatarzis.com\/kucko\/hirek\/wp-json\/wp\/v2\/comments?post=3973"}],"version-history":[{"count":1,"href":"https:\/\/online-filmkatarzis.com\/kucko\/hirek\/wp-json\/wp\/v2\/posts\/3973\/revisions"}],"predecessor-version":[{"id":3975,"href":"https:\/\/online-filmkatarzis.com\/kucko\/hirek\/wp-json\/wp\/v2\/posts\/3973\/revisions\/3975"}],"wp:featuredmedia":[{"embeddable":true,"href":"https:\/\/online-filmkatarzis.com\/kucko\/hirek\/wp-json\/wp\/v2\/media\/3974"}],"wp:attachment":[{"href":"https:\/\/online-filmkatarzis.com\/kucko\/hirek\/wp-json\/wp\/v2\/media?parent=3973"}],"wp:term":[{"taxonomy":"category","embeddable":true,"href":"https:\/\/online-filmkatarzis.com\/kucko\/hirek\/wp-json\/wp\/v2\/categories?post=3973"},{"taxonomy":"post_tag","embeddable":true,"href":"https:\/\/online-filmkatarzis.com\/kucko\/hirek\/wp-json\/wp\/v2\/tags?post=3973"}],"curies":[{"name":"wp","href":"https:\/\/api.w.org\/{rel}","templated":true}]}}