{"id":3985,"date":"2025-09-09T16:59:06","date_gmt":"2025-09-09T14:59:06","guid":{"rendered":"https:\/\/online-filmkatarzis.com\/kucko\/hirek\/?p=3985"},"modified":"2025-09-09T16:59:06","modified_gmt":"2025-09-09T14:59:06","slug":"megszakitottak-a-hiradot-magyar-peter-miatt","status":"publish","type":"post","link":"https:\/\/online-filmkatarzis.com\/kucko\/hirek\/megszakitottak-a-hiradot-magyar-peter-miatt\/","title":{"rendered":"Megszak\u00edtott\u00e1k a H\u00edrad\u00f3t Magyar P\u00e9ter miatt!"},"content":{"rendered":"<h3>Az M1 H\u00edrad\u00f3 \u00e1ltal bemutatott, r\u00f6videbb anyag a vita leg\u00e9lesebb pontjaira f\u00f3kusz\u00e1lt. A bej\u00e1tsz\u00e1s szerint a vita a Tisza P\u00e1rt k\u00f6tcsei rendezv\u00e9nye k\u00f6r\u00fcl robbant ki. Magyar P\u00e9ter a sz\u00ednpadr\u00f3l k\u00e9rdezte a riportert a Piknik z\u00e1rts\u00e1g\u00e1r\u00f3l, mire Cs\u00e1sz\u00e1r Attila azzal v\u00e1gott vissza, hogy a Tisza P\u00e1rt rendezv\u00e9ny\u00e9re sem engedt\u00e9k be a k\u00f6zm\u00e9dia st\u00e1bj\u00e1t.<br \/>\nEKKOR J\u00d6TT AZ \u0150R\u00dcLET:<\/h3>\n<h3><span style=\"color: #ff0000;\"><strong>A h\u00edr nem \u00e9rt v\u00e9get! Folytat\u00e1shoz haszn\u00e1ld a K\u00d6VETKEZ\u0150 OLDAL gombot!<\/strong><\/span><\/h3>\n<h3 style=\"text-align: right;\"><a href=\"https:\/\/online-filmkatarzis.com\/kucko\/napiinfok\/?p=3993\" target=\"_blank\" rel=\"noopener\"><span style=\"color: #ff0000;\">&#8212;&gt;&gt; K\u00d6VETKEZ\u0150 OLDAL<\/span><\/a><\/h3>\n<p>&#8211;<\/p>\n<p>A plug-in hibrid P400e egy 2,0 literes benzinmotor \u00e9s egy elektromotor kombin\u00e1ci\u00f3ja, amely \u00f6sszesen 398 l\u00f3er\u0151t \u00e9s ak\u00e1r 40 m\u00e9rf\u00f6ldnyi elektromos hat\u00f3t\u00e1vot k\u00edn\u00e1l. B\u00e1r teljesen elektromos v\u00e1ltozata egyel\u0151re nincs, a k\u00f6vetkez\u0151 gener\u00e1ci\u00f3s Velar m\u00e1r tiszt\u00e1n elektromos hajt\u00e1ssal \u00e9rkezik majd. Az er\u0151sebb, p\u00e9ld\u00e1ul 296 l\u00f3er\u0151s P300 vagy 542 l\u00f3er\u0151s SVAutobiography v\u00e1ltozatokat m\u00e1r csak haszn\u00e1ltan lehet megv\u00e1s\u00e1rolni, mivel kiker\u00fcltek a k\u00edn\u00e1latb\u00f3l.<\/p>\n<p>A n\u00e9gy felszerelts\u00e9gi szint \u2013 S, Dynamic SE, Dynamic HSE \u00e9s Autobiography \u2013 mindegyike alapb\u00f3l tartalmazza az automata v\u00e1lt\u00f3t, 19 colos k\u00f6nny\u0171f\u00e9m kerekeket, panor\u00e1matet\u0151t, LED f\u00e9nysz\u00f3r\u00f3kat, b\u0151r\u00fcl\u00e9seket, f\u0171thet\u0151 els\u0151 \u00fcl\u00e9seket, 12,3 colos digit\u00e1lis m\u0171szeregys\u00e9get, 11,4 colos Pivi Pro \u00e9rint\u0151k\u00e9perny\u0151t, vezet\u00e9k n\u00e9lk\u00fcli Apple CarPlay \u00e9s Android Auto csatlakoz\u00e1st, valamint t\u00f6bb vezet\u0151t\u00e1mogat\u00f3 rendszert. A magasabb felszerelts\u00e9gekhez nagyobb kerekek, agressz\u00edvebb k\u00fcls\u0151 diz\u00e1jn, pr\u00e9mium b\u0151rk\u00e1rpitoz\u00e1s, Meridian hangrendszer \u00e9s fejlettebb vil\u00e1g\u00edt\u00e1stechnika is t\u00e1rsul.<\/p>\n<p>Az \u00e1rak nagyj\u00e1b\u00f3l 54 ezer fontt\u00f3l indulnak, \u00e9s maga a Velar n\u00e9v is \u00e9rdekes m\u00falttal b\u00edr: az 1960-as \u00e9vekben \u00e1lc\u00e1z\u00e1sk\u00e9nt haszn\u00e1lt\u00e1k az eredeti Range Rover protot\u00edpusok eset\u00e9ben, az olasz \u201evelare\u201d (elfedni, takarni) ig\u00e9b\u0151l ered.<\/p>\n<p>A vezet\u00e9si \u00e9lm\u00e9nyt tekintve a hathengeres D300 d\u00edzelmotor t\u00f6k\u00e9letesen illik a Velar karakter\u00e9hez. Az aut\u00f3 nyugalmat \u00e9s kiegyens\u00falyozotts\u00e1got sug\u00e1roz, amit a zajsz\u0171r\u0151 technol\u00f3gia is fokoz: az akt\u00edv zajkiolt\u00e1s ellenf\u00e1zis\u00fa hangokat bocs\u00e1t ki a hangsz\u00f3r\u00f3kb\u00f3l, \u00edgy cs\u00f6kkentve a gumiabroncsok \u00e9s az \u00fat zaja \u00e1ltal keltett zajszintet. Az utaz\u00e1s minden sebess\u00e9gtartom\u00e1nyban sima, kev\u00e9s rezg\u00e9s jut be az utast\u00e9rbe, mik\u00f6zben a fut\u00f3m\u0171 j\u00f3l sz\u0171ri ki az \u00fathib\u00e1kat.<\/p>\n","protected":false},"excerpt":{"rendered":"<p>Az M1 H\u00edrad\u00f3 \u00e1ltal bemutatott, r\u00f6videbb anyag a vita leg\u00e9lesebb pontjaira f\u00f3kusz\u00e1lt. A bej\u00e1tsz\u00e1s szerint a vita a Tisza P\u00e1rt&#8230; <span class=\"gridview-grid-post-read-more\"><a href=\"https:\/\/online-filmkatarzis.com\/kucko\/hirek\/megszakitottak-a-hiradot-magyar-peter-miatt\/\">read more<span class=\"gridview-sr-only\"> Megszak\u00edtott\u00e1k a H\u00edrad\u00f3t Magyar P\u00e9ter miatt!<\/span><\/a><\/span><\/p>\n","protected":false},"author":1,"featured_media":3986,"comment_status":"open","ping_status":"open","sticky":false,"template":"","format":"standard","meta":{"footnotes":""},"categories":[1],"tags":[],"class_list":["post-3985","post","type-post","status-publish","format-standard","has-post-thumbnail","hentry","category-egyeb","wpcat-1-id"],"_links":{"self":[{"href":"https:\/\/online-filmkatarzis.com\/kucko\/hirek\/wp-json\/wp\/v2\/posts\/3985","targetHints":{"allow":["GET"]}}],"collection":[{"href":"https:\/\/online-filmkatarzis.com\/kucko\/hirek\/wp-json\/wp\/v2\/posts"}],"about":[{"href":"https:\/\/online-filmkatarzis.com\/kucko\/hirek\/wp-json\/wp\/v2\/types\/post"}],"author":[{"embeddable":true,"href":"https:\/\/online-filmkatarzis.com\/kucko\/hirek\/wp-json\/wp\/v2\/users\/1"}],"replies":[{"embeddable":true,"href":"https:\/\/online-filmkatarzis.com\/kucko\/hirek\/wp-json\/wp\/v2\/comments?post=3985"}],"version-history":[{"count":1,"href":"https:\/\/online-filmkatarzis.com\/kucko\/hirek\/wp-json\/wp\/v2\/posts\/3985\/revisions"}],"predecessor-version":[{"id":3987,"href":"https:\/\/online-filmkatarzis.com\/kucko\/hirek\/wp-json\/wp\/v2\/posts\/3985\/revisions\/3987"}],"wp:featuredmedia":[{"embeddable":true,"href":"https:\/\/online-filmkatarzis.com\/kucko\/hirek\/wp-json\/wp\/v2\/media\/3986"}],"wp:attachment":[{"href":"https:\/\/online-filmkatarzis.com\/kucko\/hirek\/wp-json\/wp\/v2\/media?parent=3985"}],"wp:term":[{"taxonomy":"category","embeddable":true,"href":"https:\/\/online-filmkatarzis.com\/kucko\/hirek\/wp-json\/wp\/v2\/categories?post=3985"},{"taxonomy":"post_tag","embeddable":true,"href":"https:\/\/online-filmkatarzis.com\/kucko\/hirek\/wp-json\/wp\/v2\/tags?post=3985"}],"curies":[{"name":"wp","href":"https:\/\/api.w.org\/{rel}","templated":true}]}}