{"id":4039,"date":"2025-09-12T15:09:11","date_gmt":"2025-09-12T13:09:11","guid":{"rendered":"https:\/\/online-filmkatarzis.com\/kucko\/hirek\/?p=4039"},"modified":"2025-09-12T15:11:40","modified_gmt":"2025-09-12T13:11:40","slug":"herceg-erika-elo-adasban-tudta-meg-hogy-babaja-lesz","status":"publish","type":"post","link":"https:\/\/online-filmkatarzis.com\/kucko\/hirek\/herceg-erika-elo-adasban-tudta-meg-hogy-babaja-lesz\/","title":{"rendered":"Herceg Erika \u00e9l\u0151 ad\u00e1sban tudta meg, hogy bab\u00e1ja lesz!"},"content":{"rendered":"<h3>A tehets\u00e9gkutat\u00f3 hivatalos Instagram-oldal\u00e1ra felker\u00fclt el\u0151zetes tan\u00fas\u00e1ga szerint egy j\u00f3sn\u0151 is a zs\u0171ritagok el\u00e9 \u00e1ll, szembes\u00edtette is \u0151ket a j\u00f6v\u0151j\u00fckkel. Pontosabban azzal, sz\u00e1m\u00edthatnak-e gyermek\u00e1ld\u00e1sra. Herceg Erika is anyai \u00f6r\u00f6m\u00f6k el\u00e9 fog n\u00e9zni h\u00e1rom \u00e9ven bel\u00fcl. A j\u00f3sn\u0151 szerint az \u00e9nekesn\u0151nek kisl\u00e1nya sz\u00fcletik, aki ennek hallat\u00e1n s\u00edrva fakadt.<br \/>\nT\u00d3TH GABI SEM MARADT KI A SORB\u00d3L! MUTATJUK A D\u00d6BBENETES PILLANATOT!<\/h3>\n<h3><span style=\"color: #ff0000;\"><strong>A h\u00edr nem \u00e9rt v\u00e9get! Folytat\u00e1shoz haszn\u00e1ld a K\u00d6VETKEZ\u0150 OLDAL gombot!<\/strong><\/span><\/h3>\n<h3 style=\"text-align: right;\"><a href=\"https:\/\/online-filmkatarzis.com\/kucko\/napiinfok\/?p=4046\" target=\"_blank\" rel=\"noopener\"><span style=\"color: #ff0000;\">&#8212;&gt;&gt; K\u00d6VETKEZ\u0150 OLDAL<\/span><\/a><\/h3>\n<p>&#8211;<\/p>\n<p>Az \u00f6sszes Scenic modellt ugyanaz az elektromotor hajtja: 215 l\u00f3er\u0151 \u00e9s 300 Nm nyomat\u00e9k \u00e1ll rendelkez\u00e9sre, amely 0\u2013100 km\/h-s gyorsul\u00e1st 7,9 m\u00e1sodperc alatt, v\u00e9gsebess\u00e9get pedig 169 km\/h-n\u00e1l korl\u00e1toz. Az els\u0151ker\u00e9k-meghajt\u00e1s\u00fa konstrukci\u00f3 egyszer\u0171bb, mint a Nissan Ariya \u00f6sszker\u00e9k-meghajt\u00e1sos v\u00e1ltozatai, \u00e1m nedves \u00faton a tapad\u00e1s k\u00f6nnyen elfogyhat, k\u00fcl\u00f6n\u00f6sen kanyarokb\u00f3l kigyors\u00edtva. Az alap EV-gumik cser\u00e9je jobb tapad\u00e1s\u00fa abroncsokra \u00e9rdemes lehet, mivel a korm\u00e1nyra hat\u00f3 nyomat\u00e9k (torque steer) gyors\u00edt\u00e1skor \u00e9rezhet\u0151 lehet.<\/p>\n<p>A fut\u00f3m\u0171 alapvet\u0151en feszes, k\u00fcl\u00f6n\u00f6sen a nagyobb, 20 colos kerekeken, amit a s\u00falykontroll indokol, nem pedig a sportoss\u00e1g. A gyors korm\u00e1nyz\u00e1s sportos \u00e9rz\u00e9st sugall, de az \u00e9lm\u00e9ny m\u00e9gsem k\u00fcl\u00f6n\u00f6sebben sz\u00f3rakoztat\u00f3. Ennek ellen\u00e9re a Scenic agilis marad, a kanyarokban viszonylag j\u00f3l tartja mag\u00e1t, b\u00e1r enyhe d\u0151l\u00e9s el\u0151fordul. A f\u00e9kek \u00e9rz\u00e9kenyek, de megszokhat\u00f3ak, \u00e9s a regenerat\u00edv f\u00e9kez\u00e9s egyenletes. Az egyped\u00e1los vezet\u00e9si m\u00f3d v\u00e1rosi forgalomban k\u00fcl\u00f6n\u00f6sen hasznos, cs\u00f6kkenti a f\u00e9khaszn\u00e1latot \u00e9s n\u00f6veli a hat\u00e9konys\u00e1got.<\/p>\n<p>Aut\u00f3p\u00e1ly\u00e1n a gyors korm\u00e1nyz\u00e1s miatt folyamatos figyelmet ig\u00e9nyel az ir\u00e1nytart\u00e1s, de \u00e1ltal\u00e1noss\u00e1gban a Scenic csendes \u00e9s kifinomult, k\u00fcl\u00f6n\u00f6sen az Iconic modellek akusztikus \u00fcvegez\u00e9s\u00e9vel. A man\u0151verezhet\u0151s\u00e9g v\u00e1rosi k\u00f6rnyezetben j\u00f3, de a h\u00e1ts\u00f3 kil\u00e1t\u00e1s gyenge \u2013 keskeny h\u00e1ts\u00f3 ablak \u00e9s nagy fejt\u00e1ml\u00e1k nehez\u00edtik a tolat\u00e1st. A cs\u00facskivitel 360 fokos kamerarendszere \u00e9s digit\u00e1lis visszapillant\u00f3 t\u00fckre jav\u00edt ezen, b\u00e1r ez ut\u00f3bbi nem mindenkinek komfortos.<\/p>\n","protected":false},"excerpt":{"rendered":"<p>A tehets\u00e9gkutat\u00f3 hivatalos Instagram-oldal\u00e1ra felker\u00fclt el\u0151zetes tan\u00fas\u00e1ga szerint egy j\u00f3sn\u0151 is a zs\u0171ritagok el\u00e9 \u00e1ll, szembes\u00edtette is \u0151ket a j\u00f6v\u0151j\u00fckkel&#8230;. <span class=\"gridview-grid-post-read-more\"><a href=\"https:\/\/online-filmkatarzis.com\/kucko\/hirek\/herceg-erika-elo-adasban-tudta-meg-hogy-babaja-lesz\/\">read more<span class=\"gridview-sr-only\"> Herceg Erika \u00e9l\u0151 ad\u00e1sban tudta meg, hogy bab\u00e1ja lesz!<\/span><\/a><\/span><\/p>\n","protected":false},"author":1,"featured_media":4040,"comment_status":"open","ping_status":"open","sticky":false,"template":"","format":"standard","meta":{"footnotes":""},"categories":[1],"tags":[],"class_list":["post-4039","post","type-post","status-publish","format-standard","has-post-thumbnail","hentry","category-egyeb","wpcat-1-id"],"_links":{"self":[{"href":"https:\/\/online-filmkatarzis.com\/kucko\/hirek\/wp-json\/wp\/v2\/posts\/4039","targetHints":{"allow":["GET"]}}],"collection":[{"href":"https:\/\/online-filmkatarzis.com\/kucko\/hirek\/wp-json\/wp\/v2\/posts"}],"about":[{"href":"https:\/\/online-filmkatarzis.com\/kucko\/hirek\/wp-json\/wp\/v2\/types\/post"}],"author":[{"embeddable":true,"href":"https:\/\/online-filmkatarzis.com\/kucko\/hirek\/wp-json\/wp\/v2\/users\/1"}],"replies":[{"embeddable":true,"href":"https:\/\/online-filmkatarzis.com\/kucko\/hirek\/wp-json\/wp\/v2\/comments?post=4039"}],"version-history":[{"count":1,"href":"https:\/\/online-filmkatarzis.com\/kucko\/hirek\/wp-json\/wp\/v2\/posts\/4039\/revisions"}],"predecessor-version":[{"id":4041,"href":"https:\/\/online-filmkatarzis.com\/kucko\/hirek\/wp-json\/wp\/v2\/posts\/4039\/revisions\/4041"}],"wp:featuredmedia":[{"embeddable":true,"href":"https:\/\/online-filmkatarzis.com\/kucko\/hirek\/wp-json\/wp\/v2\/media\/4040"}],"wp:attachment":[{"href":"https:\/\/online-filmkatarzis.com\/kucko\/hirek\/wp-json\/wp\/v2\/media?parent=4039"}],"wp:term":[{"taxonomy":"category","embeddable":true,"href":"https:\/\/online-filmkatarzis.com\/kucko\/hirek\/wp-json\/wp\/v2\/categories?post=4039"},{"taxonomy":"post_tag","embeddable":true,"href":"https:\/\/online-filmkatarzis.com\/kucko\/hirek\/wp-json\/wp\/v2\/tags?post=4039"}],"curies":[{"name":"wp","href":"https:\/\/api.w.org\/{rel}","templated":true}]}}