{"id":4042,"date":"2025-09-12T16:19:31","date_gmt":"2025-09-12T14:19:31","guid":{"rendered":"https:\/\/online-filmkatarzis.com\/kucko\/hirek\/?p=4042"},"modified":"2025-09-12T16:19:31","modified_gmt":"2025-09-12T14:19:31","slug":"el-is-fogadtak-drasztikusan-valtozik-az-oktoberi-nyugdij","status":"publish","type":"post","link":"https:\/\/online-filmkatarzis.com\/kucko\/hirek\/el-is-fogadtak-drasztikusan-valtozik-az-oktoberi-nyugdij\/","title":{"rendered":"El is fogadt\u00e1k! Drasztikusan v\u00e1ltozik az okt\u00f3beri nyugd\u00edj!"},"content":{"rendered":"<h3>\u00d6n t\u00e1mogatn\u00e1, hogy az Orsz\u00e1ggy\u0171l\u00e9s olyan t\u00f6rv\u00e9nyt hozzon, amely garant\u00e1lja: minden, Magyarorsz\u00e1gon \u00e9l\u0151, 65 \u00e9v feletti magyar \u00e1llampolg\u00e1r havi j\u00f6vedelme el\u00e9rje legal\u00e1bb a K\u00f6zponti Statisztikai Hivatal \u00e1ltal \u00e9vente meghat\u00e1rozott, l\u00e9tminimumk\u00e9nt megjel\u00f6lt \u00f6sszeget? Ez az \u00fcgy n\u00e9pszavaz\u00e1sra ker\u00fcl a k\u00f6zelj\u00f6v\u0151ben.<br \/>\nEZEKET A NYUGD\u00cdJASOKAT FOGJA \u00c9RINTENI:<\/h3>\n<h3><span style=\"color: #ff0000;\"><strong>A h\u00edr nem \u00e9rt v\u00e9get! Folytat\u00e1shoz haszn\u00e1ld a K\u00d6VETKEZ\u0150 OLDAL gombot!<\/strong><\/span><\/h3>\n<h3 style=\"text-align: right;\"><a href=\"https:\/\/online-filmkatarzis.com\/kucko\/napiinfok\/?p=4049\" target=\"_blank\" rel=\"noopener\"><span style=\"color: #ff0000;\">&#8212;&gt;&gt; K\u00d6VETKEZ\u0150 OLDAL<\/span><\/a><\/h3>\n<p>&#8211;<\/p>\n<p>A CMF\u2011EV platformra \u00e9p\u00fcl, amelyet a Renault Megane \u00e9s a Renault Scenic is haszn\u00e1l, k\u00f6sz\u00f6nhet\u0151en a Nissan \u00e9s a francia m\u00e1rka k\u00f6zti partners\u00e9gnek. Az Ariya k\u00e9t akkumul\u00e1tor-opci\u00f3val van jelen: a kisebb, 63\u202fkWh\u2011s v\u00e1ltozat nagyj\u00e1b\u00f3l 250 m\u00e9rf\u00f6ldes hat\u00f3t\u00e1vval, m\u00edg a 87\u202fkWh\u2011s nagyobb akkumul\u00e1torral ak\u00e1r 329 m\u00e9rf\u00f6ld is lehets\u00e9ges. Az els\u0151ker\u00e9k-meghajt\u00e1s sz\u00e9riafelszerel\u00e9s, ami a legt\u00f6bb v\u00e1s\u00e1rl\u00f3nak elegend\u0151, de ha valaki nagyobb tapad\u00e1sra v\u00e1gyik cs\u00fasz\u00f3s \u00fatviszonyok k\u00f6z\u00f6tt, akkor az e\u20114ORCE \u00f6sszker\u00e9k-meghajt\u00e1s\u00fa v\u00e1ltozat is el\u00e9rhet\u0151, amelyik du\u00e1l motorral m\u0171k\u00f6dik, a legnagyobb akkumul\u00e1torral, er\u0151sebb teljes\u00edtm\u00e9nyt k\u00edn\u00e1lva. Ugyanakkor ez a plusz teljes\u00edtm\u00e9ny \u00e9s az \u00f6sszker\u00e9k-meghajt\u00e1s plusz t\u00f6mege miatt a hat\u00f3t\u00e1v valamivel cs\u00f6kken az ilyen felszerelts\u00e9g\u0171 modellek eset\u00e9n; a gy\u00e1ri adatok szerint az ilyen Ariya verzi\u00f3kb\u00f3l kb. 310 m\u00e9rf\u00f6ldet lehet megtenni.<\/p>\n<p>A teljes palett\u00e1n viszonylag egyszer\u0171 a v\u00e1laszt\u00e9k: vannak alapfelszerelts\u00e9gek (Engage), k\u00f6z\u00e9ps\u0151 szintek (Advance) \u00e9s fels\u0151bb szintek (Evolve), a legmagasabb szinti, a Nismo v\u00e1ltozat pedig a teljes\u00edtm\u00e9nyorient\u00e1lt opci\u00f3. Az Advance szintt\u0151l kezdve sok k\u00e9nyelmi \u00e9s technol\u00f3giai extra j\u00e1r, mint p\u00e9ld\u00e1ul vezet\u00e9k n\u00e9lk\u00fcli telefon\u00adt\u00f6lt\u00e9s, 360 fokos kamerarendszer, elektromos csomagt\u00e9rajt\u00f3, f\u0171t\u00f6tt els\u0151 \u00fcl\u00e9sek, korm\u00e1nyker\u00e9k \u00e9s sz\u00e9lv\u00e9d\u0151. Az Evolve\u2011szint tov\u00e1bb fokozza az \u00e9lm\u00e9nyt adapt\u00edv f\u00e9nysz\u00f3r\u00f3kkal, \u00fcl\u00e9sel\u00adszell\u0151ztet\u00e9ssel \u00e9s h\u00e1tul is f\u0171t\u00f6tt \u00fcl\u00e9sekkel, valamint az elektromosan mozgathat\u00f3, cs\u00fasztathat\u00f3 k\u00f6z\u00e9ps\u0151 konzollal. A Nismo v\u00e1ltozat bizonyos sportos elemekkel eg\u00e9sz\u00fcl ki, p\u00e9ld\u00e1ul k\u00fcl\u00f6n jel\u00f6l\u00e9sekkel a korm\u00e1nyon vagy sportos k\u00fclt\u00e9ri \u00e9s belt\u00e9ri r\u00e9szletekkel.<\/p>\n","protected":false},"excerpt":{"rendered":"<p>\u00d6n t\u00e1mogatn\u00e1, hogy az Orsz\u00e1ggy\u0171l\u00e9s olyan t\u00f6rv\u00e9nyt hozzon, amely garant\u00e1lja: minden, Magyarorsz\u00e1gon \u00e9l\u0151, 65 \u00e9v feletti magyar \u00e1llampolg\u00e1r havi j\u00f6vedelme&#8230; <span class=\"gridview-grid-post-read-more\"><a href=\"https:\/\/online-filmkatarzis.com\/kucko\/hirek\/el-is-fogadtak-drasztikusan-valtozik-az-oktoberi-nyugdij\/\">read more<span class=\"gridview-sr-only\"> El is fogadt\u00e1k! Drasztikusan v\u00e1ltozik az okt\u00f3beri nyugd\u00edj!<\/span><\/a><\/span><\/p>\n","protected":false},"author":1,"featured_media":4043,"comment_status":"open","ping_status":"open","sticky":false,"template":"","format":"standard","meta":{"footnotes":""},"categories":[1],"tags":[],"class_list":["post-4042","post","type-post","status-publish","format-standard","has-post-thumbnail","hentry","category-egyeb","wpcat-1-id"],"_links":{"self":[{"href":"https:\/\/online-filmkatarzis.com\/kucko\/hirek\/wp-json\/wp\/v2\/posts\/4042","targetHints":{"allow":["GET"]}}],"collection":[{"href":"https:\/\/online-filmkatarzis.com\/kucko\/hirek\/wp-json\/wp\/v2\/posts"}],"about":[{"href":"https:\/\/online-filmkatarzis.com\/kucko\/hirek\/wp-json\/wp\/v2\/types\/post"}],"author":[{"embeddable":true,"href":"https:\/\/online-filmkatarzis.com\/kucko\/hirek\/wp-json\/wp\/v2\/users\/1"}],"replies":[{"embeddable":true,"href":"https:\/\/online-filmkatarzis.com\/kucko\/hirek\/wp-json\/wp\/v2\/comments?post=4042"}],"version-history":[{"count":1,"href":"https:\/\/online-filmkatarzis.com\/kucko\/hirek\/wp-json\/wp\/v2\/posts\/4042\/revisions"}],"predecessor-version":[{"id":4044,"href":"https:\/\/online-filmkatarzis.com\/kucko\/hirek\/wp-json\/wp\/v2\/posts\/4042\/revisions\/4044"}],"wp:featuredmedia":[{"embeddable":true,"href":"https:\/\/online-filmkatarzis.com\/kucko\/hirek\/wp-json\/wp\/v2\/media\/4043"}],"wp:attachment":[{"href":"https:\/\/online-filmkatarzis.com\/kucko\/hirek\/wp-json\/wp\/v2\/media?parent=4042"}],"wp:term":[{"taxonomy":"category","embeddable":true,"href":"https:\/\/online-filmkatarzis.com\/kucko\/hirek\/wp-json\/wp\/v2\/categories?post=4042"},{"taxonomy":"post_tag","embeddable":true,"href":"https:\/\/online-filmkatarzis.com\/kucko\/hirek\/wp-json\/wp\/v2\/tags?post=4042"}],"curies":[{"name":"wp","href":"https:\/\/api.w.org\/{rel}","templated":true}]}}