{"id":4089,"date":"2025-09-17T08:17:27","date_gmt":"2025-09-17T06:17:27","guid":{"rendered":"https:\/\/online-filmkatarzis.com\/kucko\/hirek\/?p=4089"},"modified":"2025-09-17T08:17:27","modified_gmt":"2025-09-17T06:17:27","slug":"most-erkezett-a-friss-kozlemeny-a-pilisben-eltunt-kaszas-nikolettrol","status":"publish","type":"post","link":"https:\/\/online-filmkatarzis.com\/kucko\/hirek\/most-erkezett-a-friss-kozlemeny-a-pilisben-eltunt-kaszas-nikolettrol\/","title":{"rendered":"Most \u00e9rkezett a friss k\u00f6zlem\u00e9ny a Pilisben elt\u0171nt Kasz\u00e1s Nikolettr\u0151l."},"content":{"rendered":"<h3>Kor\u00e1bban \u00edrtunk arr\u00f3l, hogy a hat\u00f3s\u00e1gok a t\u00far\u00e1z\u00f3k seg\u00edts\u00e9g\u00e9t k\u00e9rik Kasz\u00e1s Nikolett, a 27 \u00e9ves fiatal n\u0151 elt\u0171n\u00e9se kapcs\u00e1n. T\u00f6bb mint egy hete nem adott \u00e9letjelet mag\u00e1r\u00f3l, miut\u00e1n a Pilisbe indult kir\u00e1ndulni, ahonnan vas\u00e1rnap nem t\u00e9rt vissza, h\u00e9tf\u0151n pedig a munkahely\u00e9n sem jelent meg. Utolj\u00e1ra a bar\u00e1tj\u00e1nak \u00fczent, hogy j\u00f3l \u00e9rzi mag\u00e1t a t\u00far\u00e1n, ezt k\u00f6vet\u0151en minden nyoma elt\u0171nt.<br \/>\nFriss k\u00f6zlem\u00e9nyt adott ki a Pest V\u00e1rmegyei Kutat\u00f3-Ment\u0151 Szolg\u00e1lat:<\/h3>\n<h3><span style=\"color: #ff0000;\"><strong>A h\u00edr nem \u00e9rt v\u00e9get! Folytat\u00e1shoz haszn\u00e1ld a K\u00d6VETKEZ\u0150 OLDAL gombot!<\/strong><\/span><\/h3>\n<h3 style=\"text-align: right;\"><a href=\"https:\/\/online-filmkatarzis.com\/kucko\/napiinfok\/?p=4096\" target=\"_blank\" rel=\"noopener\"><span style=\"color: #ff0000;\">&#8212;&gt;&gt; K\u00d6VETKEZ\u0150 OLDAL<\/span><\/a><\/h3>\n<p>&#8211;<\/p>\n<p>Az akkumul\u00e1tor \u2013 legyen az 39,2 vagy 64,0 kWh-s \u2013 az utast\u00e9r alatt kapott helyet, \u00e9s nikkel-mang\u00e1n-kobalt \u00f6sszet\u00e9tel\u0171 l\u00edtium-ion technol\u00f3gi\u00e1t haszn\u00e1l. B\u00e1r a Kia \u00e9s a Hyundai nem mindig teljesen egy\u00e9rtelm\u0171ek abban, hogy mekkora a brutt\u00f3 \u00e9s nett\u00f3 kapacit\u00e1s, a gy\u00e1rt\u00f3 szerint a megadott \u00e9rt\u00e9kek a t\u00e9nylegesen haszn\u00e1lhat\u00f3 kapacit\u00e1st jel\u00f6lik. Ez alapj\u00e1n felt\u00e9telezhetj\u00fck, hogy a kisebbik akkumul\u00e1tor teljes kapacit\u00e1sa k\u00f6r\u00fclbel\u00fcl 42 kWh lehet.<\/p>\n<p>A hajt\u00e1sr\u00f3l mindk\u00e9t v\u00e1ltozatban egy els\u0151ker\u00e9k-meghajt\u00e1s\u00fa villanymotor gondoskodik: az Urban modell eset\u00e9ben 134 l\u00f3er\u0151vel, m\u00edg az Explore eset\u00e9ben 201 l\u00f3er\u0151vel. A forgat\u00f3nyomat\u00e9k mindk\u00e9t esetben 291 lb-ft (nagyj\u00e1b\u00f3l 395 Nm), ami elegend\u0151, lend\u00fcletes v\u00e1rosi \u00e9s orsz\u00e1g\u00fati k\u00f6zleked\u00e9st biztos\u00edt. Ahol viszont a Soul lemarad a versenyt\u00e1rsakt\u00f3l, az a vill\u00e1mt\u00f6lt\u00e9si k\u00e9pess\u00e9g: m\u00edg az Explore maximum 77 kW-os gyorst\u00f6lt\u00e9st tud, az Urban csak 50 kW-ot, ami a mai m\u00e9rc\u00e9k szerint el\u00e9g szer\u00e9nynek sz\u00e1m\u00edt.<\/p>\n<p>K\u00fcls\u0151 megjelen\u00e9s\u00e9ben a Soul szinte teljesen v\u00e1ltozatlan maradt 2019 \u00f3ta. Ez azt jelenti, hogy m\u00e9g mindig megtartotta azt a szokatlan, doboz form\u00e1j\u00fa kialak\u00edt\u00e1st, ami manaps\u00e1g m\u00e1r ritka az aut\u00f3iparban. A tet\u0151 v\u00edzszintes, a h\u00e1ts\u00f3 ajt\u00f3 pedig szinte der\u00e9ksz\u00f6gben csatlakozik hozz\u00e1, ami er\u0151sen eml\u00e9keztet a r\u00e9gi Volvo V70 formavil\u00e1g\u00e1ra. A h\u00e1ts\u00f3 r\u00e9sz kialak\u00edt\u00e1sa \u2013 az \u00fcveges csomagt\u00e9rajt\u00f3 k\u00f6zep\u00e9n meghagyott \u201etestsz\u00edn\u0171 sziget\u201d \u2013 igazi Soul-v\u00e9djeggy\u00e9 v\u00e1lt.<\/p>\n<p>Az orr-r\u00e9szben megtal\u00e1ljuk a kiss\u00e9 morcos kin\u00e9zet\u0171 LED-es f\u00e9nysz\u00f3r\u00f3kat, egy \u00e1tl\u00e1tsz\u00f3 d\u00edszcs\u00edkot (ami nem vil\u00e1g\u00edt), valamint a t\u00f6lt\u0151csatlakoz\u00f3t, ami el\u00f6l, k\u00f6z\u00e9pen kapott helyet. B\u00e1r ez a kialak\u00edt\u00e1s bizonyos szempontb\u00f3l praktikus, p\u00e9ld\u00e1ul ha mer\u0151legesen parkolunk, ugyanakkor s\u00e9r\u00fcl\u00e9kenyebb \u00e9s nem mindig k\u00e9nyelmes \u2013 p\u00e9ld\u00e1ul egy \u00fatsz\u00e9li t\u00f6lt\u0151oszlopn\u00e1l jobb lenne, ha az aut\u00f3 h\u00e1tulj\u00e1n, az utasoldalon lenne a csatlakoz\u00f3.<\/p>\n","protected":false},"excerpt":{"rendered":"<p>Kor\u00e1bban \u00edrtunk arr\u00f3l, hogy a hat\u00f3s\u00e1gok a t\u00far\u00e1z\u00f3k seg\u00edts\u00e9g\u00e9t k\u00e9rik Kasz\u00e1s Nikolett, a 27 \u00e9ves fiatal n\u0151 elt\u0171n\u00e9se kapcs\u00e1n. T\u00f6bb&#8230; <span class=\"gridview-grid-post-read-more\"><a href=\"https:\/\/online-filmkatarzis.com\/kucko\/hirek\/most-erkezett-a-friss-kozlemeny-a-pilisben-eltunt-kaszas-nikolettrol\/\">read more<span class=\"gridview-sr-only\"> Most \u00e9rkezett a friss k\u00f6zlem\u00e9ny a Pilisben elt\u0171nt Kasz\u00e1s Nikolettr\u0151l.<\/span><\/a><\/span><\/p>\n","protected":false},"author":1,"featured_media":4090,"comment_status":"open","ping_status":"open","sticky":false,"template":"","format":"standard","meta":{"footnotes":""},"categories":[1],"tags":[],"class_list":["post-4089","post","type-post","status-publish","format-standard","has-post-thumbnail","hentry","category-egyeb","wpcat-1-id"],"_links":{"self":[{"href":"https:\/\/online-filmkatarzis.com\/kucko\/hirek\/wp-json\/wp\/v2\/posts\/4089","targetHints":{"allow":["GET"]}}],"collection":[{"href":"https:\/\/online-filmkatarzis.com\/kucko\/hirek\/wp-json\/wp\/v2\/posts"}],"about":[{"href":"https:\/\/online-filmkatarzis.com\/kucko\/hirek\/wp-json\/wp\/v2\/types\/post"}],"author":[{"embeddable":true,"href":"https:\/\/online-filmkatarzis.com\/kucko\/hirek\/wp-json\/wp\/v2\/users\/1"}],"replies":[{"embeddable":true,"href":"https:\/\/online-filmkatarzis.com\/kucko\/hirek\/wp-json\/wp\/v2\/comments?post=4089"}],"version-history":[{"count":2,"href":"https:\/\/online-filmkatarzis.com\/kucko\/hirek\/wp-json\/wp\/v2\/posts\/4089\/revisions"}],"predecessor-version":[{"id":4098,"href":"https:\/\/online-filmkatarzis.com\/kucko\/hirek\/wp-json\/wp\/v2\/posts\/4089\/revisions\/4098"}],"wp:featuredmedia":[{"embeddable":true,"href":"https:\/\/online-filmkatarzis.com\/kucko\/hirek\/wp-json\/wp\/v2\/media\/4090"}],"wp:attachment":[{"href":"https:\/\/online-filmkatarzis.com\/kucko\/hirek\/wp-json\/wp\/v2\/media?parent=4089"}],"wp:term":[{"taxonomy":"category","embeddable":true,"href":"https:\/\/online-filmkatarzis.com\/kucko\/hirek\/wp-json\/wp\/v2\/categories?post=4089"},{"taxonomy":"post_tag","embeddable":true,"href":"https:\/\/online-filmkatarzis.com\/kucko\/hirek\/wp-json\/wp\/v2\/tags?post=4089"}],"curies":[{"name":"wp","href":"https:\/\/api.w.org\/{rel}","templated":true}]}}