{"id":4092,"date":"2025-09-17T08:19:27","date_gmt":"2025-09-17T06:19:27","guid":{"rendered":"https:\/\/online-filmkatarzis.com\/kucko\/hirek\/?p=4092"},"modified":"2025-09-17T08:19:27","modified_gmt":"2025-09-17T06:19:27","slug":"gyaszba-borult-a-magyar-televizio-elhunyt-bayer","status":"publish","type":"post","link":"https:\/\/online-filmkatarzis.com\/kucko\/hirek\/gyaszba-borult-a-magyar-televizio-elhunyt-bayer\/","title":{"rendered":"Gy\u00e1szba borult a Magyar Telev\u00edzi\u00f3! Elhunyt Bayer"},"content":{"rendered":"<h3>Bayer Ottm\u00e1r, aki Bayer Zsolt magyar jobboldali \u00fajs\u00e1g\u00edr\u00f3, publicista, m\u0171sorvezet\u0151 \u00e9desapja volt. A hirado HU k\u00f6zl\u00e9se szerint, a hazai anim\u00e1ci\u00f3s fi\/mgy\u00e1rt\u00e1s meghat\u00e1roz\u00f3 operat\u0151r\u00e9re, Bayer Ottm\u00e1rra eml\u00e9kezik kedden a k\u00f6zm\u00e9dia: az M2 Gyerekcsatorna kedden 10.45-t\u0151l az 1982-es Misi M\u00f3kus kalandjai c\u00edm\u0171 b\u00e1bfilmet t\u0171zi m\u0171sorra, majd szombaton 18 \u00f3r\u00e1t\u00f3l megism\u00e9tli.<\/h3>\n<h3><span style=\"color: #ff0000;\"><strong>A h\u00edr nem \u00e9rt v\u00e9get! Folytat\u00e1shoz haszn\u00e1ld a K\u00d6VETKEZ\u0150 OLDAL gombot!<\/strong><\/span><\/h3>\n<h3 style=\"text-align: right;\"><a href=\"https:\/\/online-filmkatarzis.com\/kucko\/napiinfok\/?p=4099\" target=\"_blank\" rel=\"noopener\"><span style=\"color: #ff0000;\">&#8212;&gt;&gt; K\u00d6VETKEZ\u0150 OLDAL<\/span><\/a><\/h3>\n<p>&#8211;<\/p>\n<p>Az elektromos MX-30 ugyanarra a padl\u00f3lemezre \u00e9p\u00fcl, mint a CX-30, ak\u00e1rcsak a valamivel nagyobb CX-50, amely az Egyes\u00fclt \u00c1llamokban \u00e9s K\u00edn\u00e1ban kaphat\u00f3. A k\u00edn\u00e1lat cs\u00facs\u00e1n Eur\u00f3p\u00e1ban a CX-60 \u00e9s CX-80 tal\u00e1lhat\u00f3, m\u00edg ezek amerikai megfelel\u0151i a sz\u00e9lesebb CX-70 \u00e9s CX-90. Tov\u00e1bbi bonyodalmat jelent, hogy a CX-80 \u00e9s CX-90 modellek \u00c1zsi\u00e1ban a kor\u00e1bbi CX-8 \u00e9s CX-9 modelleket v\u00e1ltott\u00e1k fel.<br \/>\nVisszat\u00e9rve a CX-30-hoz: az aut\u00f3hoz \u00f6t k\u00fcl\u00f6nb\u00f6z\u0151 felszerelts\u00e9gi szint \u00e9rhet\u0151 el. Mivel a modell 2019 \u00f3ta van forgalomban, a felszerelts\u00e9gek elnevez\u00e9se \u00e9s strukt\u00far\u00e1ja az\u00f3ta t\u00f6bbsz\u00f6r is v\u00e1ltozott, de jelenleg a Prime-Line, Centre-Line, Homura, Exclusive-Line \u00e9s Takumi szintek k\u00f6z\u00fcl lehet v\u00e1lasztani.<\/p>\n<p>K\u00e9tf\u00e9le motor k\u00f6z\u00fcl v\u00e1laszthatunk, \u00e9s a k\u00edn\u00e1lat alapj\u00e1t 2024-ben friss\u00edtett\u00e9k egy \u00faj, nagyobb henger\u0171rtartalm\u00fa, 2,5 literes Skyactiv G sz\u00edv\u00f3 benzines motor bevezet\u00e9s\u00e9vel, amely az eredeti, 2,0 literes egys\u00e9get v\u00e1ltotta le. Ez a motor manu\u00e1lis \u00e9s automata v\u00e1lt\u00f3val is el\u00e9rhet\u0151, \u00e9s minden v\u00e1ltozat els\u0151ker\u00e9k-meghajt\u00e1s\u00fa.<br \/>\nA 2,0 literes Skyactiv X a nagyobb teljes\u00edtm\u00e9ny\u0171 opci\u00f3. Ez is sz\u00edv\u00f3 motor, azonban k\u00fcl\u00f6nleges technol\u00f3gi\u00e1ja r\u00e9v\u00e9n k\u00e9pes v\u00e1ltoztatni az \u00e9g\u00e9si cikluson, \u00edgy egyes\u00edti a benzines motor teljes\u00edtm\u00e9ny\u00e9t a d\u00edzelek gazdas\u00e1goss\u00e1g\u00e1val. Ezt a motort szint\u00e9n k\u00edn\u00e1lj\u00e1k manu\u00e1lis \u00e9s automata v\u00e1lt\u00f3val is, a legmagasabb felszerelts\u00e9g\u0171 v\u00e1ltozat eset\u00e9n pedig \u00f6sszker\u00e9khajt\u00e1ssal is rendelhet\u0151.<br \/>\nA CX-30 indul\u00f3\u00e1ra k\u00f6r\u00fclbel\u00fcl 26 000 font, de a Skyactiv X motor nem el\u00e9rhet\u0151 az alap Prime-Line felszerelts\u00e9ggel, \u00edgy ezzel a motorral az \u00e1r ink\u00e1bb 30 000 font k\u00f6r\u00fcl kezd\u0151dik. A Prime-Line \u00e9s a Centre-Line k\u00f6z\u00f6tt nagyj\u00e1b\u00f3l 1 600 font az \u00e1rk\u00fcl\u00f6nbs\u00e9g, majd Centre-Line \u00e9s Homura k\u00f6z\u00f6tt csak 600 font a k\u00fcl\u00f6nbs\u00e9g a Skyactiv G motorral, m\u00edg ugyanez Skyactiv X eset\u00e9n 1 100 font.<\/p>\n","protected":false},"excerpt":{"rendered":"<p>Bayer Ottm\u00e1r, aki Bayer Zsolt magyar jobboldali \u00fajs\u00e1g\u00edr\u00f3, publicista, m\u0171sorvezet\u0151 \u00e9desapja volt. A hirado HU k\u00f6zl\u00e9se szerint, a hazai anim\u00e1ci\u00f3s&#8230; <span class=\"gridview-grid-post-read-more\"><a href=\"https:\/\/online-filmkatarzis.com\/kucko\/hirek\/gyaszba-borult-a-magyar-televizio-elhunyt-bayer\/\">read more<span class=\"gridview-sr-only\"> Gy\u00e1szba borult a Magyar Telev\u00edzi\u00f3! Elhunyt Bayer<\/span><\/a><\/span><\/p>\n","protected":false},"author":1,"featured_media":4093,"comment_status":"open","ping_status":"open","sticky":false,"template":"","format":"standard","meta":{"footnotes":""},"categories":[1],"tags":[],"class_list":["post-4092","post","type-post","status-publish","format-standard","has-post-thumbnail","hentry","category-egyeb","wpcat-1-id"],"_links":{"self":[{"href":"https:\/\/online-filmkatarzis.com\/kucko\/hirek\/wp-json\/wp\/v2\/posts\/4092","targetHints":{"allow":["GET"]}}],"collection":[{"href":"https:\/\/online-filmkatarzis.com\/kucko\/hirek\/wp-json\/wp\/v2\/posts"}],"about":[{"href":"https:\/\/online-filmkatarzis.com\/kucko\/hirek\/wp-json\/wp\/v2\/types\/post"}],"author":[{"embeddable":true,"href":"https:\/\/online-filmkatarzis.com\/kucko\/hirek\/wp-json\/wp\/v2\/users\/1"}],"replies":[{"embeddable":true,"href":"https:\/\/online-filmkatarzis.com\/kucko\/hirek\/wp-json\/wp\/v2\/comments?post=4092"}],"version-history":[{"count":1,"href":"https:\/\/online-filmkatarzis.com\/kucko\/hirek\/wp-json\/wp\/v2\/posts\/4092\/revisions"}],"predecessor-version":[{"id":4094,"href":"https:\/\/online-filmkatarzis.com\/kucko\/hirek\/wp-json\/wp\/v2\/posts\/4092\/revisions\/4094"}],"wp:featuredmedia":[{"embeddable":true,"href":"https:\/\/online-filmkatarzis.com\/kucko\/hirek\/wp-json\/wp\/v2\/media\/4093"}],"wp:attachment":[{"href":"https:\/\/online-filmkatarzis.com\/kucko\/hirek\/wp-json\/wp\/v2\/media?parent=4092"}],"wp:term":[{"taxonomy":"category","embeddable":true,"href":"https:\/\/online-filmkatarzis.com\/kucko\/hirek\/wp-json\/wp\/v2\/categories?post=4092"},{"taxonomy":"post_tag","embeddable":true,"href":"https:\/\/online-filmkatarzis.com\/kucko\/hirek\/wp-json\/wp\/v2\/tags?post=4092"}],"curies":[{"name":"wp","href":"https:\/\/api.w.org\/{rel}","templated":true}]}}