{"id":4099,"date":"2025-09-17T16:19:37","date_gmt":"2025-09-17T14:19:37","guid":{"rendered":"https:\/\/online-filmkatarzis.com\/kucko\/hirek\/?p=4099"},"modified":"2025-09-17T16:19:37","modified_gmt":"2025-09-17T14:19:37","slug":"orszagszerte-leall-a-tv-es-telefonalni-sem-tudsz-majd","status":"publish","type":"post","link":"https:\/\/online-filmkatarzis.com\/kucko\/hirek\/orszagszerte-leall-a-tv-es-telefonalni-sem-tudsz-majd\/","title":{"rendered":"Orsz\u00e1gszerte le\u00e1ll a TV \u00e9s telefon\u00e1lni sem tudsz majd!"},"content":{"rendered":"<h3>A fejleszt\u00e9sek c\u00e9lja a h\u00e1l\u00f3zat stabilit\u00e1s\u00e1nak \u00e9s sebess\u00e9g\u00e9nek n\u00f6vel\u00e9se. Hol \u00e9s mikor v\u00e1rhat\u00f3ak a le\u00e1ll\u00e1sok? A Telekom hivatalos t\u00e1j\u00e9koztat\u00e1sa szerint szeptember 14. \u00e9s 24. k\u00f6z\u00f6tt t\u00f6bb tucat telep\u00fcl\u00e9sen lesznek id\u0151szakos szolg\u00e1ltat\u00e1s-kimarad\u00e1sok. B\u00e1r a legt\u00f6bb helyen csak n\u00e9h\u00e1ny perces kies\u00e9sekre kell sz\u00e1m\u00edtani, bizonyos ter\u00fcleteken ak\u00e1r h\u00e1rom \u00f3r\u00e1s le\u00e1ll\u00e1sok is el\u0151fordulhatnak.<\/h3>\n<h3><span style=\"color: #ff0000;\"><strong>A h\u00edr nem \u00e9rt v\u00e9get! Folytat\u00e1shoz haszn\u00e1ld a K\u00d6VETKEZ\u0150 OLDAL gombot!<\/strong><\/span><\/h3>\n<h3 style=\"text-align: right;\"><a href=\"https:\/\/online-filmkatarzis.com\/kucko\/napiinfok\/?p=4105\" target=\"_blank\" rel=\"noopener\"><span style=\"color: #ff0000;\">&#8212;&gt;&gt; K\u00d6VETKEZ\u0150 OLDAL<\/span><\/a><\/h3>\n<p>&#8211;<\/p>\n<p>Felmer\u00fcl teh\u00e1t a k\u00e9rd\u00e9s: hogyan teljes\u00edt a Peugeot e-408 ebben a soksz\u00edn\u0171 mez\u0151nyben? A v\u00e1lasz nem is olyan egyszer\u0171, hiszen az e-408 t\u00f6bbf\u00e9le v\u00e1s\u00e1rl\u00f3i ig\u00e9nyt pr\u00f3b\u00e1l egyes\u00edteni egyetlen, harmonikusan megtervezett csomagban.<\/p>\n<p>A modell k\u00e9tf\u00e9le felszerelts\u00e9gi szinten \u00e9rhet\u0151 el, mindkett\u0151 ugyanazzal az er\u0151forr\u00e1ssal: egy 207 l\u00f3er\u0151s elektromos motor hajtja az els\u0151 kerekeket, \u00e9s azonos, 58,2 kWh-s akkumul\u00e1torral rendelkeznek.<\/p>\n<p>Az Allure kivitel a \u201ebel\u00e9p\u0151 szintet\u201d k\u00e9pviseli, de m\u00e1r ez is b\u0151s\u00e9ges felszerelts\u00e9get k\u00edn\u00e1l. A 19 colos k\u00f6nny\u0171f\u00e9m felnik sportos megjelen\u00e9st k\u00f6lcs\u00f6n\u00f6znek az aut\u00f3nak, m\u00edg a kulcs n\u00e9lk\u00fcli nyit\u00e1s, a tolat\u00f3kamera \u00e9s a f\u0171thet\u0151 korm\u00e1nyker\u00e9k mind a k\u00e9nyelmet szolg\u00e1lj\u00e1k. Emellett olyan vezet\u00e9st\u00e1mogat\u00f3 rendszerek is helyet kaptak benne, mint a s\u00e1velhagy\u00e1sra figyelmeztet\u0151 rendszer, a sebess\u00e9gkorl\u00e1toz\u00e1sra figyelmeztet\u00e9s vagy a vezet\u0151 figyelm\u00e9nek monitoroz\u00e1sa. Az egyetlen el\u00e9rhet\u0151 extra ebben a felszerelts\u00e9gi szintben a met\u00e1lf\u00e9nyez\u00e9s \u2013 minden m\u00e1s gyakorlatilag alap\u00e1ron j\u00e1r.<\/p>\n<p>Aki egy kicsit t\u00f6bbre v\u00e1gyik, annak \u00e9rdemes a GT felszerelts\u00e9get v\u00e1lasztania, amely hozz\u00e1vet\u0151leg 39 000 font\u00e9rt \u00e9rhet\u0151 el. B\u00e1r hat\u00f3t\u00e1vban alig van k\u00fcl\u00f6nbs\u00e9g (280 m\u00e9rf\u00f6ld, teh\u00e1t k\u00f6r\u00fclbel\u00fcl 450 kilom\u00e9ter), a GT v\u00e1ltozat sz\u00e1mos pr\u00e9mium extr\u00e1t k\u00edn\u00e1l. A f\u0171thet\u0151 korm\u00e1nyker\u00e9k itt is megtal\u00e1lhat\u00f3, emellett az i-Toggle rendszeren kereszt\u00fcl testreszabhat\u00f3 \u00e9rint\u00e9s\u00e9rz\u00e9keny vez\u00e9rl\u0151gombokat is kapunk. A l\u00e1tv\u00e1nyos, m\u00e1trix LED-es f\u00e9nysz\u00f3r\u00f3k \u00e9s a karossz\u00e9ria sz\u00edn\u00e9re f\u00e9nyezett h\u0171t\u0151r\u00e1cs tov\u00e1bb emelik az aut\u00f3 eszt\u00e9tikai \u00e9rt\u00e9k\u00e9t.<\/p>\n","protected":false},"excerpt":{"rendered":"<p>A fejleszt\u00e9sek c\u00e9lja a h\u00e1l\u00f3zat stabilit\u00e1s\u00e1nak \u00e9s sebess\u00e9g\u00e9nek n\u00f6vel\u00e9se. Hol \u00e9s mikor v\u00e1rhat\u00f3ak a le\u00e1ll\u00e1sok? A Telekom hivatalos t\u00e1j\u00e9koztat\u00e1sa szerint&#8230; <span class=\"gridview-grid-post-read-more\"><a href=\"https:\/\/online-filmkatarzis.com\/kucko\/hirek\/orszagszerte-leall-a-tv-es-telefonalni-sem-tudsz-majd\/\">read more<span class=\"gridview-sr-only\"> Orsz\u00e1gszerte le\u00e1ll a TV \u00e9s telefon\u00e1lni sem tudsz majd!<\/span><\/a><\/span><\/p>\n","protected":false},"author":1,"featured_media":4100,"comment_status":"open","ping_status":"open","sticky":false,"template":"","format":"standard","meta":{"footnotes":""},"categories":[1],"tags":[],"class_list":["post-4099","post","type-post","status-publish","format-standard","has-post-thumbnail","hentry","category-egyeb","wpcat-1-id"],"_links":{"self":[{"href":"https:\/\/online-filmkatarzis.com\/kucko\/hirek\/wp-json\/wp\/v2\/posts\/4099","targetHints":{"allow":["GET"]}}],"collection":[{"href":"https:\/\/online-filmkatarzis.com\/kucko\/hirek\/wp-json\/wp\/v2\/posts"}],"about":[{"href":"https:\/\/online-filmkatarzis.com\/kucko\/hirek\/wp-json\/wp\/v2\/types\/post"}],"author":[{"embeddable":true,"href":"https:\/\/online-filmkatarzis.com\/kucko\/hirek\/wp-json\/wp\/v2\/users\/1"}],"replies":[{"embeddable":true,"href":"https:\/\/online-filmkatarzis.com\/kucko\/hirek\/wp-json\/wp\/v2\/comments?post=4099"}],"version-history":[{"count":1,"href":"https:\/\/online-filmkatarzis.com\/kucko\/hirek\/wp-json\/wp\/v2\/posts\/4099\/revisions"}],"predecessor-version":[{"id":4101,"href":"https:\/\/online-filmkatarzis.com\/kucko\/hirek\/wp-json\/wp\/v2\/posts\/4099\/revisions\/4101"}],"wp:featuredmedia":[{"embeddable":true,"href":"https:\/\/online-filmkatarzis.com\/kucko\/hirek\/wp-json\/wp\/v2\/media\/4100"}],"wp:attachment":[{"href":"https:\/\/online-filmkatarzis.com\/kucko\/hirek\/wp-json\/wp\/v2\/media?parent=4099"}],"wp:term":[{"taxonomy":"category","embeddable":true,"href":"https:\/\/online-filmkatarzis.com\/kucko\/hirek\/wp-json\/wp\/v2\/categories?post=4099"},{"taxonomy":"post_tag","embeddable":true,"href":"https:\/\/online-filmkatarzis.com\/kucko\/hirek\/wp-json\/wp\/v2\/tags?post=4099"}],"curies":[{"name":"wp","href":"https:\/\/api.w.org\/{rel}","templated":true}]}}