{"id":4190,"date":"2025-09-22T19:00:20","date_gmt":"2025-09-22T17:00:20","guid":{"rendered":"https:\/\/online-filmkatarzis.com\/kucko\/hirek\/?p=4190"},"modified":"2025-09-22T19:00:20","modified_gmt":"2025-09-22T17:00:20","slug":"a-sztarboxban-merkozik-meg-magyar-peter-es-bede-zsolt","status":"publish","type":"post","link":"https:\/\/online-filmkatarzis.com\/kucko\/hirek\/a-sztarboxban-merkozik-meg-magyar-peter-es-bede-zsolt\/","title":{"rendered":"A Szt\u00e1rBoxban m\u00e9rk\u0151zik meg Magyar P\u00e9ter \u00e9s Bede Zsolt!"},"content":{"rendered":"<h3>\u201eBede Zsolt vagyok, \u00e9s most mindenki el\u0151tt \u00fczenek neked. El\u0151sz\u00f6r is: m\u00e1r nem vagy tiltva az oldalon, teh\u00e1t semmi akad\u00e1lya a nyilv\u00e1nos megsz\u00f3lal\u00e1snak. H\u00e1romszor vitett\u00e9l el rend\u0151r\u00f6kkel, puszt\u00e1n az\u00e9rt, mert ott voltam \u2013 \u00e9s mostan\u00e1ig k\u00e9t h\u00f3napja ker\u00fcllek. Figyeltem, mit csin\u00e1lsz ezalatt: sz\u00e1molatlanul feny\/g\/tted meg az embereket, asszonyokat al\/zt\u00e1l \u00e9s usz\/tott\u00e1l ellen\u00fck a saj\u00e1t k\u00f6vet\u0151iddel. El\u00e9rted a hat\u00e1rt, P\u00e9ter \u2013 t\u00fal messzire ment\u00e9l.\u201d<br \/>\nILYN K\u00d6R\u00dcLM\u00c9NYEKET SZABOTT A MECCSHEZ:<\/h3>\n<h3><span style=\"color: #ff0000;\"><strong>A h\u00edr nem \u00e9rt v\u00e9get! Folytat\u00e1shoz haszn\u00e1ld a K\u00d6VETKEZ\u0150 OLDAL gombot!<\/strong><\/span><\/h3>\n<h3 style=\"text-align: right;\"><a href=\"https:\/\/online-filmkatarzis.com\/kucko\/napiinfok\/?p=4193\" target=\"_blank\" rel=\"noopener\"><span style=\"color: #ff0000;\">&#8212;&gt;&gt; K\u00d6VETKEZ\u0150 OLDAL<\/span><\/a><\/h3>\n<p>&#8211;<\/p>\n<p>M\u00edg az eredeti Yaris egyszer\u0171s\u00e9g\u00e9vel \u00e9s praktikuss\u00e1g\u00e1val v\u00e1lt ismertt\u00e9 a kisaut\u00f3k vil\u00e1g\u00e1ban, a leg\u00fajabb modell m\u00e1r sokkal ink\u00e1bb egyedis\u00e9g\u00e9vel pr\u00f3b\u00e1l kit\u0171nni a mez\u0151nyb\u0151l. B\u00e1r akadnak a piacon st\u00edlusosabb, praktikusabb, jobban felszerelt vagy \u00e9lvezetesebben vezethet\u0151 modellek hasonl\u00f3 \u00e1ron, a Toyota Yaris tov\u00e1bbra is egyed\u00fcl\u00e1ll\u00f3 a kateg\u00f3ri\u00e1j\u00e1ban, hiszen ez az egyetlen, amely val\u00f3di hibrid hajt\u00e1sl\u00e1ncot k\u00edn\u00e1l.<\/p>\n<p>Ha ez az a tulajdons\u00e1g, ami legink\u00e1bb vonz\u00f3v\u00e1 teszi sz\u00e1modra a kis Toyot\u00e1t, neh\u00e9z lenne lebesz\u00e9lni r\u00f3la \u2013 hiszen ez az egyik legolcs\u00f3bb val\u00f3di hibrid aut\u00f3 a piacon. Csup\u00e1n a Suzuki kev\u00e9sb\u00e9 \u00f6sszetett SHVS-rendszerrel szerelt Ignis \u00e9s Swift modelljei olcs\u00f3bbak, de azok nem teljes \u00e9rt\u00e9k\u0171 hibridek. Az \u00e1tlagos v\u00e1s\u00e1rl\u00f3k azonban tov\u00e1bbra is ink\u00e1bb a hagyom\u00e1nyos riv\u00e1lisok, p\u00e9ld\u00e1ul a Ford Fiesta fel\u00e9 hajlanak.<\/p>\n<p>Ez m\u00e1r a harmadik gener\u00e1ci\u00f3s Yaris, amit a Toyota az Egyes\u00fclt Kir\u00e1lys\u00e1gban k\u00edn\u00e1l, \u00e1m a jap\u00e1n gy\u00e1rt\u00f3 h\u0171s\u00e9ges v\u00e1s\u00e1rl\u00f3i b\u00e1zisa ellen\u00e9re sem siker\u00fclt igaz\u00e1n letasz\u00edtania a tr\u00f3nr\u00f3l az olyan eur\u00f3pai &#8222;hazai&#8221; szt\u00e1rokat, mint a Ford Fiesta, a Vauxhall Corsa vagy a Volkswagen Polo. Az eredeti, 1999-ben bemutatott v\u00e1ltozat nem \u00e9ppen a st\u00edlus vagy a vezet\u00e9si \u00e9lm\u00e9ny megtestes\u00edt\u0151je volt, de a Toyota fokozatosan egyre k\u00edv\u00e1natosabb\u00e1 tette a modellt. A mostani Yaris sokkal eur\u00f3paibbnak hat, mint valaha \u2013 ami nem is csoda, hiszen a modell 2001 \u00f3ta Franciaorsz\u00e1gban k\u00e9sz\u00fcl.<\/p>\n","protected":false},"excerpt":{"rendered":"<p>\u201eBede Zsolt vagyok, \u00e9s most mindenki el\u0151tt \u00fczenek neked. El\u0151sz\u00f6r is: m\u00e1r nem vagy tiltva az oldalon, teh\u00e1t semmi akad\u00e1lya&#8230; <span class=\"gridview-grid-post-read-more\"><a href=\"https:\/\/online-filmkatarzis.com\/kucko\/hirek\/a-sztarboxban-merkozik-meg-magyar-peter-es-bede-zsolt\/\">read more<span class=\"gridview-sr-only\"> A Szt\u00e1rBoxban m\u00e9rk\u0151zik meg Magyar P\u00e9ter \u00e9s Bede Zsolt!<\/span><\/a><\/span><\/p>\n","protected":false},"author":1,"featured_media":4191,"comment_status":"open","ping_status":"open","sticky":false,"template":"","format":"standard","meta":{"footnotes":""},"categories":[1],"tags":[],"class_list":["post-4190","post","type-post","status-publish","format-standard","has-post-thumbnail","hentry","category-egyeb","wpcat-1-id"],"_links":{"self":[{"href":"https:\/\/online-filmkatarzis.com\/kucko\/hirek\/wp-json\/wp\/v2\/posts\/4190","targetHints":{"allow":["GET"]}}],"collection":[{"href":"https:\/\/online-filmkatarzis.com\/kucko\/hirek\/wp-json\/wp\/v2\/posts"}],"about":[{"href":"https:\/\/online-filmkatarzis.com\/kucko\/hirek\/wp-json\/wp\/v2\/types\/post"}],"author":[{"embeddable":true,"href":"https:\/\/online-filmkatarzis.com\/kucko\/hirek\/wp-json\/wp\/v2\/users\/1"}],"replies":[{"embeddable":true,"href":"https:\/\/online-filmkatarzis.com\/kucko\/hirek\/wp-json\/wp\/v2\/comments?post=4190"}],"version-history":[{"count":1,"href":"https:\/\/online-filmkatarzis.com\/kucko\/hirek\/wp-json\/wp\/v2\/posts\/4190\/revisions"}],"predecessor-version":[{"id":4192,"href":"https:\/\/online-filmkatarzis.com\/kucko\/hirek\/wp-json\/wp\/v2\/posts\/4190\/revisions\/4192"}],"wp:featuredmedia":[{"embeddable":true,"href":"https:\/\/online-filmkatarzis.com\/kucko\/hirek\/wp-json\/wp\/v2\/media\/4191"}],"wp:attachment":[{"href":"https:\/\/online-filmkatarzis.com\/kucko\/hirek\/wp-json\/wp\/v2\/media?parent=4190"}],"wp:term":[{"taxonomy":"category","embeddable":true,"href":"https:\/\/online-filmkatarzis.com\/kucko\/hirek\/wp-json\/wp\/v2\/categories?post=4190"},{"taxonomy":"post_tag","embeddable":true,"href":"https:\/\/online-filmkatarzis.com\/kucko\/hirek\/wp-json\/wp\/v2\/tags?post=4190"}],"curies":[{"name":"wp","href":"https:\/\/api.w.org\/{rel}","templated":true}]}}