{"id":4211,"date":"2025-09-23T18:06:20","date_gmt":"2025-09-23T16:06:20","guid":{"rendered":"https:\/\/online-filmkatarzis.com\/kucko\/hirek\/?p=4211"},"modified":"2025-09-23T18:06:20","modified_gmt":"2025-09-23T16:06:20","slug":"itt-a-nagy-szeptember-vegi-idojaras-elorejelzes","status":"publish","type":"post","link":"https:\/\/online-filmkatarzis.com\/kucko\/hirek\/itt-a-nagy-szeptember-vegi-idojaras-elorejelzes\/","title":{"rendered":"Itt a nagy szeptember V\u00c9GI id\u0151j\u00e1r\u00e1s-el\u0151rejelz\u00e9s!"},"content":{"rendered":"<h3>A legfrissebb el\u0151rejelz\u00e9se szerint szeptember h\u0151m\u00e9rs\u00e9kletei j\u00f3val m\u00e9rs\u00e9keltebbek lesznek, mint a ny\u00e1ri h\u00f3napok\u00e9. A meteorol\u00f3giai adatok alapj\u00e1n a h\u0151m\u00e9rs\u00e9klet egyetlen nap sem fogja meghaladni a 30 fokot, ami jelent\u0151s v\u00e1ltoz\u00e1s a kor\u00e1bbi forr\u00f3s\u00e1ghoz k\u00e9pest. A h\u00f3nap utols\u00f3 het\u00e9ben v\u00e1rhat\u00f3an egy hidegfront \u00e9rkezik, ami tov\u00e1bb h\u0171ti a leveg\u0151t, az \u00e1tlagh\u0151m\u00e9rs\u00e9kletet 20-24 fok k\u00f6z\u00e9 cs\u00f6kkentve.<\/h3>\n<h3><span style=\"color: #ff0000;\"><strong>A h\u00edr nem \u00e9rt v\u00e9get! Folytat\u00e1shoz haszn\u00e1ld a K\u00d6VETKEZ\u0150 OLDAL gombot!<\/strong><\/span><\/h3>\n<h3 style=\"text-align: right;\"><a href=\"https:\/\/online-filmkatarzis.com\/kucko\/napiinfok\/?p=4213\" target=\"_blank\" rel=\"noopener\"><span style=\"color: #ff0000;\">&#8212;&gt;&gt; K\u00d6VETKEZ\u0150 OLDAL<\/span><\/a><\/h3>\n<p>&#8211;<\/p>\n<p>A motorv\u00e1laszt\u00e9k ugyan korl\u00e1tozott, de c\u00e9lrat\u00f6r\u0151: egy d\u00edzelmotor \u00e9s egy plug-in hibrid hajt\u00e1sl\u00e1nc \u00e1ll rendelkez\u00e9sre. A hibrid k\u00fcl\u00f6n\u00f6sen figyelemre m\u00e9lt\u00f3, mivel nemcsak alacsony k\u00e1rosanyag-kibocs\u00e1t\u00e1ssal \u00e9s kedvez\u0151 \u00fczemanyag-fogyaszt\u00e1ssal \u00fczemel, hanem haszn\u00e1lhat\u00f3, tiszt\u00e1n elektromos hat\u00f3t\u00e1vot is biztos\u00edt, ami r\u00f6videbb v\u00e1rosi utakon csendes \u00e9s z\u00e9r\u00f3 emisszi\u00f3s k\u00f6zleked\u00e9st tesz lehet\u0151v\u00e9. Akik rendszeresen tudj\u00e1k t\u00f6lteni aut\u00f3jukat \u2013 p\u00e9ld\u00e1ul otthon vagy munkahelyen \u2013, azok sz\u00e1m\u00e1ra ez a v\u00e1ltozat minden szempontb\u00f3l el\u0151ny\u00f6sebb, mint a d\u00edzel.<\/p>\n<p>Az Optima kombi v\u00e1ltozata, az Optima SW, azoknak k\u00edn\u00e1l m\u00e9g nagyobb praktikumot, akiknek fontos a megn\u00f6velt csomagt\u00e9r vagy rendszeresen utaznak nagyobb rakom\u00e1nnyal. A kombi kivitel mind a d\u00edzel, mind a plug-in hibrid hajt\u00e1ssal el\u00e9rhet\u0151, \u00edgy a praktikum \u00e9s a gazdas\u00e1goss\u00e1g itt is k\u00e9z a k\u00e9zben j\u00e1r.<\/p>\n<p>Az utast\u00e9r t\u00e1gas, a l\u00e1bt\u00e9r \u00e9s a fejt\u00e9r mind el\u00f6l, mind h\u00e1tul b\u0151s\u00e9ges, \u00edgy hosszabb utakon is k\u00e9nyelmesen elf\u00e9r az eg\u00e9sz csal\u00e1d. A csomagtart\u00f3 is megfelel\u0151 m\u00e9ret\u0171, j\u00f3l pakolhat\u00f3, \u00e9s a h\u00e1ts\u00f3 \u00fcl\u00e9sek lehajt\u00e1s\u00e1val jelent\u0151s m\u00e9ret\u0171 rakt\u00e9r alak\u00edthat\u00f3 ki. Emellett a modell kiv\u00e1l\u00f3 biztons\u00e1gi felszerelts\u00e9ggel rendelkezik, ami k\u00fcl\u00f6n\u00f6sen fontos szempont lehet gyermekes csal\u00e1dok sz\u00e1m\u00e1ra.<\/p>\n<p>Mindezek mellett az Optima egyik legnagyobb el\u0151nye, hogy az \u00fczemeltet\u00e9si k\u00f6lts\u00e9gek alacsonyak. A hibrid verzi\u00f3val jelent\u0151s \u00fczemanyag-megtakar\u00edt\u00e1s \u00e9rhet\u0151 el, k\u00fcl\u00f6n\u00f6sen v\u00e1rosi k\u00f6rnyezetben, m\u00edg a d\u00edzel v\u00e1ltozat hossz\u00fa t\u00e1von, aut\u00f3p\u00e1ly\u00e1s haszn\u00e1latn\u00e1l mutatja meg igazi er\u0151ss\u00e9geit. A Kia h\u00edres hossz\u00fa \u2013 ak\u00e1r 7 \u00e9vre vagy 150 000 km-re sz\u00f3l\u00f3 \u2013 garanci\u00e1ja pedig extra biztons\u00e1got \u00e9s nyugalmat jelent a tulajdonos sz\u00e1m\u00e1ra.<\/p>\n","protected":false},"excerpt":{"rendered":"<p>A legfrissebb el\u0151rejelz\u00e9se szerint szeptember h\u0151m\u00e9rs\u00e9kletei j\u00f3val m\u00e9rs\u00e9keltebbek lesznek, mint a ny\u00e1ri h\u00f3napok\u00e9. A meteorol\u00f3giai adatok alapj\u00e1n a h\u0151m\u00e9rs\u00e9klet egyetlen&#8230; <span class=\"gridview-grid-post-read-more\"><a href=\"https:\/\/online-filmkatarzis.com\/kucko\/hirek\/itt-a-nagy-szeptember-vegi-idojaras-elorejelzes\/\">read more<span class=\"gridview-sr-only\"> Itt a nagy szeptember V\u00c9GI id\u0151j\u00e1r\u00e1s-el\u0151rejelz\u00e9s!<\/span><\/a><\/span><\/p>\n","protected":false},"author":1,"featured_media":4212,"comment_status":"open","ping_status":"open","sticky":false,"template":"","format":"standard","meta":{"footnotes":""},"categories":[1],"tags":[],"class_list":["post-4211","post","type-post","status-publish","format-standard","has-post-thumbnail","hentry","category-egyeb","wpcat-1-id"],"_links":{"self":[{"href":"https:\/\/online-filmkatarzis.com\/kucko\/hirek\/wp-json\/wp\/v2\/posts\/4211","targetHints":{"allow":["GET"]}}],"collection":[{"href":"https:\/\/online-filmkatarzis.com\/kucko\/hirek\/wp-json\/wp\/v2\/posts"}],"about":[{"href":"https:\/\/online-filmkatarzis.com\/kucko\/hirek\/wp-json\/wp\/v2\/types\/post"}],"author":[{"embeddable":true,"href":"https:\/\/online-filmkatarzis.com\/kucko\/hirek\/wp-json\/wp\/v2\/users\/1"}],"replies":[{"embeddable":true,"href":"https:\/\/online-filmkatarzis.com\/kucko\/hirek\/wp-json\/wp\/v2\/comments?post=4211"}],"version-history":[{"count":1,"href":"https:\/\/online-filmkatarzis.com\/kucko\/hirek\/wp-json\/wp\/v2\/posts\/4211\/revisions"}],"predecessor-version":[{"id":4213,"href":"https:\/\/online-filmkatarzis.com\/kucko\/hirek\/wp-json\/wp\/v2\/posts\/4211\/revisions\/4213"}],"wp:featuredmedia":[{"embeddable":true,"href":"https:\/\/online-filmkatarzis.com\/kucko\/hirek\/wp-json\/wp\/v2\/media\/4212"}],"wp:attachment":[{"href":"https:\/\/online-filmkatarzis.com\/kucko\/hirek\/wp-json\/wp\/v2\/media?parent=4211"}],"wp:term":[{"taxonomy":"category","embeddable":true,"href":"https:\/\/online-filmkatarzis.com\/kucko\/hirek\/wp-json\/wp\/v2\/categories?post=4211"},{"taxonomy":"post_tag","embeddable":true,"href":"https:\/\/online-filmkatarzis.com\/kucko\/hirek\/wp-json\/wp\/v2\/tags?post=4211"}],"curies":[{"name":"wp","href":"https:\/\/api.w.org\/{rel}","templated":true}]}}