{"id":4225,"date":"2025-09-24T19:03:22","date_gmt":"2025-09-24T17:03:22","guid":{"rendered":"https:\/\/online-filmkatarzis.com\/kucko\/hirek\/?p=4225"},"modified":"2025-09-24T19:03:22","modified_gmt":"2025-09-24T17:03:22","slug":"elo-adasban-aludt-be-stohl-andras-a-kamera-mindent-vett","status":"publish","type":"post","link":"https:\/\/online-filmkatarzis.com\/kucko\/hirek\/elo-adasban-aludt-be-stohl-andras-a-kamera-mindent-vett\/","title":{"rendered":"\u00c9l\u0151 ad\u00e1sban aludt be Stohl Andr\u00e1s! A kamera mindent vett!"},"content":{"rendered":"<h3>Stohl Andr\u00e1s az elm\u00falt hetekben rengeteg t\u00e1mad\u00e1st kapott amiatt, hogy f\u0151szerepet v\u00e1llalt A Nagy \u0150 c\u00edm\u0171 m\u0171sorban. A kritik\u00e1kat azonban mostanra h\u00e1tt\u00e9rbe szor\u00edtotta valami sokkal l\u00e1tv\u00e1nyosabb: a kimer\u00fclts\u00e9g, amely l\u00e1that\u00f3an nyomot hagy rajta a kamer\u00e1k el\u0151tt is.<\/h3>\n<h3><span style=\"color: #ff0000;\"><strong>A h\u00edr nem \u00e9rt v\u00e9get! Folytat\u00e1shoz haszn\u00e1ld a K\u00d6VETKEZ\u0150 OLDAL gombot!<\/strong><\/span><\/h3>\n<h3 style=\"text-align: right;\"><a href=\"https:\/\/online-filmkatarzis.com\/kucko\/napiinfok\/?p=4226\" target=\"_blank\" rel=\"noopener\"><span style=\"color: #ff0000;\">&#8212;&gt;&gt; K\u00d6VETKEZ\u0150 OLDAL<\/span><\/a><\/h3>\n<p>&#8211;<\/p>\n<p>Ha pedig a PHEV plug-in hibrid v\u00e1ltozatra vet\u00fcl a figyelem, a praktikum sajnos m\u00e9g ink\u00e1bb h\u00e1tt\u00e9rbe szorul. A hibrid rendszerhez sz\u00fcks\u00e9ges akkumul\u00e1torcsomag a csomagt\u00e9r padl\u00f3ja al\u00e1 ker\u00fclt, ami jelent\u0151s kompromisszummal j\u00e1r: a rakt\u00e9r mind\u00f6ssze 307 literre cs\u00f6kken, azaz 203 literrel kevesebb, mint a d\u00edzelv\u00e1ltozat eset\u00e9ben. Ez egy kompakt ferdeh\u00e1t\u00fa szintje, nem pedig egy k\u00f6z\u00e9pkateg\u00f3ri\u00e1s szed\u00e1n\u00e9.<\/p>\n<p>A helyzetet tov\u00e1bb rontja, hogy az emelt padl\u00f3szint miatt egy kellemetlen &#8222;p\u00fap&#8221; jelenik meg a rakt\u00e9rben, amely nemcsak a t\u00e9rfogatot cs\u00f6kkenti, hanem zavar\u00f3 lehet a pakol\u00e1sn\u00e1l is. Emellett a t\u00f6lt\u0151k\u00e1beleknek sincs k\u00fcl\u00f6n kialak\u00edtott t\u00e1rol\u00f3hely, \u00edgy azok rendszeresen \u201eszanasz\u00e9t\u201d heverhetnek a csomagt\u00e9rben, vagy helyet foglalnak el az egy\u00e9b rakom\u00e1ny el\u0151l. Az akkumul\u00e1tor elhelyezked\u00e9se miatt a h\u00e1ts\u00f3 \u00fcl\u00e9sek sem d\u00f6nthet\u0151k le, \u00edgy a hosszabb t\u00e1rgyak sz\u00e1ll\u00edt\u00e1sa teljesen kiz\u00e1rt.<\/p>\n<p>A plug-in hibrid (PHEV) v\u00e1ltozat kiz\u00e1r\u00f3lag egyetlen felszerelts\u00e9gi szinttel \u00e9rhet\u0151 el, \u00e9s egy hatfokozat\u00fa duplakuplungos automata v\u00e1lt\u00f3t haszn\u00e1l. A Kia szerint a modell mind\u00f6ssze 33 g\/km CO\u2082-t bocs\u00e1t ki, \u00e9s tiszt\u00e1n elektromos \u00fczemben k\u00f6r\u00fclbel\u00fcl 32 kilom\u00e9tert k\u00e9pes megtenni. B\u00e1r ez nem a leghosszabb hat\u00f3t\u00e1v a plug-in hibridek mez\u0151ny\u00e9ben, a rendk\u00edv\u00fcl alacsony ad\u00f3besorol\u00e1s miatt ide\u00e1lis v\u00e1laszt\u00e1s lehet c\u00e9ges felhaszn\u00e1l\u00f3k sz\u00e1m\u00e1ra \u2013 a PHEV ugyanis csup\u00e1n 7 sz\u00e1zal\u00e9kos BIK (Benefit-in-Kind) ad\u00f3kulcs al\u00e1 esik. A hibrid otthoni, hagyom\u00e1nyos h\u00e1l\u00f3zati csatlakoz\u00f3r\u00f3l is felt\u00f6lthet\u0151, ami nagyj\u00e1b\u00f3l h\u00e1rom \u00f3r\u00e1t vesz ig\u00e9nybe. Egyel\u0151re azonban nincs lehet\u0151s\u00e9g gyorst\u00f6lt\u00e9sre (DC t\u00f6lt\u00e9s), \u00edgy az otthoni t\u00f6lt\u00e9s marad az egyetlen re\u00e1lis opci\u00f3.<\/p>\n","protected":false},"excerpt":{"rendered":"<p>Stohl Andr\u00e1s az elm\u00falt hetekben rengeteg t\u00e1mad\u00e1st kapott amiatt, hogy f\u0151szerepet v\u00e1llalt A Nagy \u0150 c\u00edm\u0171 m\u0171sorban. A kritik\u00e1kat azonban&#8230; <span class=\"gridview-grid-post-read-more\"><a href=\"https:\/\/online-filmkatarzis.com\/kucko\/hirek\/elo-adasban-aludt-be-stohl-andras-a-kamera-mindent-vett\/\">read more<span class=\"gridview-sr-only\"> \u00c9l\u0151 ad\u00e1sban aludt be Stohl Andr\u00e1s! A kamera mindent vett!<\/span><\/a><\/span><\/p>\n","protected":false},"author":1,"featured_media":4226,"comment_status":"open","ping_status":"open","sticky":false,"template":"","format":"standard","meta":{"footnotes":""},"categories":[1],"tags":[],"class_list":["post-4225","post","type-post","status-publish","format-standard","has-post-thumbnail","hentry","category-egyeb","wpcat-1-id"],"_links":{"self":[{"href":"https:\/\/online-filmkatarzis.com\/kucko\/hirek\/wp-json\/wp\/v2\/posts\/4225","targetHints":{"allow":["GET"]}}],"collection":[{"href":"https:\/\/online-filmkatarzis.com\/kucko\/hirek\/wp-json\/wp\/v2\/posts"}],"about":[{"href":"https:\/\/online-filmkatarzis.com\/kucko\/hirek\/wp-json\/wp\/v2\/types\/post"}],"author":[{"embeddable":true,"href":"https:\/\/online-filmkatarzis.com\/kucko\/hirek\/wp-json\/wp\/v2\/users\/1"}],"replies":[{"embeddable":true,"href":"https:\/\/online-filmkatarzis.com\/kucko\/hirek\/wp-json\/wp\/v2\/comments?post=4225"}],"version-history":[{"count":1,"href":"https:\/\/online-filmkatarzis.com\/kucko\/hirek\/wp-json\/wp\/v2\/posts\/4225\/revisions"}],"predecessor-version":[{"id":4227,"href":"https:\/\/online-filmkatarzis.com\/kucko\/hirek\/wp-json\/wp\/v2\/posts\/4225\/revisions\/4227"}],"wp:featuredmedia":[{"embeddable":true,"href":"https:\/\/online-filmkatarzis.com\/kucko\/hirek\/wp-json\/wp\/v2\/media\/4226"}],"wp:attachment":[{"href":"https:\/\/online-filmkatarzis.com\/kucko\/hirek\/wp-json\/wp\/v2\/media?parent=4225"}],"wp:term":[{"taxonomy":"category","embeddable":true,"href":"https:\/\/online-filmkatarzis.com\/kucko\/hirek\/wp-json\/wp\/v2\/categories?post=4225"},{"taxonomy":"post_tag","embeddable":true,"href":"https:\/\/online-filmkatarzis.com\/kucko\/hirek\/wp-json\/wp\/v2\/tags?post=4225"}],"curies":[{"name":"wp","href":"https:\/\/api.w.org\/{rel}","templated":true}]}}