{"id":4234,"date":"2025-09-25T16:31:41","date_gmt":"2025-09-25T14:31:41","guid":{"rendered":"https:\/\/online-filmkatarzis.com\/kucko\/hirek\/?p=4234"},"modified":"2025-09-25T16:31:41","modified_gmt":"2025-09-25T14:31:41","slug":"itt-az-ujabb-krausz-botrany","status":"publish","type":"post","link":"https:\/\/online-filmkatarzis.com\/kucko\/hirek\/itt-az-ujabb-krausz-botrany\/","title":{"rendered":"Itt az \u00fajabb Krausz BOTR\u00c1NY!"},"content":{"rendered":"<h3>Krausz G\u00e1bor a napokban ism\u00e9t tetov\u00e1l\u00f3szalonban j\u00e1rt, amit Instagram-sztorij\u00e1ban is megosztott k\u00f6vet\u0151ivel. Nem ez az els\u0151 alkalom, hogy \u00faj tetov\u00e1l\u00e1st k\u00e9sz\u00edttet, hiszen kor\u00e1bban m\u00e1r t\u00f6bb alkalommal is felkereste a szalont, p\u00e9ld\u00e1ul amikor elt\u00e1vol\u00edttatta a volt feles\u00e9g\u00e9re, T\u00f3th Gabira eml\u00e9keztet\u0151 tetov\u00e1l\u00e1s\u00e1t. G\u00e1bor \u00e9s Gabi v\u00e1l\u00e1sa nagy visszhangot keltett, hiszen sokan \u00fagy gondolt\u00e1k, hogy \u00f6r\u00f6kre egy\u00fctt maradnak. A p\u00e1r nem sokkal a szak\u00edt\u00e1suk el\u0151tt v\u00e1s\u00e1rolt vid\u00e9ken egy csal\u00e1di h\u00e1zat, ahol kisl\u00e1nyukat \u00f3vod\u00e1ba is be\u00edratt\u00e1k.<br \/>\nAz internet n\u00e9pe szerint EZ BOTR\u00c1NY! Most ez\u00e9rt ment tetov\u00e1ltatni:<\/h3>\n<h3><span style=\"color: #ff0000;\"><strong>A h\u00edr nem \u00e9rt v\u00e9get! Folytat\u00e1shoz haszn\u00e1ld a K\u00d6VETKEZ\u0150 OLDAL gombot!<\/strong><\/span><\/h3>\n<h3 style=\"text-align: right;\"><a href=\"https:\/\/online-filmkatarzis.com\/kucko\/napiinfok\/?p=4235\" target=\"_blank\" rel=\"noopener\"><span style=\"color: #ff0000;\">&#8212;&gt;&gt; K\u00d6VETKEZ\u0150 OLDAL<\/span><\/a><\/h3>\n<p>&#8211;<\/p>\n<p>Az \u00faton ny\u00fajtott \u00e9lm\u00e9ny \u00f6sszess\u00e9g\u00e9ben\u2026 k\u00f6zepes. Amikor lenyomod a g\u00e1zped\u00e1lt, nem igaz\u00e1n \u00e9rzed azt, hogy 429 l\u00f3er\u0151t \u00e9s 600 Nm nyomat\u00e9kot szabad\u00edtasz el. Ha nem ismern\u00e9nk az adatlapot, ink\u00e1bb 300 l\u00f3er\u0151 k\u00f6r\u00fclinek t\u0171nne a teljes\u00edtm\u00e9ny \u2013 ami egy\u00e9bk\u00e9nt b\u0151ven elegend\u0151 az Egyes\u00fclt Kir\u00e1lys\u00e1g \u00fatjaira.<\/p>\n<p>Az \u00e9lm\u00e9nyt az sem seg\u00edti, ahogy a g\u00e1zped\u00e1l reakci\u00f3j\u00e1t hangolt\u00e1k: ha nem nyomod le teljesen, eg\u00e9szen a \u201ekickdown\u201d kapcsol\u00f3ig, a teljes\u00edtm\u00e9ny fokozatosan \u00e9p\u00fcl fel a sebess\u00e9ggel p\u00e1rhuzamosan, \u00e9s csak 80 km\/h k\u00f6r\u00fcl \u00e9rkezik meg igaz\u00e1n az er\u0151.<\/p>\n<p>Ha \u00e1tv\u00e1ltasz a Nismo \u00fczemm\u00f3dba \u2013 amely \u00e9lesebb\u00e9 teszi a g\u00e1zreakci\u00f3kat \u00e9s a regenerat\u00edv f\u00e9kez\u00e9st \u2013, akkor egy szintetikus motorhang is megsz\u00f3lal, amit \u00fagy terveztek, hogy az elektromos motor jellegzetes s\u00edpol\u00e1s\u00e1t id\u00e9zze.<\/p>\n<p>Ez azonban sem l\u00e1tv\u00e1nyban, sem hangz\u00e1sban nem k\u00f6zel\u00edti meg azt a szintet, amit p\u00e9ld\u00e1ul a Hyundai Ioniq 5 N produk\u00e1l, \u00e9s nem is igaz\u00e1n n\u00f6veli az \u00e9lm\u00e9nyt dinamikusabb vezet\u00e9sn\u00e9l. A regenerat\u00edv f\u00e9kez\u00e9s t\u00f6bb fokozatban is \u00e1ll\u00edthat\u00f3 \u2013 a v\u00e1lasztott menetm\u00f3dt\u00f3l, a D vagy B \u00e1ll\u00e1s haszn\u00e1lat\u00e1t\u00f3l, illetve az e-Pedal bekapcsol\u00e1s\u00e1t\u00f3l f\u00fcgg\u0151en \u2013, de egyik be\u00e1ll\u00edt\u00e1s sem k\u00edn\u00e1l igazi szabadon gurul\u00e1st vagy teljes \u00e9rt\u00e9k\u0171 egyped\u00e1los vezet\u00e9st.<\/p>\n<p>A 56\u202f630 fontos \u00e1ron k\u00edn\u00e1lt Ariya Nismo (amelyhez semmilyen extra nem v\u00e1laszthat\u00f3) k\u00f6zvetlen\u00fcl a Volkswagen-csoport sportos elektromos modelljeivel versenyez, \u00e9s t\u00f6bb friss\u00edt\u00e9st is kapott annak \u00e9rdek\u00e9ben, hogy k\u00fcl\u00f6nlegesebb legyen, mint az alapmodell.<\/p>\n","protected":false},"excerpt":{"rendered":"<p>Krausz G\u00e1bor a napokban ism\u00e9t tetov\u00e1l\u00f3szalonban j\u00e1rt, amit Instagram-sztorij\u00e1ban is megosztott k\u00f6vet\u0151ivel. Nem ez az els\u0151 alkalom, hogy \u00faj tetov\u00e1l\u00e1st&#8230; <span class=\"gridview-grid-post-read-more\"><a href=\"https:\/\/online-filmkatarzis.com\/kucko\/hirek\/itt-az-ujabb-krausz-botrany\/\">read more<span class=\"gridview-sr-only\"> Itt az \u00fajabb Krausz BOTR\u00c1NY!<\/span><\/a><\/span><\/p>\n","protected":false},"author":1,"featured_media":4235,"comment_status":"open","ping_status":"open","sticky":false,"template":"","format":"standard","meta":{"footnotes":""},"categories":[1],"tags":[],"class_list":["post-4234","post","type-post","status-publish","format-standard","has-post-thumbnail","hentry","category-egyeb","wpcat-1-id"],"_links":{"self":[{"href":"https:\/\/online-filmkatarzis.com\/kucko\/hirek\/wp-json\/wp\/v2\/posts\/4234","targetHints":{"allow":["GET"]}}],"collection":[{"href":"https:\/\/online-filmkatarzis.com\/kucko\/hirek\/wp-json\/wp\/v2\/posts"}],"about":[{"href":"https:\/\/online-filmkatarzis.com\/kucko\/hirek\/wp-json\/wp\/v2\/types\/post"}],"author":[{"embeddable":true,"href":"https:\/\/online-filmkatarzis.com\/kucko\/hirek\/wp-json\/wp\/v2\/users\/1"}],"replies":[{"embeddable":true,"href":"https:\/\/online-filmkatarzis.com\/kucko\/hirek\/wp-json\/wp\/v2\/comments?post=4234"}],"version-history":[{"count":1,"href":"https:\/\/online-filmkatarzis.com\/kucko\/hirek\/wp-json\/wp\/v2\/posts\/4234\/revisions"}],"predecessor-version":[{"id":4236,"href":"https:\/\/online-filmkatarzis.com\/kucko\/hirek\/wp-json\/wp\/v2\/posts\/4234\/revisions\/4236"}],"wp:featuredmedia":[{"embeddable":true,"href":"https:\/\/online-filmkatarzis.com\/kucko\/hirek\/wp-json\/wp\/v2\/media\/4235"}],"wp:attachment":[{"href":"https:\/\/online-filmkatarzis.com\/kucko\/hirek\/wp-json\/wp\/v2\/media?parent=4234"}],"wp:term":[{"taxonomy":"category","embeddable":true,"href":"https:\/\/online-filmkatarzis.com\/kucko\/hirek\/wp-json\/wp\/v2\/categories?post=4234"},{"taxonomy":"post_tag","embeddable":true,"href":"https:\/\/online-filmkatarzis.com\/kucko\/hirek\/wp-json\/wp\/v2\/tags?post=4234"}],"curies":[{"name":"wp","href":"https:\/\/api.w.org\/{rel}","templated":true}]}}