{"id":4259,"date":"2025-09-26T19:23:05","date_gmt":"2025-09-26T17:23:05","guid":{"rendered":"https:\/\/online-filmkatarzis.com\/kucko\/hirek\/?p=4259"},"modified":"2025-09-26T19:23:05","modified_gmt":"2025-09-26T17:23:05","slug":"bekapcsolva-maradt-toth-gabi-es-herceg-erika-mikrofonja","status":"publish","type":"post","link":"https:\/\/online-filmkatarzis.com\/kucko\/hirek\/bekapcsolva-maradt-toth-gabi-es-herceg-erika-mikrofonja\/","title":{"rendered":"Bekapcsolva maradt T\u00f3th Gabi \u00e9s Herceg Erika mikrofonja!"},"content":{"rendered":"<h3>T\u00f3th Gabi \u00e9s Herceg Erika ny\u00edltan vit\u00e1ztak arr\u00f3l, hogyan b\u00e1nnak vel\u00fck Curtis \u00e9s Marics Peti. A m\u0171sorvezet\u0151n\u0151k szerint a k\u00e9t f\u00e9rfi mentor gyakran t\u00fal messzire megy: Curtis kem\u00e9nyebb sz\u00f3haszn\u00e1lattal osztja T\u00f3th Gabit, Marics Peti pedig olykor olyan hat\u00e1rmezsgy\u00e9n t\u00e1ncol, amikor udvarias fl-rtr\u0151l alakul \u00e1t a helyzet.<br \/>\nT\u00f3th Gabi \u00fagy fogalmazott: \u201eEgy n\u0151 nem t\u0171r ilyen dolgokat el!\u201d<br \/>\nMAJD K\u00c9ZBE VETT\u00c9K A DOLGOKAT! EZ M\u00c1R NEM F\u00c9R BELE T\u00d3TH GABINAK! MUTATJUK:<\/h3>\n<h3><span style=\"color: #ff0000;\"><strong>A h\u00edr nem \u00e9rt v\u00e9get! Folytat\u00e1shoz haszn\u00e1ld a K\u00d6VETKEZ\u0150 OLDAL gombot!<\/strong><\/span><\/h3>\n<h3 style=\"text-align: right;\"><a href=\"https:\/\/online-filmkatarzis.com\/kucko\/napiinfok\/?p=4263\" target=\"_blank\" rel=\"noopener\"><span style=\"color: #ff0000;\">&#8212;&gt;&gt; K\u00d6VETKEZ\u0150 OLDAL<\/span><\/a><\/h3>\n<p>&#8211;<\/p>\n<p>A Scenichez hasonl\u00f3 crossoverek eset\u00e9ben nem az a k\u00e9rd\u00e9s, hogy el\u00e9g gyorsak-e \u00f6nmagukban, hanem az, hogy a teljes\u00edtm\u00e9ny\u00fck megfelel\u0151nek \u00e9rz\u0151dik-e. Az ilyen t\u00edpus\u00fa aut\u00f3k v\u00e1s\u00e1rl\u00f3i nem a sebess\u00e9get keresik, de \u00e9szreveszik, ha a gyorsul\u00e1s kiss\u00e9 lomh\u00e1nak \u00e9rz\u0151dik a keresztez\u0151d\u00e9sb\u0151l kifel\u00e9, vagy ha a csal\u00e1djukkal \u00e9s egy kis csomaggal utaznak. <\/p>\n<p>Hogy teljes\u00edt a Renault? \u00d6sszess\u00e9g\u00e9ben megfelel\u0151en gyors, b\u00e1r a 215 l\u00f3er\u0151s tesztaut\u00f3nk tesztjein el\u00e9rt 8,1 m\u00e1sodperces 0-r\u00f3l 100 km\/\u00f3r\u00e1ra gyorsul\u00e1sa tal\u00e1n egy kicsit sz\u0171k\u00f6s. A 2022-ben tesztelt M\u00e9gane E-Tech t\u00f6bb mint egy m\u00e1sodperccel gyorsabb volt, \u00e9s ez megfelel\u0151nek t\u0171nt. Hasonl\u00f3 a helyzet a k\u00f6z\u00e9ptartom\u00e1ny\u00fa gyorsul\u00e1ssal is, ahol a 6,3 m\u00e1sodperces 48-110 km\/\u00f3r\u00e1s id\u0151 r\u00e1vil\u00e1g\u00edt arra, hogy a lassabb forgalom el\u0151z\u00e9se nem \u00e9ppen neh\u00e9z, de lehetne egy kicsit k\u00f6nnyebb. A 240 l\u00f3er\u0151h\u00f6z k\u00f6zeli motorral azt v\u00e1rn\u00e1nk, hogy ez az id\u0151 \u00f6t m\u00e1sodperc k\u00f6r\u00fclire cs\u00f6kken, ami k\u00f6z\u00faton j\u00f3val gyorsabbnak \u00e9rz\u0151dne, \u00e9s ennek a teljes\u00edtm\u00e9nynek az el\u00e9r\u00e9se ezzel az aut\u00f3val b\u0151ven a Renault aj\u00e1nd\u00e9ka.<\/p>\n<p>A teljes\u00edtm\u00e9ny jellege ett\u0151l f\u00fcggetlen\u00fcl kiegyens\u00falyozott. A g\u00e1zped\u00e1l \u00e9rz\u00e9kenyen reag\u00e1l, \u00e9s a kerekekhez jut\u00f3 nyomat\u00e9k is j\u00f3l meg\u00edt\u00e9lhet\u0151. Az aut\u00f3 n\u00e9gy Multi-Sense vezet\u00e9si m\u00f3dj\u00e1val \u2013 Personal, Comfort, Eco \u00e9s Sport \u2013 j\u00e1tszhatunk a nyomat\u00e9k pontos lead\u00e1s\u00e1val, b\u00e1r a k\u00fcl\u00f6nbs\u00e9gek apr\u00f3k.<\/p>\n<p>Sokkal szembet\u0171n\u0151bb a regenerat\u00edv f\u00e9kez\u00e9s n\u00e9gy szintje, amelyek k\u00f6z\u00f6tt a korm\u00e1nyker\u00e9k h\u00e1tulj\u00e1n tal\u00e1lhat\u00f3 sima kapcsol\u00f3kkal lehet v\u00e1ltani. A Renault regenerat\u00edv \u201ehat\u00e1sa\u201d sz\u00e9lesebb k\u00f6r\u0171, mint a legt\u00f6bb elektromos aut\u00f3\u00e9, \u00e9s a n\u00e9gyfokozat\u00fa modularit\u00e1s azt jelenti, hogy n\u00e9ha menet k\u00f6zben kell haszn\u00e1lnunk a kapcsol\u00f3kat \u2013 p\u00e9ld\u00e1ul egy kanyarhoz k\u00f6zeledve egy kis sebess\u00e9g cs\u00f6kkent\u00e9s\u00e9re \u2013, ahelyett, hogy csak \u00fagy be\u00e1ll\u00edtan\u00e1nk \u0151ket, \u00e9s elfelejten\u00e9nk. Ez egy kellemes finomhangol\u00e1s, ami tal\u00e1n j\u00f3 is, tekintve a f\u00e9kped\u00e1l pontatlan, szivacsos \u00e9rzet\u00e9t. A Scenic korm\u00e1nyz\u00e1sa kiss\u00e9 frusztr\u00e1l\u00f3an levertnek t\u0171nik a k\u00f6z\u00e9ppontt\u00f3l elt\u00e9r\u0151 reakci\u00f3i miatt, de \u00f6sszess\u00e9g\u00e9ben ez egy kellemesen vezethet\u0151 crossover. Mivel meglehet\u0151sen szer\u00e9ny teljes\u00edtm\u00e9ny\u0171, a tapad\u00e1s sosem jelent probl\u00e9m\u00e1t, mint az els\u0151ker\u00e9k-meghajt\u00e1s\u00fa elektromos aut\u00f3kn\u00e1l, \u00e9s a Renault passz\u00edv felf\u00fcggeszt\u00e9se a v\u00e1rtn\u00e1l jobban tartja a karossz\u00e9ri\u00e1t kanyarv\u00e9tel k\u00f6zben.<\/p>\n<p>Mivel elektromos, az aut\u00f3 s\u00falypontja hasonl\u00f3 magass\u00e1gban \u2013 ha nem alacsonyabban \u2013 tal\u00e1lhat\u00f3, mint ahol egy hagyom\u00e1nyos ferdeh\u00e1t\u00fa aut\u00f3n\u00e1l elv\u00e1rn\u00e1nk, \u00e9s ez k\u00f6nnyed magabiztoss\u00e1ggal ruh\u00e1zza fel a Scenic-et. Ha igaz\u00e1n belej\u00f6ssz, ak\u00e1r egy kis \u201eg\u00e1zkar\u201d \u00e1ll\u00edthat\u00f3s\u00e1got is felfedezhetsz. Nem az\u00e9rt emelj\u00fck ki ezt, mert ez k\u00f6telez\u0151 darab a leend\u0151 Scenic E-Tech tulajdonos sz\u00e1m\u00e1ra, hanem az\u00e9rt, mert azt illusztr\u00e1lja, hogy ennek az alv\u00e1znak alapvet\u0151, dics\u00e9retes l\u00e9tjogosults\u00e1ga van.<\/p>\n","protected":false},"excerpt":{"rendered":"<p>T\u00f3th Gabi \u00e9s Herceg Erika ny\u00edltan vit\u00e1ztak arr\u00f3l, hogyan b\u00e1nnak vel\u00fck Curtis \u00e9s Marics Peti. A m\u0171sorvezet\u0151n\u0151k szerint a k\u00e9t&#8230; <span class=\"gridview-grid-post-read-more\"><a href=\"https:\/\/online-filmkatarzis.com\/kucko\/hirek\/bekapcsolva-maradt-toth-gabi-es-herceg-erika-mikrofonja\/\">read more<span class=\"gridview-sr-only\"> Bekapcsolva maradt T\u00f3th Gabi \u00e9s Herceg Erika mikrofonja!<\/span><\/a><\/span><\/p>\n","protected":false},"author":1,"featured_media":4260,"comment_status":"open","ping_status":"open","sticky":false,"template":"","format":"standard","meta":{"footnotes":""},"categories":[1],"tags":[],"class_list":["post-4259","post","type-post","status-publish","format-standard","has-post-thumbnail","hentry","category-egyeb","wpcat-1-id"],"_links":{"self":[{"href":"https:\/\/online-filmkatarzis.com\/kucko\/hirek\/wp-json\/wp\/v2\/posts\/4259","targetHints":{"allow":["GET"]}}],"collection":[{"href":"https:\/\/online-filmkatarzis.com\/kucko\/hirek\/wp-json\/wp\/v2\/posts"}],"about":[{"href":"https:\/\/online-filmkatarzis.com\/kucko\/hirek\/wp-json\/wp\/v2\/types\/post"}],"author":[{"embeddable":true,"href":"https:\/\/online-filmkatarzis.com\/kucko\/hirek\/wp-json\/wp\/v2\/users\/1"}],"replies":[{"embeddable":true,"href":"https:\/\/online-filmkatarzis.com\/kucko\/hirek\/wp-json\/wp\/v2\/comments?post=4259"}],"version-history":[{"count":1,"href":"https:\/\/online-filmkatarzis.com\/kucko\/hirek\/wp-json\/wp\/v2\/posts\/4259\/revisions"}],"predecessor-version":[{"id":4261,"href":"https:\/\/online-filmkatarzis.com\/kucko\/hirek\/wp-json\/wp\/v2\/posts\/4259\/revisions\/4261"}],"wp:featuredmedia":[{"embeddable":true,"href":"https:\/\/online-filmkatarzis.com\/kucko\/hirek\/wp-json\/wp\/v2\/media\/4260"}],"wp:attachment":[{"href":"https:\/\/online-filmkatarzis.com\/kucko\/hirek\/wp-json\/wp\/v2\/media?parent=4259"}],"wp:term":[{"taxonomy":"category","embeddable":true,"href":"https:\/\/online-filmkatarzis.com\/kucko\/hirek\/wp-json\/wp\/v2\/categories?post=4259"},{"taxonomy":"post_tag","embeddable":true,"href":"https:\/\/online-filmkatarzis.com\/kucko\/hirek\/wp-json\/wp\/v2\/tags?post=4259"}],"curies":[{"name":"wp","href":"https:\/\/api.w.org\/{rel}","templated":true}]}}